{"id":19840,"date":"2023-03-17T14:41:55","date_gmt":"2023-03-17T17:41:55","guid":{"rendered":"https:\/\/www.ejercito.mil.uy\/?p=19840"},"modified":"2023-03-29T12:29:45","modified_gmt":"2023-03-29T15:29:45","slug":"34-curso-de-jefe-y-sgto-de-seccion-mecanizada-y-blindada","status":"publish","type":"post","link":"https:\/\/www.ejercito.mil.uy\/index.php\/2023\/03\/17\/34-curso-de-jefe-y-sgto-de-seccion-mecanizada-y-blindada\/","title":{"rendered":"34\u00b0 Curso de Jefe y Sgto. de Secci\u00f3n Mecanizada y Blindada"},"content":{"rendered":"\n<p class=\"has-small-font-size\">17.03.2023 &#8211; Durazno <\/p>\n\n\n\n<div style=\"height:50px\" aria-hidden=\"true\" class=\"wp-block-spacer\"><\/div>\n\n\n\n<p class=\"has-white-color has-text-color has-background\" style=\"background-color:#4d8d76\">La semana pasada, comenz\u00f3 el \ud835\udfd1\ud835\udfd2\u00b0 \ud835\udc02\ud835\udc2e\ud835\udc2b\ud835\udc2c\ud835\udc28 \ud835\udc1d\ud835\udc1e \ud835\udc09\ud835\udc1e\ud835\udc1f\ud835\udc1e \ud835\udc32 \ud835\udc12\ud835\udc20\ud835\udc2d\ud835\udc28. \ud835\udc1d\ud835\udc1e \ud835\udc12\ud835\udc1e\ud835\udc1c\ud835\udc1c\ud835\udc22\ud835\udc28\u0301\ud835\udc27 \ud835\udc1d\ud835\udc1e \ud835\udc08\ud835\udc27\ud835\udc1f\ud835\udc1a\ud835\udc27\ud835\udc2d\ud835\udc1e\ud835\udc2b\ud835\udc22\u0301\ud835\udc1a \ud835\udc0c\ud835\udc1e\ud835\udc1c\ud835\udc1a\ud835\udc27\ud835\udc22\ud835\udc33\ud835\udc1a\ud835\udc1d\ud835\udc1a \ud835\udc32 \ud835\udc01\ud835\udc25\ud835\udc22\ud835\udc27\ud835\udc1d\ud835\udc1a\ud835\udc1d\ud835\udc1a en el Batall\u00f3n de Infanter\u00eda Blindado N\u00ba 13 (Durazno), acorde al calendario de cursos del Centro de Instrucci\u00f3n de Infanter\u00eda.<\/p>\n\n\n\n<div style=\"height:50px\" aria-hidden=\"true\" class=\"wp-block-spacer\"><\/div>\n\n\n\n<p><br>Felicitamos a los 22 alumnos, que superaron con \u00e9xito las pruebas de ingreso: evaluaciones te\u00f3ricas de t\u00e1ctica y t\u00e9cnica, orientaci\u00f3n y lectura de cartas, comunicaciones y test de aptitud f\u00edsica.<\/p>\n\n\n\n<div style=\"height:50px\" aria-hidden=\"true\" class=\"wp-block-spacer\"><\/div>\n\n\n\n<div aria-label=\"Carousel Gallery\" class=\"wp-block-coblocks-gallery-carousel\"><div class=\"coblocks-gallery-carousel-swiper-container is-cropped coblocks-gallery has-no-alignment has-caption-style-dark has-no-thumbnails\"><div class=\"has-carousel has-carousel-xlrg swiper-container\" data-swiper=\"{&quot;alignCells&quot;:false,&quot;autoPlay&quot;:true,&quot;autoPlaySpeed&quot;:&quot;5000&quot;,&quot;draggable&quot;:true,&quot;freeScroll&quot;:false,&quot;loop&quot;:true,&quot;navigation&quot;:true,&quot;pageDots&quot;:false,&quot;pauseHover&quot;:false,&quot;responsiveHeight&quot;:false,&quot;slidesPerView&quot;:1,&quot;thumbnails&quot;:false,&quot;uuid&quot;:&quot;12345&quot;}\" id=\"12345\" style=\"height:550px\"><div class=\"swiper-wrapper\"><div class=\"swiper-slide\"><div class=\"coblocks-gallery--item\" role=\"button\" tabindex=\"0\"><figure class=\"coblocks-gallery--figure\"><img fetchpriority=\"high\" decoding=\"async\" width=\"1024\" height=\"683\" alt=\"\" class=\"wp-image-19843\" data-id=\"19843\" data-link=\"https:\/\/www.ejercito.mil.uy\/?attachment_id=19843\" src=\"https:\/\/www.ejercito.mil.uy\/wp-content\/uploads\/2023\/03\/34\u00b0-Curso-de-Jefe-y-Sgto.-de-Seccion-Mecanizada-y-Blindada-8-1024x683.jpg\" srcset=\"https:\/\/www.ejercito.mil.uy\/wp-content\/uploads\/2023\/03\/34\u00b0-Curso-de-Jefe-y-Sgto.-de-Seccion-Mecanizada-y-Blindada-8-1024x683.jpg 1024w, https:\/\/www.ejercito.mil.uy\/wp-content\/uploads\/2023\/03\/34\u00b0-Curso-de-Jefe-y-Sgto.-de-Seccion-Mecanizada-y-Blindada-8-300x200.jpg 300w, https:\/\/www.ejercito.mil.uy\/wp-content\/uploads\/2023\/03\/34\u00b0-Curso-de-Jefe-y-Sgto.-de-Seccion-Mecanizada-y-Blindada-8.jpg 1200w\" sizes=\"(max-width: 1024px) 100vw, 1024px\" \/><\/figure><figcaption class=\"coblocks-gallery--caption coblocks-gallery--primary-caption\"><\/figcaption><\/div><\/div><div class=\"swiper-slide\"><div class=\"coblocks-gallery--item\" role=\"button\" tabindex=\"1\"><figure class=\"coblocks-gallery--figure\"><img decoding=\"async\" width=\"1024\" height=\"683\" alt=\"\" class=\"wp-image-19842\" data-id=\"19842\" data-link=\"https:\/\/www.ejercito.mil.uy\/?attachment_id=19842\" src=\"https:\/\/www.ejercito.mil.uy\/wp-content\/uploads\/2023\/03\/34\u00b0-Curso-de-Jefe-y-Sgto.-de-Seccion-Mecanizada-y-Blindada-10-1024x683.jpg\" srcset=\"https:\/\/www.ejercito.mil.uy\/wp-content\/uploads\/2023\/03\/34\u00b0-Curso-de-Jefe-y-Sgto.-de-Seccion-Mecanizada-y-Blindada-10-1024x683.jpg 1024w, https:\/\/www.ejercito.mil.uy\/wp-content\/uploads\/2023\/03\/34\u00b0-Curso-de-Jefe-y-Sgto.-de-Seccion-Mecanizada-y-Blindada-10-300x200.jpg 300w, https:\/\/www.ejercito.mil.uy\/wp-content\/uploads\/2023\/03\/34\u00b0-Curso-de-Jefe-y-Sgto.-de-Seccion-Mecanizada-y-Blindada-10.jpg 1200w\" sizes=\"(max-width: 1024px) 100vw, 1024px\" \/><\/figure><figcaption class=\"coblocks-gallery--caption coblocks-gallery--primary-caption\"><\/figcaption><\/div><\/div><div class=\"swiper-slide\"><div class=\"coblocks-gallery--item\" role=\"button\" tabindex=\"2\"><figure class=\"coblocks-gallery--figure\"><img decoding=\"async\" width=\"1024\" height=\"683\" alt=\"\" class=\"wp-image-19853\" data-id=\"19853\" data-link=\"https:\/\/www.ejercito.mil.uy\/?attachment_id=19853\" src=\"https:\/\/www.ejercito.mil.uy\/wp-content\/uploads\/2023\/03\/34\u00b0-Curso-de-Jefe-y-Sgto.-de-Seccion-Mecanizada-y-Blindada--1024x683.jpg\" srcset=\"https:\/\/www.ejercito.mil.uy\/wp-content\/uploads\/2023\/03\/34\u00b0-Curso-de-Jefe-y-Sgto.-de-Seccion-Mecanizada-y-Blindada--1024x683.jpg 1024w, https:\/\/www.ejercito.mil.uy\/wp-content\/uploads\/2023\/03\/34\u00b0-Curso-de-Jefe-y-Sgto.-de-Seccion-Mecanizada-y-Blindada--300x200.jpg 300w, https:\/\/www.ejercito.mil.uy\/wp-content\/uploads\/2023\/03\/34\u00b0-Curso-de-Jefe-y-Sgto.-de-Seccion-Mecanizada-y-Blindada-.jpg 1200w\" sizes=\"(max-width: 1024px) 100vw, 1024px\" \/><\/figure><figcaption class=\"coblocks-gallery--caption coblocks-gallery--primary-caption\"><\/figcaption><\/div><\/div><\/div><button class=\"nav-button__prev\" id=\"12345-prev\"><svg class=\"icon\" style=\"transform:rotate(180deg)\"><\/svg><\/button><button class=\"nav-button__next\" id=\"12345-next\"><svg class=\"icon\"><\/svg><\/button><\/div><\/div><\/div>\n\n\n\n<div style=\"height:50px\" aria-hidden=\"true\" class=\"wp-block-spacer\"><\/div>\n\n\n\n<p><br>Actualmente, los efectivos reciben clases te\u00f3ricas para luego aplicar los conocimientos en actividades de campa\u00f1a, siendo la primera del curso, la campa\u00f1a de \u00abHabilidades B\u00e1sicas\u00bb.<\/p>\n\n\n\n<div style=\"height:50px\" aria-hidden=\"true\" class=\"wp-block-spacer\"><\/div>\n\n\n\n<div aria-label=\"Carousel Gallery\" class=\"wp-block-coblocks-gallery-carousel\"><div class=\"coblocks-gallery-carousel-swiper-container is-cropped coblocks-gallery has-no-alignment has-caption-style-dark has-no-thumbnails\"><div class=\"has-carousel has-carousel-xlrg swiper-container\" data-swiper=\"{&quot;alignCells&quot;:false,&quot;autoPlay&quot;:false,&quot;autoPlaySpeed&quot;:3000,&quot;draggable&quot;:true,&quot;freeScroll&quot;:false,&quot;loop&quot;:false,&quot;navigation&quot;:true,&quot;pageDots&quot;:false,&quot;pauseHover&quot;:false,&quot;responsiveHeight&quot;:false,&quot;slidesPerView&quot;:1,&quot;thumbnails&quot;:false,&quot;uuid&quot;:&quot;12345&quot;}\" id=\"12345\" style=\"height:550px\"><div class=\"swiper-wrapper\"><div class=\"swiper-slide\"><div class=\"coblocks-gallery--item\" role=\"button\" tabindex=\"0\"><figure class=\"coblocks-gallery--figure\"><img loading=\"lazy\" decoding=\"async\" width=\"1024\" height=\"683\" alt=\"\" class=\"wp-image-19852\" data-id=\"19852\" data-link=\"https:\/\/www.ejercito.mil.uy\/?attachment_id=19852\" src=\"https:\/\/www.ejercito.mil.uy\/wp-content\/uploads\/2023\/03\/34\u00b0-Curso-de-Jefe-y-Sgto.-de-Seccion-Mecanizada-y-Blindada-13-1024x683.jpg\" srcset=\"https:\/\/www.ejercito.mil.uy\/wp-content\/uploads\/2023\/03\/34\u00b0-Curso-de-Jefe-y-Sgto.-de-Seccion-Mecanizada-y-Blindada-13-1024x683.jpg 1024w, https:\/\/www.ejercito.mil.uy\/wp-content\/uploads\/2023\/03\/34\u00b0-Curso-de-Jefe-y-Sgto.-de-Seccion-Mecanizada-y-Blindada-13-300x200.jpg 300w, https:\/\/www.ejercito.mil.uy\/wp-content\/uploads\/2023\/03\/34\u00b0-Curso-de-Jefe-y-Sgto.-de-Seccion-Mecanizada-y-Blindada-13.jpg 1200w\" sizes=\"(max-width: 1024px) 100vw, 1024px\" \/><\/figure><figcaption class=\"coblocks-gallery--caption coblocks-gallery--primary-caption\"><\/figcaption><\/div><\/div><div class=\"swiper-slide\"><div class=\"coblocks-gallery--item\" role=\"button\" tabindex=\"1\"><figure class=\"coblocks-gallery--figure\"><img loading=\"lazy\" decoding=\"async\" width=\"1024\" height=\"683\" alt=\"\" class=\"wp-image-19849\" data-id=\"19849\" data-link=\"https:\/\/www.ejercito.mil.uy\/?attachment_id=19849\" src=\"https:\/\/www.ejercito.mil.uy\/wp-content\/uploads\/2023\/03\/34\u00b0-Curso-de-Jefe-y-Sgto.-de-Seccion-Mecanizada-y-Blindada-7-1024x683.jpg\" srcset=\"https:\/\/www.ejercito.mil.uy\/wp-content\/uploads\/2023\/03\/34\u00b0-Curso-de-Jefe-y-Sgto.-de-Seccion-Mecanizada-y-Blindada-7-1024x683.jpg 1024w, https:\/\/www.ejercito.mil.uy\/wp-content\/uploads\/2023\/03\/34\u00b0-Curso-de-Jefe-y-Sgto.-de-Seccion-Mecanizada-y-Blindada-7-300x200.jpg 300w, https:\/\/www.ejercito.mil.uy\/wp-content\/uploads\/2023\/03\/34\u00b0-Curso-de-Jefe-y-Sgto.-de-Seccion-Mecanizada-y-Blindada-7.jpg 1200w\" sizes=\"(max-width: 1024px) 100vw, 1024px\" \/><\/figure><figcaption class=\"coblocks-gallery--caption coblocks-gallery--primary-caption\"><\/figcaption><\/div><\/div><div class=\"swiper-slide\"><div class=\"coblocks-gallery--item\" role=\"button\" tabindex=\"2\"><figure class=\"coblocks-gallery--figure\"><img loading=\"lazy\" decoding=\"async\" width=\"1024\" height=\"683\" alt=\"\" class=\"wp-image-19850\" data-id=\"19850\" data-link=\"https:\/\/www.ejercito.mil.uy\/?attachment_id=19850\" src=\"https:\/\/www.ejercito.mil.uy\/wp-content\/uploads\/2023\/03\/34\u00b0-Curso-de-Jefe-y-Sgto.-de-Seccion-Mecanizada-y-Blindada-11-1024x683.jpg\" srcset=\"https:\/\/www.ejercito.mil.uy\/wp-content\/uploads\/2023\/03\/34\u00b0-Curso-de-Jefe-y-Sgto.-de-Seccion-Mecanizada-y-Blindada-11-1024x683.jpg 1024w, https:\/\/www.ejercito.mil.uy\/wp-content\/uploads\/2023\/03\/34\u00b0-Curso-de-Jefe-y-Sgto.-de-Seccion-Mecanizada-y-Blindada-11-300x200.jpg 300w, https:\/\/www.ejercito.mil.uy\/wp-content\/uploads\/2023\/03\/34\u00b0-Curso-de-Jefe-y-Sgto.-de-Seccion-Mecanizada-y-Blindada-11.jpg 1200w\" sizes=\"(max-width: 1024px) 100vw, 1024px\" \/><\/figure><figcaption class=\"coblocks-gallery--caption coblocks-gallery--primary-caption\"><\/figcaption><\/div><\/div><div class=\"swiper-slide\"><div class=\"coblocks-gallery--item\" role=\"button\" tabindex=\"3\"><figure class=\"coblocks-gallery--figure\"><img loading=\"lazy\" decoding=\"async\" width=\"1024\" height=\"683\" alt=\"\" class=\"wp-image-19844\" data-id=\"19844\" data-link=\"https:\/\/www.ejercito.mil.uy\/?attachment_id=19844\" src=\"https:\/\/www.ejercito.mil.uy\/wp-content\/uploads\/2023\/03\/34\u00b0-Curso-de-Jefe-y-Sgto.-de-Seccion-Mecanizada-y-Blindada-14-1024x683.jpg\" srcset=\"https:\/\/www.ejercito.mil.uy\/wp-content\/uploads\/2023\/03\/34\u00b0-Curso-de-Jefe-y-Sgto.-de-Seccion-Mecanizada-y-Blindada-14-1024x683.jpg 1024w, https:\/\/www.ejercito.mil.uy\/wp-content\/uploads\/2023\/03\/34\u00b0-Curso-de-Jefe-y-Sgto.-de-Seccion-Mecanizada-y-Blindada-14-300x200.jpg 300w, https:\/\/www.ejercito.mil.uy\/wp-content\/uploads\/2023\/03\/34\u00b0-Curso-de-Jefe-y-Sgto.-de-Seccion-Mecanizada-y-Blindada-14.jpg 1200w\" sizes=\"(max-width: 1024px) 100vw, 1024px\" \/><\/figure><figcaption class=\"coblocks-gallery--caption coblocks-gallery--primary-caption\"><\/figcaption><\/div><\/div><div class=\"swiper-slide\"><div class=\"coblocks-gallery--item\" role=\"button\" tabindex=\"4\"><figure class=\"coblocks-gallery--figure\"><img loading=\"lazy\" decoding=\"async\" width=\"1024\" height=\"683\" alt=\"\" class=\"wp-image-19848\" data-id=\"19848\" data-link=\"https:\/\/www.ejercito.mil.uy\/?attachment_id=19848\" src=\"https:\/\/www.ejercito.mil.uy\/wp-content\/uploads\/2023\/03\/34\u00b0-Curso-de-Jefe-y-Sgto.-de-Seccion-Mecanizada-y-Blindada-5-1024x683.jpg\" srcset=\"https:\/\/www.ejercito.mil.uy\/wp-content\/uploads\/2023\/03\/34\u00b0-Curso-de-Jefe-y-Sgto.-de-Seccion-Mecanizada-y-Blindada-5-1024x683.jpg 1024w, https:\/\/www.ejercito.mil.uy\/wp-content\/uploads\/2023\/03\/34\u00b0-Curso-de-Jefe-y-Sgto.-de-Seccion-Mecanizada-y-Blindada-5-300x200.jpg 300w, https:\/\/www.ejercito.mil.uy\/wp-content\/uploads\/2023\/03\/34\u00b0-Curso-de-Jefe-y-Sgto.-de-Seccion-Mecanizada-y-Blindada-5.jpg 1200w\" sizes=\"(max-width: 1024px) 100vw, 1024px\" \/><\/figure><figcaption class=\"coblocks-gallery--caption coblocks-gallery--primary-caption\"><\/figcaption><\/div><\/div><div class=\"swiper-slide\"><div class=\"coblocks-gallery--item\" role=\"button\" tabindex=\"5\"><figure class=\"coblocks-gallery--figure\"><img loading=\"lazy\" decoding=\"async\" width=\"1024\" height=\"683\" alt=\"\" class=\"wp-image-19847\" data-id=\"19847\" data-link=\"https:\/\/www.ejercito.mil.uy\/?attachment_id=19847\" src=\"https:\/\/www.ejercito.mil.uy\/wp-content\/uploads\/2023\/03\/34\u00b0-Curso-de-Jefe-y-Sgto.-de-Seccion-Mecanizada-y-Blindada-4-1024x683.jpg\" srcset=\"https:\/\/www.ejercito.mil.uy\/wp-content\/uploads\/2023\/03\/34\u00b0-Curso-de-Jefe-y-Sgto.-de-Seccion-Mecanizada-y-Blindada-4-1024x683.jpg 1024w, https:\/\/www.ejercito.mil.uy\/wp-content\/uploads\/2023\/03\/34\u00b0-Curso-de-Jefe-y-Sgto.-de-Seccion-Mecanizada-y-Blindada-4-300x200.jpg 300w, https:\/\/www.ejercito.mil.uy\/wp-content\/uploads\/2023\/03\/34\u00b0-Curso-de-Jefe-y-Sgto.-de-Seccion-Mecanizada-y-Blindada-4.jpg 1200w\" sizes=\"(max-width: 1024px) 100vw, 1024px\" \/><\/figure><figcaption class=\"coblocks-gallery--caption coblocks-gallery--primary-caption\"><\/figcaption><\/div><\/div><div class=\"swiper-slide\"><div class=\"coblocks-gallery--item\" role=\"button\" tabindex=\"6\"><figure class=\"coblocks-gallery--figure\"><img loading=\"lazy\" decoding=\"async\" width=\"1024\" height=\"683\" alt=\"\" class=\"wp-image-19845\" data-id=\"19845\" data-link=\"https:\/\/www.ejercito.mil.uy\/?attachment_id=19845\" src=\"https:\/\/www.ejercito.mil.uy\/wp-content\/uploads\/2023\/03\/34\u00b0-Curso-de-Jefe-y-Sgto.-de-Seccion-Mecanizada-y-Blindada-2-1024x683.jpg\" srcset=\"https:\/\/www.ejercito.mil.uy\/wp-content\/uploads\/2023\/03\/34\u00b0-Curso-de-Jefe-y-Sgto.-de-Seccion-Mecanizada-y-Blindada-2-1024x683.jpg 1024w, https:\/\/www.ejercito.mil.uy\/wp-content\/uploads\/2023\/03\/34\u00b0-Curso-de-Jefe-y-Sgto.-de-Seccion-Mecanizada-y-Blindada-2-300x200.jpg 300w, https:\/\/www.ejercito.mil.uy\/wp-content\/uploads\/2023\/03\/34\u00b0-Curso-de-Jefe-y-Sgto.-de-Seccion-Mecanizada-y-Blindada-2.jpg 1200w\" sizes=\"(max-width: 1024px) 100vw, 1024px\" \/><\/figure><figcaption class=\"coblocks-gallery--caption coblocks-gallery--primary-caption\"><\/figcaption><\/div><\/div><div class=\"swiper-slide\"><div class=\"coblocks-gallery--item\" role=\"button\" tabindex=\"7\"><figure class=\"coblocks-gallery--figure\"><img loading=\"lazy\" decoding=\"async\" width=\"1024\" height=\"683\" alt=\"\" class=\"wp-image-19846\" data-id=\"19846\" data-link=\"https:\/\/www.ejercito.mil.uy\/?attachment_id=19846\" src=\"https:\/\/www.ejercito.mil.uy\/wp-content\/uploads\/2023\/03\/34\u00b0-Curso-de-Jefe-y-Sgto.-de-Seccion-Mecanizada-y-Blindada-3-1024x683.jpg\" srcset=\"https:\/\/www.ejercito.mil.uy\/wp-content\/uploads\/2023\/03\/34\u00b0-Curso-de-Jefe-y-Sgto.-de-Seccion-Mecanizada-y-Blindada-3-1024x683.jpg 1024w, https:\/\/www.ejercito.mil.uy\/wp-content\/uploads\/2023\/03\/34\u00b0-Curso-de-Jefe-y-Sgto.-de-Seccion-Mecanizada-y-Blindada-3-300x200.jpg 300w, https:\/\/www.ejercito.mil.uy\/wp-content\/uploads\/2023\/03\/34\u00b0-Curso-de-Jefe-y-Sgto.-de-Seccion-Mecanizada-y-Blindada-3.jpg 1200w\" sizes=\"(max-width: 1024px) 100vw, 1024px\" \/><\/figure><figcaption class=\"coblocks-gallery--caption coblocks-gallery--primary-caption\"><\/figcaption><\/div><\/div><div class=\"swiper-slide\"><div class=\"coblocks-gallery--item\" role=\"button\" tabindex=\"8\"><figure class=\"coblocks-gallery--figure\"><img loading=\"lazy\" decoding=\"async\" width=\"1024\" height=\"683\" alt=\"\" class=\"wp-image-19851\" data-id=\"19851\" data-link=\"https:\/\/www.ejercito.mil.uy\/?attachment_id=19851\" src=\"https:\/\/www.ejercito.mil.uy\/wp-content\/uploads\/2023\/03\/34\u00b0-Curso-de-Jefe-y-Sgto.-de-Seccion-Mecanizada-y-Blindada-12-1024x683.jpg\" srcset=\"https:\/\/www.ejercito.mil.uy\/wp-content\/uploads\/2023\/03\/34\u00b0-Curso-de-Jefe-y-Sgto.-de-Seccion-Mecanizada-y-Blindada-12-1024x683.jpg 1024w, https:\/\/www.ejercito.mil.uy\/wp-content\/uploads\/2023\/03\/34\u00b0-Curso-de-Jefe-y-Sgto.-de-Seccion-Mecanizada-y-Blindada-12-300x200.jpg 300w, https:\/\/www.ejercito.mil.uy\/wp-content\/uploads\/2023\/03\/34\u00b0-Curso-de-Jefe-y-Sgto.-de-Seccion-Mecanizada-y-Blindada-12.jpg 1200w\" sizes=\"(max-width: 1024px) 100vw, 1024px\" \/><\/figure><figcaption class=\"coblocks-gallery--caption coblocks-gallery--primary-caption\"><\/figcaption><\/div><\/div><\/div><button class=\"nav-button__prev\" id=\"12345-prev\"><svg class=\"icon\" style=\"transform:rotate(180deg)\"><\/svg><\/button><button class=\"nav-button__next\" id=\"12345-next\"><svg class=\"icon\"><\/svg><\/button><\/div><\/div><\/div>\n\n\n\n<div style=\"height:50px\" aria-hidden=\"true\" class=\"wp-block-spacer\"><\/div>\n\n\n\n<p><br>Este curso tiene como misi\u00f3n fundamental preparar a los Jefes y Sargentos de Secci\u00f3n en el empleo y conducci\u00f3n de tropas con medios mecanizados y blindados conjuntamente, as\u00ed como tambi\u00e9n completar la formaci\u00f3n de los l\u00edderes de tropas.<\/p>\n","protected":false},"excerpt":{"rendered":"<p>17.03.2023 &#8211; La semana pasada, comenz\u00f3 el 34\u00b0 Curso de Jefe y Sgto. de Secci\u00f3n Mecanizada y Blindada en el Batall\u00f3n de Infanter\u00eda Blindado N\u00ba 13, acorde al calendario de cursos del Centro de Instrucci\u00f3n de Infanter\u00eda.<\/p>\n","protected":false},"author":4,"featured_media":19841,"comment_status":"open","ping_status":"open","sticky":false,"template":"","format":"standard","meta":{"_coblocks_attr":"","_coblocks_dimensions":"","_coblocks_responsive_height":"","_coblocks_accordion_ie_support":"","_monsterinsights_skip_tracking":false,"_monsterinsights_sitenote_active":false,"_monsterinsights_sitenote_note":"","_monsterinsights_sitenote_category":0,"_uf_show_specific_survey":0,"_uf_disable_surveys":false,"footnotes":""},"categories":[2,14,1],"tags":[857,70,188,71,13,856],"class_list":["post-19840","post","type-post","status-publish","format-standard","has-post-thumbnail","hentry","category-blog","category-noticias","category-sin-categoria","tag-blindada","tag-curso","tag-cursos","tag-infanteria","tag-instruccion","tag-mecanizada"],"aioseo_notices":[],"_links":{"self":[{"href":"https:\/\/www.ejercito.mil.uy\/index.php\/wp-json\/wp\/v2\/posts\/19840","targetHints":{"allow":["GET"]}}],"collection":[{"href":"https:\/\/www.ejercito.mil.uy\/index.php\/wp-json\/wp\/v2\/posts"}],"about":[{"href":"https:\/\/www.ejercito.mil.uy\/index.php\/wp-json\/wp\/v2\/types\/post"}],"author":[{"embeddable":true,"href":"https:\/\/www.ejercito.mil.uy\/index.php\/wp-json\/wp\/v2\/users\/4"}],"replies":[{"embeddable":true,"href":"https:\/\/www.ejercito.mil.uy\/index.php\/wp-json\/wp\/v2\/comments?post=19840"}],"version-history":[{"count":2,"href":"https:\/\/www.ejercito.mil.uy\/index.php\/wp-json\/wp\/v2\/posts\/19840\/revisions"}],"predecessor-version":[{"id":19855,"href":"https:\/\/www.ejercito.mil.uy\/index.php\/wp-json\/wp\/v2\/posts\/19840\/revisions\/19855"}],"wp:featuredmedia":[{"embeddable":true,"href":"https:\/\/www.ejercito.mil.uy\/index.php\/wp-json\/wp\/v2\/media\/19841"}],"wp:attachment":[{"href":"https:\/\/www.ejercito.mil.uy\/index.php\/wp-json\/wp\/v2\/media?parent=19840"}],"wp:term":[{"taxonomy":"category","embeddable":true,"href":"https:\/\/www.ejercito.mil.uy\/index.php\/wp-json\/wp\/v2\/categories?post=19840"},{"taxonomy":"post_tag","embeddable":true,"href":"https:\/\/www.ejercito.mil.uy\/index.php\/wp-json\/wp\/v2\/tags?post=19840"}],"curies":[{"name":"wp","href":"https:\/\/api.w.org\/{rel}","templated":true}]}}