{"id":19967,"date":"2023-03-23T12:30:37","date_gmt":"2023-03-23T15:30:37","guid":{"rendered":"https:\/\/www.ejercito.mil.uy\/?p=19967"},"modified":"2023-04-13T16:43:20","modified_gmt":"2023-04-13T19:43:20","slug":"inscripciones-para-ocupar-cargo-de-profesor-e-instructores-en-el-imes","status":"publish","type":"post","link":"https:\/\/www.ejercito.mil.uy\/index.php\/2023\/03\/23\/inscripciones-para-ocupar-cargo-de-profesor-e-instructores-en-el-imes\/","title":{"rendered":"Inscripciones para ocupar cargo de profesor e instructores en el IMES"},"content":{"rendered":"\n<p class=\"has-small-font-size\">23.03.2023  <\/p>\n\n\n\n<div style=\"height:50px\" aria-hidden=\"true\" class=\"wp-block-spacer\"><\/div>\n\n\n\n<p class=\"has-white-color has-text-color has-background\" style=\"background-color:#2d6585\">Se encuentran abiertas las inscripciones para ocupar cargo de profesor e instructores en el Instituto Militar de Estudios Superiores (IMES).<\/p>\n\n\n\n<div style=\"height:50px\" aria-hidden=\"true\" class=\"wp-block-spacer\"><\/div>\n\n\n\n<p>La inscripci\u00f3n se realizar\u00e1 en forma digital, enviando la documentaci\u00f3n solicitada a: catadmimes@ejercito.mil.uy<\/p>\n\n\n\n<div style=\"height:50px\" aria-hidden=\"true\" class=\"wp-block-spacer\"><\/div>\n\n\n\n<p><strong>Requisitos:<\/strong> <\/p>\n\n\n\n<div style=\"height:50px\" aria-hidden=\"true\" class=\"wp-block-spacer\"><\/div>\n\n\n\n<p><span style=\"font-size: revert;color: initial\">&#8211; curr\u00edculum vitae (con constancias que avalen lo esgrimido en ese documento) <\/span><\/p>\n\n\n\n<div style=\"height:50px\" aria-hidden=\"true\" class=\"wp-block-spacer\"><\/div>\n\n\n\n<p>&#8211; fotocopia de Credencial C\u00edvica<\/p>\n\n\n\n<div style=\"height:50px\" aria-hidden=\"true\" class=\"wp-block-spacer\"><\/div>\n\n\n\n<p>&#8211; fotocopia del Carn\u00e9 de Salud vigente<\/p>\n\n\n\n<div style=\"height:50px\" aria-hidden=\"true\" class=\"wp-block-spacer\"><\/div>\n\n\n\n<p>&#8211; certificado de buena conducta<\/p>\n\n\n\n<div style=\"height:50px\" aria-hidden=\"true\" class=\"wp-block-spacer\"><\/div>\n\n\n\n<p>&#8211; certificado de no inscripci\u00f3n en el Registro Nacional de Violadores y Abusadores Sexuales o Certificado de libre de delitos sexuales<\/p>\n\n\n\n<div style=\"height:50px\" aria-hidden=\"true\" class=\"wp-block-spacer\"><\/div>\n\n\n\n<p>&#8211; fotocopia del certificado de juramento de fidelidad a la Bandera Nacional<\/p>\n\n\n\n<div style=\"height:50px\" aria-hidden=\"true\" class=\"wp-block-spacer\"><\/div>\n\n\n\n<p>Por m\u00e1s informaci\u00f3n acceder a la p\u00e1gina web: www.imes.edu.uy o comunicarse con la C\u00e1tedra de Administraci\u00f3n del IMES: 2209 4505 &#8211; int. 357.<\/p>\n\n\n\n<div style=\"height:50px\" aria-hidden=\"true\" class=\"wp-block-spacer\"><\/div>\n\n\n\n<p>&#8211; <strong>Se adjunta PDF con m\u00e1s informaci\u00f3n<\/strong><\/p>\n\n\n\n<div style=\"height:50px\" aria-hidden=\"true\" class=\"wp-block-spacer\"><\/div>\n\n\n\n<div class=\"wp-block-file\"><a href=\"https:\/\/www.ejercito.mil.uy\/wp-content\/uploads\/2023\/03\/Llamado-para-ocupar-cargo-como-profesor-e-instructores-en-el-IMES.pdf\">Llamado para ocupar cargo como profesor e instructores en el IMES<\/a><a href=\"https:\/\/www.ejercito.mil.uy\/wp-content\/uploads\/2023\/03\/Llamado-para-ocupar-cargo-como-profesor-e-instructores-en-el-IMES.pdf\" class=\"wp-block-file__button\" download>Descarga<\/a><\/div>\n","protected":false},"excerpt":{"rendered":"<p>23.03.2023 &#8211; Se encuentran abiertas las inscripciones para ocupar cargo de profesor e instructores en el Instituto Militar de Estudios Superiores (IMES).<\/p>\n","protected":false},"author":14,"featured_media":20054,"comment_status":"open","ping_status":"open","sticky":false,"template":"","format":"standard","meta":{"_coblocks_attr":"","_coblocks_dimensions":"","_coblocks_responsive_height":"","_coblocks_accordion_ie_support":"","_monsterinsights_skip_tracking":false,"_monsterinsights_sitenote_active":false,"_monsterinsights_sitenote_note":"","_monsterinsights_sitenote_category":0,"_uf_show_specific_survey":0,"_uf_disable_surveys":false,"footnotes":""},"categories":[2,14,1],"tags":[866,78,180,863,865,862,864],"class_list":["post-19967","post","type-post","status-publish","format-standard","has-post-thumbnail","hentry","category-blog","category-noticias","category-sin-categoria","tag-cargo","tag-educacion","tag-imes","tag-incripciones","tag-instructores","tag-llamado","tag-profesores"],"aioseo_notices":[],"_links":{"self":[{"href":"https:\/\/www.ejercito.mil.uy\/index.php\/wp-json\/wp\/v2\/posts\/19967","targetHints":{"allow":["GET"]}}],"collection":[{"href":"https:\/\/www.ejercito.mil.uy\/index.php\/wp-json\/wp\/v2\/posts"}],"about":[{"href":"https:\/\/www.ejercito.mil.uy\/index.php\/wp-json\/wp\/v2\/types\/post"}],"author":[{"embeddable":true,"href":"https:\/\/www.ejercito.mil.uy\/index.php\/wp-json\/wp\/v2\/users\/14"}],"replies":[{"embeddable":true,"href":"https:\/\/www.ejercito.mil.uy\/index.php\/wp-json\/wp\/v2\/comments?post=19967"}],"version-history":[{"count":7,"href":"https:\/\/www.ejercito.mil.uy\/index.php\/wp-json\/wp\/v2\/posts\/19967\/revisions"}],"predecessor-version":[{"id":19986,"href":"https:\/\/www.ejercito.mil.uy\/index.php\/wp-json\/wp\/v2\/posts\/19967\/revisions\/19986"}],"wp:featuredmedia":[{"embeddable":true,"href":"https:\/\/www.ejercito.mil.uy\/index.php\/wp-json\/wp\/v2\/media\/20054"}],"wp:attachment":[{"href":"https:\/\/www.ejercito.mil.uy\/index.php\/wp-json\/wp\/v2\/media?parent=19967"}],"wp:term":[{"taxonomy":"category","embeddable":true,"href":"https:\/\/www.ejercito.mil.uy\/index.php\/wp-json\/wp\/v2\/categories?post=19967"},{"taxonomy":"post_tag","embeddable":true,"href":"https:\/\/www.ejercito.mil.uy\/index.php\/wp-json\/wp\/v2\/tags?post=19967"}],"curies":[{"name":"wp","href":"https:\/\/api.w.org\/{rel}","templated":true}]}}