{"id":20078,"date":"2023-03-18T16:39:25","date_gmt":"2023-03-18T19:39:25","guid":{"rendered":"https:\/\/www.ejercito.mil.uy\/?p=20078"},"modified":"2023-03-29T12:28:58","modified_gmt":"2023-03-29T15:28:58","slug":"traslado-de-agua-para-mitigar-el-deficit-hidrico-en-lavalleja","status":"publish","type":"post","link":"https:\/\/www.ejercito.mil.uy\/index.php\/2023\/03\/18\/traslado-de-agua-para-mitigar-el-deficit-hidrico-en-lavalleja\/","title":{"rendered":"Traslado de agua para mitigar el def\u00edcit h\u00eddrico en Lavalleja"},"content":{"rendered":"\n<p class=\"has-small-font-size\">18.03.2023  &#8211; Lavalleja <\/p>\n\n\n\n<div style=\"height:50px\" aria-hidden=\"true\" class=\"wp-block-spacer\"><\/div>\n\n\n\n<p>En la ma\u00f1ana del 15 de marzo, en el marco de las tareas para mitigar el d\u00e9ficit h\u00eddrico, el Ej\u00e9rcito Nacional recibi\u00f3 por parte de <a rel=\"noreferrer noopener\" href=\"https:\/\/www.facebook.com\/OSEUruguay?__cft__[0]=AZUHphVQ4PB8OYUUsEik4MaHQv8izSFFrTtTc53l3GBzhqvNvDvxz_VToBxvhT9G6yheRWozwFwt-cNO-OI-v7OZz48PURFC3RCOID2KUZQt6ggMQaIbjAhp3Ok4QjYeYs3NbhrY15v-pQUr4yvbxpi-Q7cpNq3GnSZ4ad7YtvWWQChNyblyVPWHYyDLdMUOaGU&amp;__tn__=-]K-R\" target=\"_blank\">OSE<\/a> cuatro camiones cisterna con la capacidad de trasladar 30.000 litros de agua cada uno.<\/p>\n\n\n\n<div style=\"height:50px\" aria-hidden=\"true\" class=\"wp-block-spacer\"><\/div>\n\n\n\n<p>La Fuerza conducir\u00e1 el operativo de traslado de agua desde Laguna del Sauce hacia Minas. Durante la semana, personal de La Fuerza de Todos trabaj\u00f3 en tareas de limpieza en la Regi\u00f3n Gral. Cerro Arequita y Arroyo Minas Vieja, con el fin de facilitar los flujos de agua. <\/p>\n\n\n\n<div style=\"height:50px\" aria-hidden=\"true\" class=\"wp-block-spacer\"><\/div>\n\n\n\n<div aria-label=\"Carousel Gallery\" class=\"wp-block-coblocks-gallery-carousel\"><div class=\"coblocks-gallery-carousel-swiper-container is-cropped coblocks-gallery has-no-alignment has-caption-style-dark has-no-thumbnails\"><div class=\"has-carousel has-carousel-xlrg swiper-container\" data-swiper=\"{&quot;alignCells&quot;:false,&quot;autoPlay&quot;:true,&quot;autoPlaySpeed&quot;:&quot;5000&quot;,&quot;draggable&quot;:true,&quot;freeScroll&quot;:false,&quot;loop&quot;:false,&quot;navigation&quot;:true,&quot;pageDots&quot;:false,&quot;pauseHover&quot;:false,&quot;responsiveHeight&quot;:false,&quot;slidesPerView&quot;:1,&quot;thumbnails&quot;:false,&quot;uuid&quot;:&quot;12345&quot;}\" id=\"12345\" style=\"height:550px\"><div class=\"swiper-wrapper\"><div class=\"swiper-slide\"><div class=\"coblocks-gallery--item\" role=\"button\"><figure class=\"coblocks-gallery--figure\"><img fetchpriority=\"high\" decoding=\"async\" width=\"1024\" height=\"683\" alt=\"\" class=\"wp-image-20084\" data-id=\"20084\" data-link=\"https:\/\/www.ejercito.mil.uy\/?attachment_id=20084\" src=\"https:\/\/www.ejercito.mil.uy\/wp-content\/uploads\/2023\/03\/Traslado-de-agua-para-mitigar-el-deficit-hidrico-5-1024x683.jpg\" srcset=\"https:\/\/www.ejercito.mil.uy\/wp-content\/uploads\/2023\/03\/Traslado-de-agua-para-mitigar-el-deficit-hidrico-5-1024x683.jpg 1024w, https:\/\/www.ejercito.mil.uy\/wp-content\/uploads\/2023\/03\/Traslado-de-agua-para-mitigar-el-deficit-hidrico-5-300x200.jpg 300w, https:\/\/www.ejercito.mil.uy\/wp-content\/uploads\/2023\/03\/Traslado-de-agua-para-mitigar-el-deficit-hidrico-5.jpg 1200w\" sizes=\"(max-width: 1024px) 100vw, 1024px\" \/><\/figure><figcaption class=\"coblocks-gallery--caption coblocks-gallery--primary-caption\"><\/figcaption><\/div><\/div><div class=\"swiper-slide\"><div class=\"coblocks-gallery--item\" role=\"button\"><figure class=\"coblocks-gallery--figure\"><img decoding=\"async\" width=\"1024\" height=\"683\" alt=\"\" class=\"wp-image-20085\" data-id=\"20085\" data-link=\"https:\/\/www.ejercito.mil.uy\/?attachment_id=20085\" src=\"https:\/\/www.ejercito.mil.uy\/wp-content\/uploads\/2023\/03\/Traslado-de-agua-para-mitigar-el-deficit-hidrico-6-1024x683.jpg\" srcset=\"https:\/\/www.ejercito.mil.uy\/wp-content\/uploads\/2023\/03\/Traslado-de-agua-para-mitigar-el-deficit-hidrico-6-1024x683.jpg 1024w, https:\/\/www.ejercito.mil.uy\/wp-content\/uploads\/2023\/03\/Traslado-de-agua-para-mitigar-el-deficit-hidrico-6-300x200.jpg 300w, https:\/\/www.ejercito.mil.uy\/wp-content\/uploads\/2023\/03\/Traslado-de-agua-para-mitigar-el-deficit-hidrico-6.jpg 1200w\" sizes=\"(max-width: 1024px) 100vw, 1024px\" \/><\/figure><figcaption class=\"coblocks-gallery--caption coblocks-gallery--primary-caption\"><\/figcaption><\/div><\/div><div class=\"swiper-slide\"><div class=\"coblocks-gallery--item\" role=\"button\"><figure class=\"coblocks-gallery--figure\"><img decoding=\"async\" width=\"1024\" height=\"683\" alt=\"\" class=\"wp-image-20086\" data-id=\"20086\" data-link=\"https:\/\/www.ejercito.mil.uy\/?attachment_id=20086\" src=\"https:\/\/www.ejercito.mil.uy\/wp-content\/uploads\/2023\/03\/Traslado-de-agua-para-mitigar-el-deficit-hidrico-7-1024x683.jpg\" srcset=\"https:\/\/www.ejercito.mil.uy\/wp-content\/uploads\/2023\/03\/Traslado-de-agua-para-mitigar-el-deficit-hidrico-7-1024x683.jpg 1024w, https:\/\/www.ejercito.mil.uy\/wp-content\/uploads\/2023\/03\/Traslado-de-agua-para-mitigar-el-deficit-hidrico-7-300x200.jpg 300w, https:\/\/www.ejercito.mil.uy\/wp-content\/uploads\/2023\/03\/Traslado-de-agua-para-mitigar-el-deficit-hidrico-7.jpg 1200w\" sizes=\"(max-width: 1024px) 100vw, 1024px\" \/><\/figure><figcaption class=\"coblocks-gallery--caption coblocks-gallery--primary-caption\"><\/figcaption><\/div><\/div><div class=\"swiper-slide\"><div class=\"coblocks-gallery--item\" role=\"button\"><figure class=\"coblocks-gallery--figure\"><img loading=\"lazy\" decoding=\"async\" width=\"593\" height=\"395\" alt=\"\" class=\"wp-image-20087\" data-id=\"20087\" data-link=\"https:\/\/www.ejercito.mil.uy\/?attachment_id=20087\" src=\"https:\/\/www.ejercito.mil.uy\/wp-content\/uploads\/2023\/03\/Traslado-de-agua-para-mitigar-el-deficit-hidrico-8.jpg\" srcset=\"https:\/\/www.ejercito.mil.uy\/wp-content\/uploads\/2023\/03\/Traslado-de-agua-para-mitigar-el-deficit-hidrico-8.jpg 593w, https:\/\/www.ejercito.mil.uy\/wp-content\/uploads\/2023\/03\/Traslado-de-agua-para-mitigar-el-deficit-hidrico-8-300x200.jpg 300w\" sizes=\"(max-width: 593px) 100vw, 593px\" \/><\/figure><figcaption class=\"coblocks-gallery--caption coblocks-gallery--primary-caption\"><\/figcaption><\/div><\/div><\/div><button class=\"nav-button__prev\" id=\"12345-prev\"><\/button><button class=\"nav-button__next\" id=\"12345-next\"><\/button><\/div><\/div><\/div>\n\n\n\n<div style=\"height:50px\" aria-hidden=\"true\" class=\"wp-block-spacer\"><\/div>\n\n\n\n<p>El jueves 16 de marzo, nuestros efectivos se encontraban en Laguna del Sauce, para cargar los primeros 120.000 litros de agua potable con destino a la ciudad de Minas. <\/p>\n\n\n\n<div style=\"height:50px\" aria-hidden=\"true\" class=\"wp-block-spacer\"><\/div>\n\n\n\n<div aria-label=\"Carousel Gallery\" class=\"wp-block-coblocks-gallery-carousel\"><div class=\"coblocks-gallery-carousel-swiper-container is-cropped coblocks-gallery has-no-alignment has-caption-style-dark has-no-thumbnails\"><div class=\"has-carousel has-carousel-xlrg swiper-container\" data-swiper=\"{&quot;alignCells&quot;:false,&quot;autoPlay&quot;:true,&quot;autoPlaySpeed&quot;:&quot;5000&quot;,&quot;draggable&quot;:true,&quot;freeScroll&quot;:false,&quot;loop&quot;:true,&quot;navigation&quot;:true,&quot;pageDots&quot;:false,&quot;pauseHover&quot;:false,&quot;responsiveHeight&quot;:false,&quot;slidesPerView&quot;:1,&quot;thumbnails&quot;:false,&quot;uuid&quot;:&quot;12345&quot;}\" id=\"12345\" style=\"height:550px\"><div class=\"swiper-wrapper\"><div class=\"swiper-slide\"><div class=\"coblocks-gallery--item\" role=\"button\"><figure class=\"coblocks-gallery--figure\"><img loading=\"lazy\" decoding=\"async\" width=\"1024\" height=\"683\" alt=\"\" class=\"wp-image-20092\" data-id=\"20092\" data-link=\"https:\/\/www.ejercito.mil.uy\/?attachment_id=20092\" src=\"https:\/\/www.ejercito.mil.uy\/wp-content\/uploads\/2023\/03\/Traslado-de-agua-para-mitigar-el-deficit-hidrico-14-1024x683.jpg\" srcset=\"https:\/\/www.ejercito.mil.uy\/wp-content\/uploads\/2023\/03\/Traslado-de-agua-para-mitigar-el-deficit-hidrico-14-1024x683.jpg 1024w, https:\/\/www.ejercito.mil.uy\/wp-content\/uploads\/2023\/03\/Traslado-de-agua-para-mitigar-el-deficit-hidrico-14-300x200.jpg 300w, https:\/\/www.ejercito.mil.uy\/wp-content\/uploads\/2023\/03\/Traslado-de-agua-para-mitigar-el-deficit-hidrico-14.jpg 1200w\" sizes=\"(max-width: 1024px) 100vw, 1024px\" \/><\/figure><figcaption class=\"coblocks-gallery--caption coblocks-gallery--primary-caption\"><\/figcaption><\/div><\/div><div class=\"swiper-slide\"><div class=\"coblocks-gallery--item\" role=\"button\"><figure class=\"coblocks-gallery--figure\"><img loading=\"lazy\" decoding=\"async\" width=\"960\" height=\"640\" alt=\"\" class=\"wp-image-20091\" data-id=\"20091\" data-link=\"https:\/\/www.ejercito.mil.uy\/?attachment_id=20091\" src=\"https:\/\/www.ejercito.mil.uy\/wp-content\/uploads\/2023\/03\/Traslado-de-agua-para-mitigar-el-deficit-hidrico-12.jpg\" srcset=\"https:\/\/www.ejercito.mil.uy\/wp-content\/uploads\/2023\/03\/Traslado-de-agua-para-mitigar-el-deficit-hidrico-12.jpg 960w, https:\/\/www.ejercito.mil.uy\/wp-content\/uploads\/2023\/03\/Traslado-de-agua-para-mitigar-el-deficit-hidrico-12-300x200.jpg 300w\" sizes=\"(max-width: 960px) 100vw, 960px\" \/><\/figure><figcaption class=\"coblocks-gallery--caption coblocks-gallery--primary-caption\"><\/figcaption><\/div><\/div><div class=\"swiper-slide\"><div class=\"coblocks-gallery--item\" role=\"button\"><figure class=\"coblocks-gallery--figure\"><img loading=\"lazy\" decoding=\"async\" width=\"1024\" height=\"683\" alt=\"\" class=\"wp-image-20088\" data-id=\"20088\" data-link=\"https:\/\/www.ejercito.mil.uy\/?attachment_id=20088\" src=\"https:\/\/www.ejercito.mil.uy\/wp-content\/uploads\/2023\/03\/Traslado-de-agua-para-mitigar-el-deficit-hidrico-15-1024x683.jpg\" srcset=\"https:\/\/www.ejercito.mil.uy\/wp-content\/uploads\/2023\/03\/Traslado-de-agua-para-mitigar-el-deficit-hidrico-15-1024x683.jpg 1024w, https:\/\/www.ejercito.mil.uy\/wp-content\/uploads\/2023\/03\/Traslado-de-agua-para-mitigar-el-deficit-hidrico-15-300x200.jpg 300w, https:\/\/www.ejercito.mil.uy\/wp-content\/uploads\/2023\/03\/Traslado-de-agua-para-mitigar-el-deficit-hidrico-15.jpg 1200w\" sizes=\"(max-width: 1024px) 100vw, 1024px\" \/><\/figure><figcaption class=\"coblocks-gallery--caption coblocks-gallery--primary-caption\"><\/figcaption><\/div><\/div><\/div><button class=\"nav-button__prev\" id=\"12345-prev\"><\/button><button class=\"nav-button__next\" id=\"12345-next\"><\/button><\/div><\/div><\/div>\n\n\n\n<div style=\"height:50px\" aria-hidden=\"true\" class=\"wp-block-spacer\"><\/div>\n\n\n\n<p>El viernes 17 de marzo, se traslad\u00f3 150.000 litros de agua potable desde Minas hacia Sol\u00eds de Mataojo. En los d\u00edas 18 y 19 se transportaron 120.000 litros realizando el mismo recorrido.<\/p>\n\n\n\n<div style=\"height:50px\" aria-hidden=\"true\" class=\"wp-block-spacer\"><\/div>\n\n\n\n<div aria-label=\"Carousel Gallery\" class=\"wp-block-coblocks-gallery-carousel\"><div class=\"coblocks-gallery-carousel-swiper-container is-cropped coblocks-gallery has-no-alignment has-caption-style-dark has-no-thumbnails\"><div class=\"has-carousel has-carousel-xlrg swiper-container\" data-swiper=\"{&quot;alignCells&quot;:false,&quot;autoPlay&quot;:true,&quot;autoPlaySpeed&quot;:&quot;5000&quot;,&quot;draggable&quot;:true,&quot;freeScroll&quot;:false,&quot;loop&quot;:true,&quot;navigation&quot;:true,&quot;pageDots&quot;:false,&quot;pauseHover&quot;:false,&quot;responsiveHeight&quot;:false,&quot;slidesPerView&quot;:1,&quot;thumbnails&quot;:false,&quot;uuid&quot;:&quot;12345&quot;}\" id=\"12345\" style=\"height:550px\"><div class=\"swiper-wrapper\"><div class=\"swiper-slide\"><div class=\"coblocks-gallery--item\" role=\"button\"><figure class=\"coblocks-gallery--figure\"><img loading=\"lazy\" decoding=\"async\" width=\"960\" height=\"640\" alt=\"\" class=\"wp-image-20090\" data-id=\"20090\" data-link=\"https:\/\/www.ejercito.mil.uy\/?attachment_id=20090\" src=\"https:\/\/www.ejercito.mil.uy\/wp-content\/uploads\/2023\/03\/Traslado-de-agua-para-mitigar-el-deficit-hidrico-11.jpg\" srcset=\"https:\/\/www.ejercito.mil.uy\/wp-content\/uploads\/2023\/03\/Traslado-de-agua-para-mitigar-el-deficit-hidrico-11.jpg 960w, https:\/\/www.ejercito.mil.uy\/wp-content\/uploads\/2023\/03\/Traslado-de-agua-para-mitigar-el-deficit-hidrico-11-300x200.jpg 300w\" sizes=\"(max-width: 960px) 100vw, 960px\" \/><\/figure><figcaption class=\"coblocks-gallery--caption coblocks-gallery--primary-caption\"><\/figcaption><\/div><\/div><div class=\"swiper-slide\"><div class=\"coblocks-gallery--item\" role=\"button\"><figure class=\"coblocks-gallery--figure\"><img loading=\"lazy\" decoding=\"async\" width=\"960\" height=\"640\" alt=\"\" class=\"wp-image-20089\" data-id=\"20089\" data-link=\"https:\/\/www.ejercito.mil.uy\/?attachment_id=20089\" src=\"https:\/\/www.ejercito.mil.uy\/wp-content\/uploads\/2023\/03\/Traslado-de-agua-para-mitigar-el-deficit-hidrico-10.jpg\" srcset=\"https:\/\/www.ejercito.mil.uy\/wp-content\/uploads\/2023\/03\/Traslado-de-agua-para-mitigar-el-deficit-hidrico-10.jpg 960w, https:\/\/www.ejercito.mil.uy\/wp-content\/uploads\/2023\/03\/Traslado-de-agua-para-mitigar-el-deficit-hidrico-10-300x200.jpg 300w\" sizes=\"(max-width: 960px) 100vw, 960px\" \/><\/figure><figcaption class=\"coblocks-gallery--caption coblocks-gallery--primary-caption\"><\/figcaption><\/div><\/div><div class=\"swiper-slide\"><div class=\"coblocks-gallery--item\" role=\"button\"><figure class=\"coblocks-gallery--figure\"><img loading=\"lazy\" decoding=\"async\" width=\"960\" height=\"640\" alt=\"\" class=\"wp-image-20091\" data-id=\"20091\" data-link=\"https:\/\/www.ejercito.mil.uy\/?attachment_id=20091\" src=\"https:\/\/www.ejercito.mil.uy\/wp-content\/uploads\/2023\/03\/Traslado-de-agua-para-mitigar-el-deficit-hidrico-12.jpg\" srcset=\"https:\/\/www.ejercito.mil.uy\/wp-content\/uploads\/2023\/03\/Traslado-de-agua-para-mitigar-el-deficit-hidrico-12.jpg 960w, https:\/\/www.ejercito.mil.uy\/wp-content\/uploads\/2023\/03\/Traslado-de-agua-para-mitigar-el-deficit-hidrico-12-300x200.jpg 300w\" sizes=\"(max-width: 960px) 100vw, 960px\" \/><\/figure><figcaption class=\"coblocks-gallery--caption coblocks-gallery--primary-caption\"><\/figcaption><\/div><\/div><\/div><button class=\"nav-button__prev\" id=\"12345-prev\"><\/button><button class=\"nav-button__next\" id=\"12345-next\"><\/button><\/div><\/div><\/div>\n\n\n\n<div style=\"height:50px\" aria-hidden=\"true\" class=\"wp-block-spacer\"><\/div>\n\n\n\n<p>\u00a1\ud835\udc0b\ud835\udc1a\ud835\udc2c \ud835\udc1e\ud835\udc26\ud835\udc1e\ud835\udc2b\ud835\udc20\ud835\udc1e\ud835\udc27\ud835\udc1c\ud835\udc22\ud835\udc1a\ud835\udc2c \ud835\udc27\ud835\udc28 \ud835\udc29\ud835\udc2e\ud835\udc1e\ud835\udc1d\ud835\udc1e\ud835\udc27 \ud835\udc1e\ud835\udc2c\ud835\udc29\ud835\udc1e\ud835\udc2b\ud835\udc1a\ud835\udc2b!<\/p>\n","protected":false},"excerpt":{"rendered":"<p>18.03.2023 &#8211; En la ma\u00f1ana del 15 de marzo, en el marco de las tareas para mitigar el d\u00e9ficit h\u00eddrico, el Ej\u00e9rcito Nacional recibi\u00f3 por parte de OSE cuatro camiones cisterna con la capacidad de trasladar 30.000 litros de agua cada uno.<\/p>\n","protected":false},"author":14,"featured_media":20095,"comment_status":"open","ping_status":"open","sticky":false,"template":"","format":"standard","meta":{"_coblocks_attr":"","_coblocks_dimensions":"","_coblocks_responsive_height":"","_coblocks_accordion_ie_support":"","_monsterinsights_skip_tracking":false,"_monsterinsights_sitenote_active":false,"_monsterinsights_sitenote_note":"","_monsterinsights_sitenote_category":0,"_uf_show_specific_survey":0,"_uf_disable_surveys":false,"footnotes":""},"categories":[2,14,1],"tags":[72,849,808,795,872,873],"class_list":["post-20078","post","type-post","status-publish","format-standard","has-post-thumbnail","hentry","category-blog","category-noticias","category-sin-categoria","tag-agua","tag-deficit","tag-emergencias","tag-hidrico","tag-ose","tag-prestamo"],"aioseo_notices":[],"_links":{"self":[{"href":"https:\/\/www.ejercito.mil.uy\/index.php\/wp-json\/wp\/v2\/posts\/20078","targetHints":{"allow":["GET"]}}],"collection":[{"href":"https:\/\/www.ejercito.mil.uy\/index.php\/wp-json\/wp\/v2\/posts"}],"about":[{"href":"https:\/\/www.ejercito.mil.uy\/index.php\/wp-json\/wp\/v2\/types\/post"}],"author":[{"embeddable":true,"href":"https:\/\/www.ejercito.mil.uy\/index.php\/wp-json\/wp\/v2\/users\/14"}],"replies":[{"embeddable":true,"href":"https:\/\/www.ejercito.mil.uy\/index.php\/wp-json\/wp\/v2\/comments?post=20078"}],"version-history":[{"count":5,"href":"https:\/\/www.ejercito.mil.uy\/index.php\/wp-json\/wp\/v2\/posts\/20078\/revisions"}],"predecessor-version":[{"id":20108,"href":"https:\/\/www.ejercito.mil.uy\/index.php\/wp-json\/wp\/v2\/posts\/20078\/revisions\/20108"}],"wp:featuredmedia":[{"embeddable":true,"href":"https:\/\/www.ejercito.mil.uy\/index.php\/wp-json\/wp\/v2\/media\/20095"}],"wp:attachment":[{"href":"https:\/\/www.ejercito.mil.uy\/index.php\/wp-json\/wp\/v2\/media?parent=20078"}],"wp:term":[{"taxonomy":"category","embeddable":true,"href":"https:\/\/www.ejercito.mil.uy\/index.php\/wp-json\/wp\/v2\/categories?post=20078"},{"taxonomy":"post_tag","embeddable":true,"href":"https:\/\/www.ejercito.mil.uy\/index.php\/wp-json\/wp\/v2\/tags?post=20078"}],"curies":[{"name":"wp","href":"https:\/\/api.w.org\/{rel}","templated":true}]}}