{"id":20323,"date":"2023-04-03T23:39:27","date_gmt":"2023-04-04T02:39:27","guid":{"rendered":"https:\/\/www.ejercito.mil.uy\/?p=20323"},"modified":"2023-04-10T09:25:15","modified_gmt":"2023-04-10T12:25:15","slug":"donacion-de-comision-de-damas-del-ejercito-a-centros-de-atencion-periferica","status":"publish","type":"post","link":"https:\/\/www.ejercito.mil.uy\/index.php\/2023\/04\/03\/donacion-de-comision-de-damas-del-ejercito-a-centros-de-atencion-periferica\/","title":{"rendered":"Donaci\u00f3n de la Comisi\u00f3n de Damas del Ej\u00e9rcito dirigida a los Centros de Atenci\u00f3n Perif\u00e9rica"},"content":{"rendered":"\n<p class=\"has-small-font-size\">03.04.2023  &#8211; Montevideo <\/p>\n\n\n\n<div style=\"height:22px\" aria-hidden=\"true\" class=\"wp-block-spacer\"><\/div>\n\n\n\n<p class=\"has-black-color has-pale-pink-background-color has-text-color has-background\">En el marco de las donaciones del a\u00f1o 2022 por parte de la Comisi\u00f3n de Damas del Ej\u00e9rcito, el pasado viernes 31 de marzo, se realiz\u00f3 la entrega de 1 silla de ruedas, 1 camilla ginecol\u00f3gica y 2 camillas articuladas que fueron destinadas a distintos Centros de Atenci\u00f3n Perif\u00e9rica (CAP).<\/p>\n\n\n\n<div style=\"height:33px\" aria-hidden=\"true\" class=\"wp-block-spacer\"><\/div>\n\n\n\n<p>Adem\u00e1s, se prev\u00e9 una pr\u00f3xima donaci\u00f3n de 5 sillones reclinables con posapi\u00e9s.<\/p>\n\n\n\n<div style=\"height:33px\" aria-hidden=\"true\" class=\"wp-block-spacer\"><\/div>\n\n\n\n<div class=\"wp-block-coblocks-gallery-stacked\"><ul class=\"coblocks-gallery has-no-alignment has-fullwidth-images has-custom-gutter\" style=\"--coblocks-custom-gutter:0em\"><li class=\"coblocks-gallery--item\"><figure class=\"coblocks-gallery--figure\"><img fetchpriority=\"high\" decoding=\"async\" width=\"1024\" height=\"683\" alt=\"\" class=\"wp-image-20329 has-shadow-none\" data-id=\"20329\" data-imglink=\"\" data-link=\"https:\/\/www.ejercito.mil.uy\/?attachment_id=20329\" src=\"https:\/\/www.ejercito.mil.uy\/wp-content\/uploads\/2023\/04\/damas-1-1024x683.jpg\" srcset=\"https:\/\/www.ejercito.mil.uy\/wp-content\/uploads\/2023\/04\/damas-1-1024x683.jpg 1024w, https:\/\/www.ejercito.mil.uy\/wp-content\/uploads\/2023\/04\/damas-1-300x200.jpg 300w, https:\/\/www.ejercito.mil.uy\/wp-content\/uploads\/2023\/04\/damas-1.jpg 1200w\" sizes=\"(max-width: 1024px) 100vw, 1024px\" \/><\/figure><\/li><\/ul><\/div>\n\n\n\n<div style=\"height:33px\" aria-hidden=\"true\" class=\"wp-block-spacer\"><\/div>\n\n\n\n<p>La Direcci\u00f3n Nacional de Sanidad de las Fuerzas Armadas (DNSFFAA), cuenta con CAP ubicados en varias zonas de Montevideo y el Interior del pa\u00eds, que brindan atenci\u00f3n de primer nivel en sus diferentes especialidades y servicios.<\/p>\n\n\n\n<div style=\"height:33px\" aria-hidden=\"true\" class=\"wp-block-spacer\"><\/div>\n\n\n\n<p>Asimismo, con el fin de visualizar las potenciales necesidades y continuar con el apoyo que se prestar\u00e1 durante el 2023, se hizo una recorrida por las instalaciones del Hospital Central de las Fuerzas Armadas (HCFFAA), junto al Director Nacional de Sanidad de las FFAA, Gral. Hugo Rebollo, el Director General del HCFFAA, Cnel. Juan Carrere, entre otras autoridades.<\/p>\n\n\n\n<div style=\"height:33px\" aria-hidden=\"true\" class=\"wp-block-spacer\"><\/div>\n\n\n\n<div class=\"wp-block-columns is-layout-flex wp-container-core-columns-is-layout-28f84493 wp-block-columns-is-layout-flex\">\n<div class=\"wp-block-column is-layout-flow wp-block-column-is-layout-flow\">\n<div class=\"wp-block-coblocks-gallery-stacked\"><ul class=\"coblocks-gallery has-no-alignment has-fullwidth-images has-custom-gutter\" style=\"--coblocks-custom-gutter:0em\"><li class=\"coblocks-gallery--item\"><figure class=\"coblocks-gallery--figure\"><img decoding=\"async\" width=\"1024\" height=\"683\" alt=\"\" class=\"wp-image-20325 has-shadow-none\" data-id=\"20325\" data-imglink=\"\" data-link=\"https:\/\/www.ejercito.mil.uy\/?attachment_id=20325\" src=\"https:\/\/www.ejercito.mil.uy\/wp-content\/uploads\/2023\/04\/comision-1024x683.jpg\" srcset=\"https:\/\/www.ejercito.mil.uy\/wp-content\/uploads\/2023\/04\/comision-1024x683.jpg 1024w, https:\/\/www.ejercito.mil.uy\/wp-content\/uploads\/2023\/04\/comision-300x200.jpg 300w, https:\/\/www.ejercito.mil.uy\/wp-content\/uploads\/2023\/04\/comision.jpg 1200w\" sizes=\"(max-width: 1024px) 100vw, 1024px\" \/><\/figure><\/li><\/ul><\/div>\n<\/div>\n\n\n\n<div class=\"wp-block-column is-layout-flow wp-block-column-is-layout-flow\">\n<div class=\"wp-block-coblocks-gallery-stacked\"><ul class=\"coblocks-gallery has-no-alignment has-fullwidth-images has-custom-gutter\" style=\"--coblocks-custom-gutter:0em\"><li class=\"coblocks-gallery--item\"><figure class=\"coblocks-gallery--figure\"><img decoding=\"async\" width=\"1024\" height=\"683\" alt=\"\" class=\"wp-image-20328 has-shadow-none\" data-id=\"20328\" data-imglink=\"\" data-link=\"https:\/\/www.ejercito.mil.uy\/?attachment_id=20328\" src=\"https:\/\/www.ejercito.mil.uy\/wp-content\/uploads\/2023\/04\/donacion-1-1024x683.jpg\" srcset=\"https:\/\/www.ejercito.mil.uy\/wp-content\/uploads\/2023\/04\/donacion-1-1024x683.jpg 1024w, https:\/\/www.ejercito.mil.uy\/wp-content\/uploads\/2023\/04\/donacion-1-300x200.jpg 300w, https:\/\/www.ejercito.mil.uy\/wp-content\/uploads\/2023\/04\/donacion-1.jpg 1200w\" sizes=\"(max-width: 1024px) 100vw, 1024px\" \/><\/figure><\/li><\/ul><\/div>\n<\/div>\n<\/div>\n\n\n\n<div style=\"height:100px\" aria-hidden=\"true\" class=\"wp-block-spacer\"><\/div>\n","protected":false},"excerpt":{"rendered":"<p>03.04.2023 &#8211; Se realiz\u00f3 la entrega equipamiento m\u00e9dico a distintos Centros de Atenci\u00f3n Perif\u00e9rica, que brindan atenci\u00f3n de primer nivel en sus diferentes especialidades y servicios.<\/p>\n","protected":false},"author":9,"featured_media":20330,"comment_status":"open","ping_status":"open","sticky":false,"template":"","format":"standard","meta":{"_coblocks_attr":"","_coblocks_dimensions":"","_coblocks_responsive_height":"","_coblocks_accordion_ie_support":"","_monsterinsights_skip_tracking":false,"_monsterinsights_sitenote_active":false,"_monsterinsights_sitenote_note":"","_monsterinsights_sitenote_category":0,"_uf_show_specific_survey":0,"_uf_disable_surveys":false,"footnotes":""},"categories":[2,14,1],"tags":[894,893,886,887,95,104,159],"class_list":["post-20323","post","type-post","status-publish","format-standard","has-post-thumbnail","hentry","category-blog","category-noticias","category-sin-categoria","tag-atencion-medica","tag-centros-de-atencion","tag-comision","tag-damas","tag-donacion","tag-hospital","tag-salud"],"aioseo_notices":[],"_links":{"self":[{"href":"https:\/\/www.ejercito.mil.uy\/index.php\/wp-json\/wp\/v2\/posts\/20323","targetHints":{"allow":["GET"]}}],"collection":[{"href":"https:\/\/www.ejercito.mil.uy\/index.php\/wp-json\/wp\/v2\/posts"}],"about":[{"href":"https:\/\/www.ejercito.mil.uy\/index.php\/wp-json\/wp\/v2\/types\/post"}],"author":[{"embeddable":true,"href":"https:\/\/www.ejercito.mil.uy\/index.php\/wp-json\/wp\/v2\/users\/9"}],"replies":[{"embeddable":true,"href":"https:\/\/www.ejercito.mil.uy\/index.php\/wp-json\/wp\/v2\/comments?post=20323"}],"version-history":[{"count":6,"href":"https:\/\/www.ejercito.mil.uy\/index.php\/wp-json\/wp\/v2\/posts\/20323\/revisions"}],"predecessor-version":[{"id":20366,"href":"https:\/\/www.ejercito.mil.uy\/index.php\/wp-json\/wp\/v2\/posts\/20323\/revisions\/20366"}],"wp:featuredmedia":[{"embeddable":true,"href":"https:\/\/www.ejercito.mil.uy\/index.php\/wp-json\/wp\/v2\/media\/20330"}],"wp:attachment":[{"href":"https:\/\/www.ejercito.mil.uy\/index.php\/wp-json\/wp\/v2\/media?parent=20323"}],"wp:term":[{"taxonomy":"category","embeddable":true,"href":"https:\/\/www.ejercito.mil.uy\/index.php\/wp-json\/wp\/v2\/categories?post=20323"},{"taxonomy":"post_tag","embeddable":true,"href":"https:\/\/www.ejercito.mil.uy\/index.php\/wp-json\/wp\/v2\/tags?post=20323"}],"curies":[{"name":"wp","href":"https:\/\/api.w.org\/{rel}","templated":true}]}}