{"id":20392,"date":"2023-03-31T21:51:14","date_gmt":"2023-04-01T00:51:14","guid":{"rendered":"https:\/\/www.ejercito.mil.uy\/?p=20392"},"modified":"2023-04-06T22:16:26","modified_gmt":"2023-04-07T01:16:26","slug":"xxxiii-viaje-de-instruccion-del-velero-escuela-capitan-miranda","status":"publish","type":"post","link":"https:\/\/www.ejercito.mil.uy\/index.php\/2023\/03\/31\/xxxiii-viaje-de-instruccion-del-velero-escuela-capitan-miranda\/","title":{"rendered":"XXXIII Viaje de Instrucci\u00f3n del Velero Escuela \u00abCapit\u00e1n Miranda\u00bb"},"content":{"rendered":"\n<p style=\"font-size:14px\">31.03.2023<\/p>\n\n\n\n<div style=\"height:33px\" aria-hidden=\"true\" class=\"wp-block-spacer\"><\/div>\n\n\n\n<p class=\"has-medium-font-size\">Este viernes, el <strong>Alf\u00e9rez Marcos Panizzolo<\/strong> perteneciente al <strong>Regimiento \u00abPatria\u00bb de Caballer\u00eda Blindado N\u00b0 8<\/strong> (Melo), zarp\u00f3 del Puerto de Montevideo como parte de la tripulaci\u00f3n del <strong>Velero Escuela \u00abCapit\u00e1n Miranda\u00bb<\/strong>, en su <strong>XXXIII Viaje de Instrucci\u00f3n<\/strong>.<\/p>\n\n\n\n<div style=\"height:33px\" aria-hidden=\"true\" class=\"wp-block-spacer\"><\/div>\n\n\n\n<figure class=\"wp-block-image size-large\"><img fetchpriority=\"high\" decoding=\"async\" width=\"1024\" height=\"683\" src=\"https:\/\/www.ejercito.mil.uy\/wp-content\/uploads\/2023\/03\/MIRANDA-1-1024x683.jpg\" alt=\"MIRANDA\" class=\"wp-image-20395\" srcset=\"https:\/\/www.ejercito.mil.uy\/wp-content\/uploads\/2023\/03\/MIRANDA-1-1024x683.jpg 1024w, https:\/\/www.ejercito.mil.uy\/wp-content\/uploads\/2023\/03\/MIRANDA-1-300x200.jpg 300w, https:\/\/www.ejercito.mil.uy\/wp-content\/uploads\/2023\/03\/MIRANDA-1.jpg 1200w\" sizes=\"(max-width: 1024px) 100vw, 1024px\" \/><\/figure>\n\n\n\n<div style=\"height:33px\" aria-hidden=\"true\" class=\"wp-block-spacer\"><\/div>\n\n\n\n<p>El Alf. Panizzolo egres\u00f3 de la Escuela Militar Uruguay en 2022, siendo el primero de su promoci\u00f3n, uno de sus premios fue ser invitado por la Armada Nacional Uruguay a participar durante seis meses del viaje de instrucci\u00f3n que realizan los n\u00f3veles Guardiamarinas.<\/p>\n\n\n\n<div style=\"height:33px\" aria-hidden=\"true\" class=\"wp-block-spacer\"><\/div>\n\n\n\n<div aria-label=\"Carousel Gallery\" class=\"wp-block-coblocks-gallery-carousel\"><div class=\"coblocks-gallery-carousel-swiper-container is-cropped coblocks-gallery has-no-alignment has-caption-style-dark has-horizontal-gutter has-lightbox has-no-thumbnails\"><div class=\"has-carousel has-carousel-xlrg swiper-container\" data-swiper=\"{&quot;alignCells&quot;:false,&quot;autoPlay&quot;:true,&quot;autoPlaySpeed&quot;:3000,&quot;draggable&quot;:true,&quot;freeScroll&quot;:true,&quot;loop&quot;:true,&quot;navigation&quot;:true,&quot;pageDots&quot;:false,&quot;pauseHover&quot;:false,&quot;responsiveHeight&quot;:false,&quot;slidesPerView&quot;:1,&quot;thumbnails&quot;:false,&quot;uuid&quot;:&quot;12345&quot;}\" id=\"12345\" style=\"height:555px\"><div class=\"swiper-wrapper\"><div class=\"swiper-slide\"><div class=\"coblocks-gallery--item\" role=\"button\" tabindex=\"0\"><figure class=\"coblocks-gallery--figure has-margin-left-10 has-margin-left-mobile-5 has-margin-right-10 has-margin-right-mobile-5\"><img decoding=\"async\" width=\"1024\" height=\"683\" alt=\"\" class=\"wp-image-20396\" data-id=\"20396\" data-link=\"https:\/\/www.ejercito.mil.uy\/?attachment_id=20396\" src=\"https:\/\/www.ejercito.mil.uy\/wp-content\/uploads\/2023\/03\/MIRANDA-2-1024x683.jpg\" srcset=\"https:\/\/www.ejercito.mil.uy\/wp-content\/uploads\/2023\/03\/MIRANDA-2-1024x683.jpg 1024w, https:\/\/www.ejercito.mil.uy\/wp-content\/uploads\/2023\/03\/MIRANDA-2-300x200.jpg 300w, https:\/\/www.ejercito.mil.uy\/wp-content\/uploads\/2023\/03\/MIRANDA-2.jpg 1200w\" sizes=\"(max-width: 1024px) 100vw, 1024px\" \/><\/figure><figcaption class=\"coblocks-gallery--caption coblocks-gallery--primary-caption\"><\/figcaption><\/div><\/div><div class=\"swiper-slide\"><div class=\"coblocks-gallery--item\" role=\"button\" tabindex=\"1\"><figure class=\"coblocks-gallery--figure has-margin-left-10 has-margin-left-mobile-5 has-margin-right-10 has-margin-right-mobile-5\"><img decoding=\"async\" width=\"1024\" height=\"683\" alt=\"\" class=\"wp-image-20398\" data-id=\"20398\" data-link=\"https:\/\/www.ejercito.mil.uy\/?attachment_id=20398\" src=\"https:\/\/www.ejercito.mil.uy\/wp-content\/uploads\/2023\/03\/MIRANDA-5-1024x683.jpg\" srcset=\"https:\/\/www.ejercito.mil.uy\/wp-content\/uploads\/2023\/03\/MIRANDA-5-1024x683.jpg 1024w, https:\/\/www.ejercito.mil.uy\/wp-content\/uploads\/2023\/03\/MIRANDA-5-300x200.jpg 300w, https:\/\/www.ejercito.mil.uy\/wp-content\/uploads\/2023\/03\/MIRANDA-5.jpg 1200w\" sizes=\"(max-width: 1024px) 100vw, 1024px\" \/><\/figure><figcaption class=\"coblocks-gallery--caption coblocks-gallery--primary-caption\"><\/figcaption><\/div><\/div><div class=\"swiper-slide\"><div class=\"coblocks-gallery--item\" role=\"button\" tabindex=\"2\"><figure class=\"coblocks-gallery--figure has-margin-left-10 has-margin-left-mobile-5 has-margin-right-10 has-margin-right-mobile-5\"><img loading=\"lazy\" decoding=\"async\" width=\"1024\" height=\"683\" alt=\"\" class=\"wp-image-20397\" data-id=\"20397\" data-link=\"https:\/\/www.ejercito.mil.uy\/?attachment_id=20397\" src=\"https:\/\/www.ejercito.mil.uy\/wp-content\/uploads\/2023\/03\/MIRANDA-4-1024x683.jpg\" srcset=\"https:\/\/www.ejercito.mil.uy\/wp-content\/uploads\/2023\/03\/MIRANDA-4-1024x683.jpg 1024w, https:\/\/www.ejercito.mil.uy\/wp-content\/uploads\/2023\/03\/MIRANDA-4-300x200.jpg 300w, https:\/\/www.ejercito.mil.uy\/wp-content\/uploads\/2023\/03\/MIRANDA-4.jpg 1200w\" sizes=\"(max-width: 1024px) 100vw, 1024px\" \/><\/figure><figcaption class=\"coblocks-gallery--caption coblocks-gallery--primary-caption\"><\/figcaption><\/div><\/div><\/div><button class=\"nav-button__prev\" id=\"12345-prev\"><svg class=\"icon\" style=\"transform:rotate(180deg)\"><\/svg><\/button><button class=\"nav-button__next\" id=\"12345-next\"><svg class=\"icon\"><\/svg><\/button><\/div><\/div><\/div>\n\n\n\n<div style=\"height:33px\" aria-hidden=\"true\" class=\"wp-block-spacer\"><\/div>\n\n\n\n<p>El Velero llegar\u00e1 a 19 ciudades, de 11 pa\u00edses en Am\u00e9rica (del Sur y del Norte) y Europa, entre el 31 de marzo y el 18 de octubre de este a\u00f1o.<\/p>\n\n\n\n<div style=\"height:33px\" aria-hidden=\"true\" class=\"wp-block-spacer\"><\/div>\n\n\n\n<p>El \u201cCapit\u00e1n Miranda\u201d fue construido en 1930 en los Astilleros de Matagorda, C\u00e1diz (Espa\u00f1a), llegando a Montevideo a fines de ese a\u00f1o como Buque Hidrogr\u00e1fico. Durante m\u00e1s de 40 a\u00f1os cumpli\u00f3 innumerables misiones hidrogr\u00e1ficas y colabor\u00f3 con el relevamiento del R\u00edo de la Plata y las aguas oce\u00e1nicas.<\/p>\n\n\n\n<div style=\"height:33px\" aria-hidden=\"true\" class=\"wp-block-spacer\"><\/div>\n\n\n\n<p>\u00a1Buenos vientos camaradas!<\/p>\n\n\n\n<div style=\"height:99px\" aria-hidden=\"true\" class=\"wp-block-spacer\"><\/div>\n","protected":false},"excerpt":{"rendered":"<p>31.03.2023 &#8211; El Alf\u00e9rez Marcos Panizzolo, zarp\u00f3 del Puerto de Montevideo como parte de la tripulaci\u00f3n del Velero Escuela \u00abCapit\u00e1n Miranda\u00bb.<\/p>\n","protected":false},"author":4,"featured_media":20394,"comment_status":"open","ping_status":"open","sticky":false,"template":"","format":"standard","meta":{"_coblocks_attr":"","_coblocks_dimensions":"","_coblocks_responsive_height":"","_coblocks_accordion_ie_support":"","_monsterinsights_skip_tracking":false,"_monsterinsights_sitenote_active":false,"_monsterinsights_sitenote_note":"","_monsterinsights_sitenote_category":0,"_uf_show_specific_survey":0,"_uf_disable_surveys":false,"footnotes":""},"categories":[2,14],"tags":[742,13,896],"class_list":["post-20392","post","type-post","status-publish","format-standard","has-post-thumbnail","hentry","category-blog","category-noticias","tag-armada","tag-instruccion","tag-miranda"],"aioseo_notices":[],"_links":{"self":[{"href":"https:\/\/www.ejercito.mil.uy\/index.php\/wp-json\/wp\/v2\/posts\/20392","targetHints":{"allow":["GET"]}}],"collection":[{"href":"https:\/\/www.ejercito.mil.uy\/index.php\/wp-json\/wp\/v2\/posts"}],"about":[{"href":"https:\/\/www.ejercito.mil.uy\/index.php\/wp-json\/wp\/v2\/types\/post"}],"author":[{"embeddable":true,"href":"https:\/\/www.ejercito.mil.uy\/index.php\/wp-json\/wp\/v2\/users\/4"}],"replies":[{"embeddable":true,"href":"https:\/\/www.ejercito.mil.uy\/index.php\/wp-json\/wp\/v2\/comments?post=20392"}],"version-history":[{"count":4,"href":"https:\/\/www.ejercito.mil.uy\/index.php\/wp-json\/wp\/v2\/posts\/20392\/revisions"}],"predecessor-version":[{"id":20404,"href":"https:\/\/www.ejercito.mil.uy\/index.php\/wp-json\/wp\/v2\/posts\/20392\/revisions\/20404"}],"wp:featuredmedia":[{"embeddable":true,"href":"https:\/\/www.ejercito.mil.uy\/index.php\/wp-json\/wp\/v2\/media\/20394"}],"wp:attachment":[{"href":"https:\/\/www.ejercito.mil.uy\/index.php\/wp-json\/wp\/v2\/media?parent=20392"}],"wp:term":[{"taxonomy":"category","embeddable":true,"href":"https:\/\/www.ejercito.mil.uy\/index.php\/wp-json\/wp\/v2\/categories?post=20392"},{"taxonomy":"post_tag","embeddable":true,"href":"https:\/\/www.ejercito.mil.uy\/index.php\/wp-json\/wp\/v2\/tags?post=20392"}],"curies":[{"name":"wp","href":"https:\/\/api.w.org\/{rel}","templated":true}]}}