{"id":20418,"date":"2023-04-06T21:06:00","date_gmt":"2023-04-07T00:06:00","guid":{"rendered":"https:\/\/www.ejercito.mil.uy\/?p=20418"},"modified":"2023-04-10T09:20:51","modified_gmt":"2023-04-10T12:20:51","slug":"musica-en-la-42o-edicion-criolla-parque-roosevelt","status":"publish","type":"post","link":"https:\/\/www.ejercito.mil.uy\/index.php\/2023\/04\/06\/musica-en-la-42o-edicion-criolla-parque-roosevelt\/","title":{"rendered":"M\u00fasica en la 42\u00ba edici\u00f3n Criolla Parque Roosevelt"},"content":{"rendered":"\n<p class=\"has-small-font-size\">06.04.2023 &#8211; Canelones<\/p>\n\n\n\n<div style=\"height:22px\" aria-hidden=\"true\" class=\"wp-block-spacer\"><\/div>\n\n\n\n<p class=\"has-white-color has-text-color has-background has-medium-font-size\" style=\"background-color:#005200\"><strong>Esta tarde, la Banda Militar de la Brigada \u00abGral. Eugenio Garz\u00f3n\u00bb de Infanter\u00eda N\u00aa 1 particip\u00f3 en la ceremonia de apertura de la 42\u00ba edici\u00f3n Criolla Parque Roosevelt, deleitando a los presentes con sus acordes.<\/strong><\/p>\n\n\n\n<div style=\"height:33px\" aria-hidden=\"true\" class=\"wp-block-spacer\"><\/div>\n\n\n\n<p>La Banda, portando el Uniforme de Tradici\u00f3n Hist\u00f3rica del Batall\u00f3n \u201cFlorida\u201d de Infanter\u00eda N\u00ba 1, ejecut\u00f3 en vivo el Himno Nacional y la Marcha \u201cMi Bandera\u201d. Sus m\u00fasicos lucen con gran honor este uniforme, el mismo con el que se jur\u00f3 la Primera Constituci\u00f3n de la Rep\u00fablica, el 18 de Julio de 1830. Lleva en su pecho los cordones y el escudo de la Batalla de Ituzaing\u00f3 y en el brazo izquierdo la medalla de los Constituyentes.<\/p>\n\n\n\n<div style=\"height:33px\" aria-hidden=\"true\" class=\"wp-block-spacer\"><\/div>\n\n\n\n<p>Fue creada el 10 de octubre de 1939 en base a las Bandas de los Batallones \u201cFlorida\u201d de Infanter\u00eda N\u00ba 1, \u201cResistencia\u201d de Infanter\u00eda Mecanizado N\u00ba 2 y \u201c24 de Abril\u201d de Infanter\u00eda Mec. N\u00ba 3. Est\u00e1 denominada como Banda de Categor\u00eda B, la integran 50 efectivos con un excelente nivel t\u00e9cnico profesional.<\/p>\n\n\n\n<div style=\"height:33px\" aria-hidden=\"true\" class=\"wp-block-spacer\"><\/div>\n\n\n\n<div aria-label=\"Carousel Gallery\" class=\"wp-block-coblocks-gallery-carousel\"><div class=\"coblocks-gallery-carousel-swiper-container is-cropped coblocks-gallery has-no-alignment has-caption-style-dark has-horizontal-gutter has-no-thumbnails\"><div class=\"has-carousel has-carousel-xlrg swiper-container\" data-swiper=\"{&quot;alignCells&quot;:false,&quot;autoPlay&quot;:true,&quot;autoPlaySpeed&quot;:&quot;5000&quot;,&quot;draggable&quot;:true,&quot;freeScroll&quot;:false,&quot;loop&quot;:true,&quot;navigation&quot;:true,&quot;pageDots&quot;:false,&quot;pauseHover&quot;:false,&quot;responsiveHeight&quot;:false,&quot;slidesPerView&quot;:1,&quot;thumbnails&quot;:false,&quot;uuid&quot;:&quot;12345&quot;}\" id=\"12345\" style=\"height:550px\"><div class=\"swiper-wrapper\"><div class=\"swiper-slide\"><div class=\"coblocks-gallery--item\" role=\"button\" tabindex=\"0\"><figure class=\"coblocks-gallery--figure has-margin-left-5 has-margin-left-mobile-5 has-margin-right-5 has-margin-right-mobile-5\"><img fetchpriority=\"high\" decoding=\"async\" width=\"960\" height=\"640\" alt=\"\" class=\"wp-image-20421\" data-id=\"20421\" data-link=\"https:\/\/www.ejercito.mil.uy\/?attachment_id=20421\" src=\"https:\/\/www.ejercito.mil.uy\/wp-content\/uploads\/2023\/04\/Roosevelt-3.jpg\" srcset=\"https:\/\/www.ejercito.mil.uy\/wp-content\/uploads\/2023\/04\/Roosevelt-3.jpg 960w, https:\/\/www.ejercito.mil.uy\/wp-content\/uploads\/2023\/04\/Roosevelt-3-300x200.jpg 300w\" sizes=\"(max-width: 960px) 100vw, 960px\" \/><\/figure><figcaption class=\"coblocks-gallery--caption coblocks-gallery--primary-caption\"><\/figcaption><\/div><\/div><div class=\"swiper-slide\"><div class=\"coblocks-gallery--item\" role=\"button\" tabindex=\"1\"><figure class=\"coblocks-gallery--figure has-margin-left-5 has-margin-left-mobile-5 has-margin-right-5 has-margin-right-mobile-5\"><img decoding=\"async\" width=\"960\" height=\"640\" alt=\"\" class=\"wp-image-20420\" data-id=\"20420\" data-link=\"https:\/\/www.ejercito.mil.uy\/?attachment_id=20420\" src=\"https:\/\/www.ejercito.mil.uy\/wp-content\/uploads\/2023\/04\/Roosevelt-2.jpg\" srcset=\"https:\/\/www.ejercito.mil.uy\/wp-content\/uploads\/2023\/04\/Roosevelt-2.jpg 960w, https:\/\/www.ejercito.mil.uy\/wp-content\/uploads\/2023\/04\/Roosevelt-2-300x200.jpg 300w\" sizes=\"(max-width: 960px) 100vw, 960px\" \/><\/figure><figcaption class=\"coblocks-gallery--caption coblocks-gallery--primary-caption\"><\/figcaption><\/div><\/div><div class=\"swiper-slide\"><div class=\"coblocks-gallery--item\" role=\"button\" tabindex=\"2\"><figure class=\"coblocks-gallery--figure has-margin-left-5 has-margin-left-mobile-5 has-margin-right-5 has-margin-right-mobile-5\"><img decoding=\"async\" width=\"960\" height=\"640\" alt=\"\" class=\"wp-image-20422\" data-id=\"20422\" data-link=\"https:\/\/www.ejercito.mil.uy\/?attachment_id=20422\" src=\"https:\/\/www.ejercito.mil.uy\/wp-content\/uploads\/2023\/04\/Roosevelt-4.jpg\" srcset=\"https:\/\/www.ejercito.mil.uy\/wp-content\/uploads\/2023\/04\/Roosevelt-4.jpg 960w, https:\/\/www.ejercito.mil.uy\/wp-content\/uploads\/2023\/04\/Roosevelt-4-300x200.jpg 300w\" sizes=\"(max-width: 960px) 100vw, 960px\" \/><\/figure><figcaption class=\"coblocks-gallery--caption coblocks-gallery--primary-caption\"><\/figcaption><\/div><\/div><div class=\"swiper-slide\"><div class=\"coblocks-gallery--item\" role=\"button\" tabindex=\"3\"><figure class=\"coblocks-gallery--figure has-margin-left-5 has-margin-left-mobile-5 has-margin-right-5 has-margin-right-mobile-5\"><img loading=\"lazy\" decoding=\"async\" width=\"960\" height=\"640\" alt=\"\" class=\"wp-image-20419\" data-id=\"20419\" data-link=\"https:\/\/www.ejercito.mil.uy\/?attachment_id=20419\" src=\"https:\/\/www.ejercito.mil.uy\/wp-content\/uploads\/2023\/04\/Roosevelt-1.jpg\" srcset=\"https:\/\/www.ejercito.mil.uy\/wp-content\/uploads\/2023\/04\/Roosevelt-1.jpg 960w, https:\/\/www.ejercito.mil.uy\/wp-content\/uploads\/2023\/04\/Roosevelt-1-300x200.jpg 300w\" sizes=\"(max-width: 960px) 100vw, 960px\" \/><\/figure><figcaption class=\"coblocks-gallery--caption coblocks-gallery--primary-caption\"><\/figcaption><\/div><\/div><\/div><button class=\"nav-button__prev\" id=\"12345-prev\"><svg class=\"icon\" style=\"transform:rotate(180deg)\"><\/svg><\/button><button class=\"nav-button__next\" id=\"12345-next\"><svg class=\"icon\"><\/svg><\/button><\/div><\/div><\/div>\n\n\n\n<div style=\"height:33px\" aria-hidden=\"true\" class=\"wp-block-spacer\"><\/div>\n\n\n\n<p>Constituye un medio de recreaci\u00f3n y relacionamiento con la sociedad, adem\u00e1s interviene en la apertura y cierre de los per\u00edodos Legislativos, acto del Cambio de Mando Presidencial, paradas, desfiles, conciertos, actividades protocolares ante la visita de presidentes extranjeros, ejecutando los Himnos correspondientes.<\/p>\n\n\n\n<div style=\"height:99px\" aria-hidden=\"true\" class=\"wp-block-spacer\"><\/div>\n","protected":false},"excerpt":{"rendered":"<p>06.04.2023 &#8211; La Banda ejecut\u00f3 en vivo el Himno Nacional y la Marcha \u201cMi Bandera\u201d.<\/p>\n","protected":false},"author":4,"featured_media":20423,"comment_status":"open","ping_status":"open","sticky":false,"template":"","format":"standard","meta":{"_coblocks_attr":"","_coblocks_dimensions":"","_coblocks_responsive_height":"","_coblocks_accordion_ie_support":"","_monsterinsights_skip_tracking":false,"_monsterinsights_sitenote_active":false,"_monsterinsights_sitenote_note":"","_monsterinsights_sitenote_category":0,"_uf_show_specific_survey":0,"_uf_disable_surveys":false,"footnotes":""},"categories":[2,14,1],"tags":[339,406,158,127,229],"class_list":["post-20418","post","type-post","status-publish","format-standard","has-post-thumbnail","hentry","category-blog","category-noticias","category-sin-categoria","tag-celebracion","tag-desfile","tag-musicos","tag-patria","tag-tradiciones"],"aioseo_notices":[],"_links":{"self":[{"href":"https:\/\/www.ejercito.mil.uy\/index.php\/wp-json\/wp\/v2\/posts\/20418","targetHints":{"allow":["GET"]}}],"collection":[{"href":"https:\/\/www.ejercito.mil.uy\/index.php\/wp-json\/wp\/v2\/posts"}],"about":[{"href":"https:\/\/www.ejercito.mil.uy\/index.php\/wp-json\/wp\/v2\/types\/post"}],"author":[{"embeddable":true,"href":"https:\/\/www.ejercito.mil.uy\/index.php\/wp-json\/wp\/v2\/users\/4"}],"replies":[{"embeddable":true,"href":"https:\/\/www.ejercito.mil.uy\/index.php\/wp-json\/wp\/v2\/comments?post=20418"}],"version-history":[{"count":1,"href":"https:\/\/www.ejercito.mil.uy\/index.php\/wp-json\/wp\/v2\/posts\/20418\/revisions"}],"predecessor-version":[{"id":20424,"href":"https:\/\/www.ejercito.mil.uy\/index.php\/wp-json\/wp\/v2\/posts\/20418\/revisions\/20424"}],"wp:featuredmedia":[{"embeddable":true,"href":"https:\/\/www.ejercito.mil.uy\/index.php\/wp-json\/wp\/v2\/media\/20423"}],"wp:attachment":[{"href":"https:\/\/www.ejercito.mil.uy\/index.php\/wp-json\/wp\/v2\/media?parent=20418"}],"wp:term":[{"taxonomy":"category","embeddable":true,"href":"https:\/\/www.ejercito.mil.uy\/index.php\/wp-json\/wp\/v2\/categories?post=20418"},{"taxonomy":"post_tag","embeddable":true,"href":"https:\/\/www.ejercito.mil.uy\/index.php\/wp-json\/wp\/v2\/tags?post=20418"}],"curies":[{"name":"wp","href":"https:\/\/api.w.org\/{rel}","templated":true}]}}