{"id":20425,"date":"2023-04-03T21:26:38","date_gmt":"2023-04-04T00:26:38","guid":{"rendered":"https:\/\/www.ejercito.mil.uy\/?p=20425"},"modified":"2023-04-07T21:34:48","modified_gmt":"2023-04-08T00:34:48","slug":"primeros-auxilios-4","status":"publish","type":"post","link":"https:\/\/www.ejercito.mil.uy\/index.php\/2023\/04\/03\/primeros-auxilios-4\/","title":{"rendered":"Primeros auxilios"},"content":{"rendered":"\n<p style=\"font-size:14px\">03.04.2023<\/p>\n\n\n\n<div style=\"height:33px\" aria-hidden=\"true\" class=\"wp-block-spacer\"><\/div>\n\n\n\n<p>El pasado viernes, el <strong>Cabo 1\u00aa Jhonatan Lorenzo<\/strong> y la <strong>Sdo. 1\u00aa Paula Rodr\u00edguez<\/strong> pertenecientes al <strong>Batall\u00f3n \u201cGral. Leonardo Olivera\u201d de Infanter\u00eda Mec. N\u00ba 12<\/strong>, transitaban en un veh\u00edculo militar desde Montevideo hacia la ciudad de Rocha, por la Ruta N\u00b0 8.<\/p>\n\n\n\n<div style=\"height:33px\" aria-hidden=\"true\" class=\"wp-block-spacer\"><\/div>\n\n\n\n<p>Sobre el km 25 de la Ruta advirtieron que se hab\u00eda producido un accidente de tr\u00e1nsito, deteniendo la marcha y procediendo inmediatamente a brindar asistencia a los involucrados.<\/p>\n\n\n\n<div style=\"height:33px\" aria-hidden=\"true\" class=\"wp-block-spacer\"><\/div>\n\n\n\n<p>Aseguraron la zona donde ocurri\u00f3 el hecho, realizaron una evaluaci\u00f3n f\u00edsica para constatar lesiones, dieron aviso a los familiares del lesionado y brindaron auxilio al ciudadano herido hasta el arribo de la emergencia m\u00f3vil. Posteriormente continuaron su marcha hacia Rocha.<\/p>\n\n\n\n<div style=\"height:33px\" aria-hidden=\"true\" class=\"wp-block-spacer\"><\/div>\n\n\n\n<figure class=\"wp-block-gallery alignfull columns-1 is-cropped coblocks-animate has-lightbox wp-block-gallery-1 is-layout-flex wp-block-gallery-is-layout-flex\" data-coblocks-animation=\"slideInLeft\"><ul class=\"blocks-gallery-grid\"><li class=\"blocks-gallery-item\"><figure><img fetchpriority=\"high\" decoding=\"async\" width=\"960\" height=\"640\" src=\"https:\/\/www.ejercito.mil.uy\/wp-content\/uploads\/2023\/04\/Accidente.jpg\" alt=\"\" data-id=\"20427\" data-full-url=\"https:\/\/www.ejercito.mil.uy\/wp-content\/uploads\/2023\/04\/Accidente.jpg\" data-link=\"https:\/\/www.ejercito.mil.uy\/?attachment_id=20427\" class=\"wp-image-20427\" srcset=\"https:\/\/www.ejercito.mil.uy\/wp-content\/uploads\/2023\/04\/Accidente.jpg 960w, https:\/\/www.ejercito.mil.uy\/wp-content\/uploads\/2023\/04\/Accidente-300x200.jpg 300w\" sizes=\"(max-width: 960px) 100vw, 960px\" \/><\/figure><\/li><\/ul><\/figure>\n\n\n\n<div style=\"height:33px\" aria-hidden=\"true\" class=\"wp-block-spacer\"><\/div>\n\n\n\n<p>La formaci\u00f3n de nuestros integrantes sumada a su actitud proactiva, les permite actuar de forma solvente ante diversas situaciones<\/p>\n\n\n\n<div style=\"height:99px\" aria-hidden=\"true\" class=\"wp-block-spacer\"><\/div>\n","protected":false},"excerpt":{"rendered":"<p>03.04.2023 &#8211; Efectivos militares brindaron primeros auxilios en accidente de tr\u00e1nsito.<\/p>\n","protected":false},"author":4,"featured_media":20428,"comment_status":"closed","ping_status":"open","sticky":false,"template":"","format":"standard","meta":{"_coblocks_attr":"","_coblocks_dimensions":"","_coblocks_responsive_height":"","_coblocks_accordion_ie_support":"","_monsterinsights_skip_tracking":false,"_monsterinsights_sitenote_active":false,"_monsterinsights_sitenote_note":"","_monsterinsights_sitenote_category":0,"_uf_show_specific_survey":0,"_uf_disable_surveys":false,"footnotes":""},"categories":[2,14],"tags":[27,32,29,28,37],"class_list":["post-20425","post","type-post","status-publish","format-standard","has-post-thumbnail","hentry","category-blog","category-noticias","tag-apoyo","tag-bienestar","tag-comunidad","tag-social","tag-sociedad"],"aioseo_notices":[],"_links":{"self":[{"href":"https:\/\/www.ejercito.mil.uy\/index.php\/wp-json\/wp\/v2\/posts\/20425","targetHints":{"allow":["GET"]}}],"collection":[{"href":"https:\/\/www.ejercito.mil.uy\/index.php\/wp-json\/wp\/v2\/posts"}],"about":[{"href":"https:\/\/www.ejercito.mil.uy\/index.php\/wp-json\/wp\/v2\/types\/post"}],"author":[{"embeddable":true,"href":"https:\/\/www.ejercito.mil.uy\/index.php\/wp-json\/wp\/v2\/users\/4"}],"replies":[{"embeddable":true,"href":"https:\/\/www.ejercito.mil.uy\/index.php\/wp-json\/wp\/v2\/comments?post=20425"}],"version-history":[{"count":3,"href":"https:\/\/www.ejercito.mil.uy\/index.php\/wp-json\/wp\/v2\/posts\/20425\/revisions"}],"predecessor-version":[{"id":51178,"href":"https:\/\/www.ejercito.mil.uy\/index.php\/wp-json\/wp\/v2\/posts\/20425\/revisions\/51178"}],"wp:featuredmedia":[{"embeddable":true,"href":"https:\/\/www.ejercito.mil.uy\/index.php\/wp-json\/wp\/v2\/media\/20428"}],"wp:attachment":[{"href":"https:\/\/www.ejercito.mil.uy\/index.php\/wp-json\/wp\/v2\/media?parent=20425"}],"wp:term":[{"taxonomy":"category","embeddable":true,"href":"https:\/\/www.ejercito.mil.uy\/index.php\/wp-json\/wp\/v2\/categories?post=20425"},{"taxonomy":"post_tag","embeddable":true,"href":"https:\/\/www.ejercito.mil.uy\/index.php\/wp-json\/wp\/v2\/tags?post=20425"}],"curies":[{"name":"wp","href":"https:\/\/api.w.org\/{rel}","templated":true}]}}