{"id":20520,"date":"2023-04-11T16:00:00","date_gmt":"2023-04-11T19:00:00","guid":{"rendered":"https:\/\/www.ejercito.mil.uy\/?p=20520"},"modified":"2023-04-11T19:37:54","modified_gmt":"2023-04-11T22:37:54","slug":"34-curso-de-jefe-y-sargento-de-seccion-de-infanteria-mecanizada-y-blindada","status":"publish","type":"post","link":"https:\/\/www.ejercito.mil.uy\/index.php\/2023\/04\/11\/34-curso-de-jefe-y-sargento-de-seccion-de-infanteria-mecanizada-y-blindada\/","title":{"rendered":"34\u00b0 Curso de Jefe y Sargento de Secci\u00f3n de Infanter\u00eda Mecanizada y Blindada"},"content":{"rendered":"\n<p class=\"has-small-font-size\">11.04.2023  &#8211; Durazno<\/p>\n\n\n\n<div style=\"height:26px\" aria-hidden=\"true\" class=\"wp-block-spacer\"><\/div>\n\n\n\n<p class=\"has-white-color has-text-color has-background\" style=\"background-color:#0e7f56\">El pasado viernes 31 de marzo, finaliz\u00f3 el \ud835\udfd1\ud835\udfd2\u00b0 \ud835\udc02\ud835\udc2e\ud835\udc2b\ud835\udc2c\ud835\udc28 \ud835\udc1d\ud835\udc1e \ud835\udc09\ud835\udc1e\ud835\udc1f\ud835\udc1e \ud835\udc32 \ud835\udc12\ud835\udc20\ud835\udc2d\ud835\udc28. \ud835\udc1d\ud835\udc1e \ud835\udc12\ud835\udc1e\ud835\udc1c\ud835\udc1c\ud835\udc22\ud835\udc28\u0301\ud835\udc27 \ud835\udc1d\ud835\udc1e \ud835\udc08\ud835\udc27\ud835\udc1f\ud835\udc1a\ud835\udc27\ud835\udc2d\ud835\udc1e\ud835\udc2b\ud835\udc22\u0301\ud835\udc1a \ud835\udc0c\ud835\udc1e\ud835\udc1c\ud835\udc1a\ud835\udc27\ud835\udc22\ud835\udc33\ud835\udc1a\ud835\udc1d\ud835\udc1a \ud835\udc32 \ud835\udc01\ud835\udc25\ud835\udc22\ud835\udc27\ud835\udc1d\ud835\udc1a\ud835\udc1d\ud835\udc1a en el Batall\u00f3n de Infanter\u00eda Blindado N\u00ba 13 (Durazno), acorde al calendario de cursos del Centro de Instrucci\u00f3n de Infanter\u00eda. <\/p>\n\n\n\n<div style=\"height:26px\" aria-hidden=\"true\" class=\"wp-block-spacer\"><\/div>\n\n\n\n<p>Felicitamos a los 22 alumnos que durante 4 semanas superaron con esfuerzo la instrucci\u00f3n te\u00f3rica y pr\u00e1ctica. <\/p>\n\n\n\n<div style=\"height:26px\" aria-hidden=\"true\" class=\"wp-block-spacer\"><\/div>\n\n\n\n<p><em>Alumnos destacados:<\/em><\/p>\n\n\n\n<div style=\"height:26px\" aria-hidden=\"true\" class=\"wp-block-spacer\"><\/div>\n\n\n\n<p>&#8211; calificaci\u00f3n m\u00e1s alta del total de evaluaciones entre los Oficiales y calificaciones m\u00e1s alta en evaluaci\u00f3n de orden de operaciones &#8211; Alf. Braian Ruiz (Batall\u00f3n \u201cCapit\u00e1n Manuel Artigas\u201d de Infanter\u00eda Mecanizado N\u00b0 6)<\/p>\n\n\n\n<div style=\"height:26px\" aria-hidden=\"true\" class=\"wp-block-spacer\"><\/div>\n\n\n\n<p>&#8211; calificaci\u00f3n m\u00e1s alta del total de evaluaciones entre los Suboficiales &#8211; Sgto. Carlos Hern\u00e1ndez (Batall\u00f3n \u201cOriental\u201d de Infanter\u00eda Mec. N\u00b0 4)<\/p>\n\n\n\n<div style=\"height:26px\" aria-hidden=\"true\" class=\"wp-block-spacer\"><\/div>\n\n\n\n<p>&#8211; mejor camarada &#8211; Sgto. Luis Gonz\u00e1lez (Batall\u00f3n \u201cCap. Manuel Artigas\u201d de Infanter\u00eda Mec. N\u00b0 6)<\/p>\n\n\n\n<div style=\"height:26px\" aria-hidden=\"true\" class=\"wp-block-spacer\"><\/div>\n\n\n\n<p>Este curso tiene como misi\u00f3n fundamental preparar a los Jefes y Sargentos de Secci\u00f3n en el empleo y conducci\u00f3n de tropas con medios mecanizados y blindados conjuntamente, as\u00ed como tambi\u00e9n completar la formaci\u00f3n de los l\u00edderes de tropas.<\/p>\n\n\n\n<div style=\"height:26px\" aria-hidden=\"true\" class=\"wp-block-spacer\"><\/div>\n\n\n\n<figure class=\"wp-block-embed is-type-video is-provider-youtube wp-block-embed-youtube wp-embed-aspect-16-9 wp-has-aspect-ratio\"><div class=\"wp-block-embed__wrapper\">\n<iframe title=\"34\u00ba Curso de Jefe y Sargento de Secci\u00f3n de Infanter\u00eda Mecanizada y Blindada\" width=\"1778\" height=\"1000\" src=\"https:\/\/www.youtube.com\/embed\/0AIaUw_JKS4?feature=oembed\" frameborder=\"0\" allow=\"accelerometer; autoplay; clipboard-write; encrypted-media; gyroscope; picture-in-picture; web-share\" allowfullscreen><\/iframe>\n<\/div><\/figure>\n\n\n\n<div style=\"height:26px\" aria-hidden=\"true\" class=\"wp-block-spacer\"><\/div>\n","protected":false},"excerpt":{"rendered":"<p>11.04.2023 &#8211; El pasado viernes 31 de marzo, finaliz\u00f3 el 34\u00b0 Curso de Jefe y Sargento de Secci\u00f3n de Infanter\u00eda Mecanizada y Blindada en el Batall\u00f3n de Infanter\u00eda Blindado N\u00ba 13 (Durazno), acorde al calendario de cursos del Centro de Instrucci\u00f3n de Infanter\u00eda. <\/p>\n","protected":false},"author":4,"featured_media":20521,"comment_status":"open","ping_status":"open","sticky":false,"template":"","format":"standard","meta":{"_coblocks_attr":"","_coblocks_dimensions":"","_coblocks_responsive_height":"","_coblocks_accordion_ie_support":"","_monsterinsights_skip_tracking":false,"_monsterinsights_sitenote_active":false,"_monsterinsights_sitenote_note":"","_monsterinsights_sitenote_category":0,"_uf_show_specific_survey":0,"_uf_disable_surveys":false,"footnotes":""},"categories":[2,14,1],"tags":[857,613,70,71,13,818,856,902],"class_list":["post-20520","post","type-post","status-publish","format-standard","has-post-thumbnail","hentry","category-blog","category-noticias","category-sin-categoria","tag-blindada","tag-conduccion","tag-curso","tag-infanteria","tag-instruccion","tag-jefe","tag-mecanizada","tag-sargento"],"aioseo_notices":[],"_links":{"self":[{"href":"https:\/\/www.ejercito.mil.uy\/index.php\/wp-json\/wp\/v2\/posts\/20520","targetHints":{"allow":["GET"]}}],"collection":[{"href":"https:\/\/www.ejercito.mil.uy\/index.php\/wp-json\/wp\/v2\/posts"}],"about":[{"href":"https:\/\/www.ejercito.mil.uy\/index.php\/wp-json\/wp\/v2\/types\/post"}],"author":[{"embeddable":true,"href":"https:\/\/www.ejercito.mil.uy\/index.php\/wp-json\/wp\/v2\/users\/4"}],"replies":[{"embeddable":true,"href":"https:\/\/www.ejercito.mil.uy\/index.php\/wp-json\/wp\/v2\/comments?post=20520"}],"version-history":[{"count":6,"href":"https:\/\/www.ejercito.mil.uy\/index.php\/wp-json\/wp\/v2\/posts\/20520\/revisions"}],"predecessor-version":[{"id":20529,"href":"https:\/\/www.ejercito.mil.uy\/index.php\/wp-json\/wp\/v2\/posts\/20520\/revisions\/20529"}],"wp:featuredmedia":[{"embeddable":true,"href":"https:\/\/www.ejercito.mil.uy\/index.php\/wp-json\/wp\/v2\/media\/20521"}],"wp:attachment":[{"href":"https:\/\/www.ejercito.mil.uy\/index.php\/wp-json\/wp\/v2\/media?parent=20520"}],"wp:term":[{"taxonomy":"category","embeddable":true,"href":"https:\/\/www.ejercito.mil.uy\/index.php\/wp-json\/wp\/v2\/categories?post=20520"},{"taxonomy":"post_tag","embeddable":true,"href":"https:\/\/www.ejercito.mil.uy\/index.php\/wp-json\/wp\/v2\/tags?post=20520"}],"curies":[{"name":"wp","href":"https:\/\/api.w.org\/{rel}","templated":true}]}}