{"id":20557,"date":"2023-04-13T13:11:51","date_gmt":"2023-04-13T16:11:51","guid":{"rendered":"https:\/\/www.ejercito.mil.uy\/?p=20557"},"modified":"2023-04-13T13:11:51","modified_gmt":"2023-04-13T16:11:51","slug":"centro-de-instruccion-de-reclutas-de-la-reserva-general-del-ejercito","status":"publish","type":"post","link":"https:\/\/www.ejercito.mil.uy\/index.php\/2023\/04\/13\/centro-de-instruccion-de-reclutas-de-la-reserva-general-del-ejercito\/","title":{"rendered":"Centro de Instrucci\u00f3n de Reclutas de la Reserva General del Ej\u00e9rcito"},"content":{"rendered":"\n<p class=\"has-small-font-size\">2023.13.04 &#8211; Montevideo <\/p>\n\n\n\n<div style=\"height:50px\" aria-hidden=\"true\" class=\"wp-block-spacer\"><\/div>\n\n\n\n<p class=\"has-white-color has-vivid-red-background-color has-text-color has-background\"> Comenz\u00f3 en el Grupo de Artiller\u00eda N5, la \ud835\udc29\ud835\udc2b\ud835\udc22\ud835\udc26\ud835\udc1e\ud835\udc2b\ud835\udc1a \ud835\udc1f\ud835\udc1a\ud835\udc2c\ud835\udc1e \ud835\udc1d\ud835\udc1e\ud835\udc25 \ud835\udc29\ud835\udc2b\ud835\udc22\ud835\udc26\ud835\udc1e\ud835\udc2b \ud835\udc29\ud835\udc1e\ud835\udc2b\ud835\udc22\ud835\udc28\ud835\udc1d\ud835\udc28 \ud835\udc1d\ud835\udc1e\ud835\udc25 \ud835\udc02\ud835\udc1e\ud835\udc27\ud835\udc2d\ud835\udc2b\ud835\udc28 \ud835\udc1d\ud835\udc1e \ud835\udc08\ud835\udc27\ud835\udc2c\ud835\udc2d\ud835\udc2b\ud835\udc2e\ud835\udc1c\ud835\udc1c\ud835\udc22\ud835\udc28\u0301\ud835\udc27 \ud835\udc1d\ud835\udc1e \ud835\udc11\ud835\udc1e\ud835\udc1c\ud835\udc25\ud835\udc2e\ud835\udc2d\ud835\udc1a\ud835\udc2c correspondiente al \u00e1mbito de la Reserva General del Ej\u00e9rcito, con la participaci\u00f3n de 221 efectivos.  <\/p>\n\n\n\n<div style=\"height:50px\" aria-hidden=\"true\" class=\"wp-block-spacer\"><\/div>\n\n\n\n<div aria-label=\"Carousel Gallery\" class=\"wp-block-coblocks-gallery-carousel\"><div class=\"coblocks-gallery-carousel-swiper-container is-cropped coblocks-gallery has-no-alignment has-caption-style-dark has-no-thumbnails\"><div class=\"has-carousel has-carousel-xlrg swiper-container\" data-swiper=\"{&quot;alignCells&quot;:false,&quot;autoPlay&quot;:true,&quot;autoPlaySpeed&quot;:&quot;5000&quot;,&quot;draggable&quot;:true,&quot;freeScroll&quot;:false,&quot;loop&quot;:true,&quot;navigation&quot;:true,&quot;pageDots&quot;:false,&quot;pauseHover&quot;:false,&quot;responsiveHeight&quot;:false,&quot;slidesPerView&quot;:1,&quot;thumbnails&quot;:false,&quot;uuid&quot;:&quot;12345&quot;}\" id=\"12345\" style=\"height:550px\"><div class=\"swiper-wrapper\"><div class=\"swiper-slide\"><div class=\"coblocks-gallery--item\" role=\"button\"><figure class=\"coblocks-gallery--figure has-margin-left-mobile-5 has-margin-right-mobile-5\"><img fetchpriority=\"high\" decoding=\"async\" width=\"1024\" height=\"683\" alt=\"\" class=\"wp-image-20564\" data-id=\"20564\" data-link=\"https:\/\/www.ejercito.mil.uy\/?attachment_id=20564\" src=\"https:\/\/www.ejercito.mil.uy\/wp-content\/uploads\/2023\/04\/Centro-de-Instruccion-de-Reclutas-de-la-Reserva-General-del-Ejercito-1-1-1024x683.jpg\" srcset=\"https:\/\/www.ejercito.mil.uy\/wp-content\/uploads\/2023\/04\/Centro-de-Instruccion-de-Reclutas-de-la-Reserva-General-del-Ejercito-1-1-1024x683.jpg 1024w, https:\/\/www.ejercito.mil.uy\/wp-content\/uploads\/2023\/04\/Centro-de-Instruccion-de-Reclutas-de-la-Reserva-General-del-Ejercito-1-1-300x200.jpg 300w, https:\/\/www.ejercito.mil.uy\/wp-content\/uploads\/2023\/04\/Centro-de-Instruccion-de-Reclutas-de-la-Reserva-General-del-Ejercito-1-1.jpg 1200w\" sizes=\"(max-width: 1024px) 100vw, 1024px\" \/><\/figure><figcaption class=\"coblocks-gallery--caption coblocks-gallery--primary-caption\"><\/figcaption><\/div><\/div><div class=\"swiper-slide\"><div class=\"coblocks-gallery--item\" role=\"button\"><figure class=\"coblocks-gallery--figure has-margin-left-mobile-5 has-margin-right-mobile-5\"><img decoding=\"async\" width=\"1024\" height=\"683\" alt=\"\" class=\"wp-image-20565\" data-id=\"20565\" data-link=\"https:\/\/www.ejercito.mil.uy\/?attachment_id=20565\" src=\"https:\/\/www.ejercito.mil.uy\/wp-content\/uploads\/2023\/04\/Centro-de-Instruccion-de-Reclutas-de-la-Reserva-General-del-Ejercito-6-1024x683.jpg\" srcset=\"https:\/\/www.ejercito.mil.uy\/wp-content\/uploads\/2023\/04\/Centro-de-Instruccion-de-Reclutas-de-la-Reserva-General-del-Ejercito-6-1024x683.jpg 1024w, https:\/\/www.ejercito.mil.uy\/wp-content\/uploads\/2023\/04\/Centro-de-Instruccion-de-Reclutas-de-la-Reserva-General-del-Ejercito-6-300x200.jpg 300w, https:\/\/www.ejercito.mil.uy\/wp-content\/uploads\/2023\/04\/Centro-de-Instruccion-de-Reclutas-de-la-Reserva-General-del-Ejercito-6.jpg 1200w\" sizes=\"(max-width: 1024px) 100vw, 1024px\" \/><\/figure><figcaption class=\"coblocks-gallery--caption coblocks-gallery--primary-caption\"><\/figcaption><\/div><\/div><\/div><button class=\"nav-button__prev\" id=\"12345-prev\"><\/button><button class=\"nav-button__next\" id=\"12345-next\"><\/button><\/div><\/div><\/div>\n\n\n\n<div style=\"height:50px\" aria-hidden=\"true\" class=\"wp-block-spacer\"><\/div>\n\n\n\n<p>Desde el 21 de marzo al 20 de abril, nuestros camaradas recibir\u00e1n capacitaci\u00f3n colectiva e individual acorde a la formaci\u00f3n b\u00e1sica de Soldado como:  <\/p>\n\n\n\n<div style=\"height:50px\" aria-hidden=\"true\" class=\"wp-block-spacer\"><\/div>\n\n\n\n<p>&#8211; instrucci\u00f3n de orden cerrado y abierto (diurno y nocturno) <\/p>\n\n\n\n<div style=\"height:50px\" aria-hidden=\"true\" class=\"wp-block-spacer\"><\/div>\n\n\n\n<div class=\"wp-block-coblocks-gallery-stacked\"><ul class=\"coblocks-gallery has-no-alignment has-fullwidth-images has-custom-gutter\"><li class=\"coblocks-gallery--item\"><figure class=\"coblocks-gallery--figure\"><img decoding=\"async\" width=\"1024\" height=\"683\" alt=\"\" class=\"wp-image-20566 has-shadow-none\" data-id=\"20566\" data-imglink=\"\" data-link=\"https:\/\/www.ejercito.mil.uy\/?attachment_id=20566\" src=\"https:\/\/www.ejercito.mil.uy\/wp-content\/uploads\/2023\/04\/Centro-de-Instruccion-de-Reclutas-de-la-Reserva-General-del-Ejercito-4-1024x683.jpg\" srcset=\"https:\/\/www.ejercito.mil.uy\/wp-content\/uploads\/2023\/04\/Centro-de-Instruccion-de-Reclutas-de-la-Reserva-General-del-Ejercito-4-1024x683.jpg 1024w, https:\/\/www.ejercito.mil.uy\/wp-content\/uploads\/2023\/04\/Centro-de-Instruccion-de-Reclutas-de-la-Reserva-General-del-Ejercito-4-300x200.jpg 300w, https:\/\/www.ejercito.mil.uy\/wp-content\/uploads\/2023\/04\/Centro-de-Instruccion-de-Reclutas-de-la-Reserva-General-del-Ejercito-4.jpg 1200w\" sizes=\"(max-width: 1024px) 100vw, 1024px\" \/><\/figure><\/li><\/ul><\/div>\n\n\n\n<div style=\"height:50px\" aria-hidden=\"true\" class=\"wp-block-spacer\"><\/div>\n\n\n\n<p>&#8211; educaci\u00f3n f\u00edsica  <\/p>\n\n\n\n<div style=\"height:50px\" aria-hidden=\"true\" class=\"wp-block-spacer\"><\/div>\n\n\n\n<div aria-label=\"Carousel Gallery\" class=\"wp-block-coblocks-gallery-carousel\"><div class=\"coblocks-gallery-carousel-swiper-container is-cropped coblocks-gallery has-no-alignment has-caption-style-dark has-no-thumbnails\"><div class=\"has-carousel has-carousel-xlrg swiper-container\" data-swiper=\"{&quot;alignCells&quot;:false,&quot;autoPlay&quot;:true,&quot;autoPlaySpeed&quot;:&quot;5000&quot;,&quot;draggable&quot;:true,&quot;freeScroll&quot;:false,&quot;loop&quot;:true,&quot;navigation&quot;:true,&quot;pageDots&quot;:false,&quot;pauseHover&quot;:false,&quot;responsiveHeight&quot;:false,&quot;slidesPerView&quot;:1,&quot;thumbnails&quot;:false,&quot;uuid&quot;:&quot;12345&quot;}\" id=\"12345\" style=\"height:550px\"><div class=\"swiper-wrapper\"><div class=\"swiper-slide\"><div class=\"coblocks-gallery--item\" role=\"button\"><figure class=\"coblocks-gallery--figure has-margin-left-mobile-5 has-margin-right-mobile-5\"><img loading=\"lazy\" decoding=\"async\" width=\"1024\" height=\"683\" alt=\"\" class=\"wp-image-20569\" data-id=\"20569\" data-link=\"https:\/\/www.ejercito.mil.uy\/?attachment_id=20569\" src=\"https:\/\/www.ejercito.mil.uy\/wp-content\/uploads\/2023\/04\/Centro-de-Instruccion-de-Reclutas-de-la-Reserva-General-del-Ejercito-5-1024x683.jpg\" srcset=\"https:\/\/www.ejercito.mil.uy\/wp-content\/uploads\/2023\/04\/Centro-de-Instruccion-de-Reclutas-de-la-Reserva-General-del-Ejercito-5-1024x683.jpg 1024w, https:\/\/www.ejercito.mil.uy\/wp-content\/uploads\/2023\/04\/Centro-de-Instruccion-de-Reclutas-de-la-Reserva-General-del-Ejercito-5-300x200.jpg 300w, https:\/\/www.ejercito.mil.uy\/wp-content\/uploads\/2023\/04\/Centro-de-Instruccion-de-Reclutas-de-la-Reserva-General-del-Ejercito-5.jpg 1200w\" sizes=\"(max-width: 1024px) 100vw, 1024px\" \/><\/figure><figcaption class=\"coblocks-gallery--caption coblocks-gallery--primary-caption\"><\/figcaption><\/div><\/div><div class=\"swiper-slide\"><div class=\"coblocks-gallery--item\" role=\"button\"><figure class=\"coblocks-gallery--figure has-margin-left-mobile-5 has-margin-right-mobile-5\"><img loading=\"lazy\" decoding=\"async\" width=\"1024\" height=\"683\" alt=\"\" class=\"wp-image-20568\" data-id=\"20568\" data-link=\"https:\/\/www.ejercito.mil.uy\/?attachment_id=20568\" src=\"https:\/\/www.ejercito.mil.uy\/wp-content\/uploads\/2023\/04\/Centro-de-Instruccion-de-Reclutas-de-la-Reserva-General-del-Ejercito-3-1024x683.jpg\" srcset=\"https:\/\/www.ejercito.mil.uy\/wp-content\/uploads\/2023\/04\/Centro-de-Instruccion-de-Reclutas-de-la-Reserva-General-del-Ejercito-3-1024x683.jpg 1024w, https:\/\/www.ejercito.mil.uy\/wp-content\/uploads\/2023\/04\/Centro-de-Instruccion-de-Reclutas-de-la-Reserva-General-del-Ejercito-3-300x200.jpg 300w, https:\/\/www.ejercito.mil.uy\/wp-content\/uploads\/2023\/04\/Centro-de-Instruccion-de-Reclutas-de-la-Reserva-General-del-Ejercito-3.jpg 1200w\" sizes=\"(max-width: 1024px) 100vw, 1024px\" \/><\/figure><figcaption class=\"coblocks-gallery--caption coblocks-gallery--primary-caption\"><\/figcaption><\/div><\/div><\/div><button class=\"nav-button__prev\" id=\"12345-prev\"><\/button><button class=\"nav-button__next\" id=\"12345-next\"><\/button><\/div><\/div><\/div>\n\n\n\n<div style=\"height:50px\" aria-hidden=\"true\" class=\"wp-block-spacer\"><\/div>\n\n\n\n<p>&#8211; leyes, decretos y reglamentos vigentes para el personal <\/p>\n\n\n\n<div style=\"height:50px\" aria-hidden=\"true\" class=\"wp-block-spacer\"><\/div>\n\n\n\n<div class=\"wp-block-coblocks-gallery-stacked\"><ul class=\"coblocks-gallery has-no-alignment has-fullwidth-images has-custom-gutter\"><li class=\"coblocks-gallery--item\"><figure class=\"coblocks-gallery--figure\"><img loading=\"lazy\" decoding=\"async\" width=\"1024\" height=\"683\" alt=\"\" class=\"wp-image-20570 has-shadow-none\" data-id=\"20570\" data-imglink=\"\" data-link=\"https:\/\/www.ejercito.mil.uy\/?attachment_id=20570\" src=\"https:\/\/www.ejercito.mil.uy\/wp-content\/uploads\/2023\/04\/Centro-de-Instruccion-de-Reclutas-de-la-Reserva-General-del-Ejercito-7-1024x683.jpg\" srcset=\"https:\/\/www.ejercito.mil.uy\/wp-content\/uploads\/2023\/04\/Centro-de-Instruccion-de-Reclutas-de-la-Reserva-General-del-Ejercito-7-1024x683.jpg 1024w, https:\/\/www.ejercito.mil.uy\/wp-content\/uploads\/2023\/04\/Centro-de-Instruccion-de-Reclutas-de-la-Reserva-General-del-Ejercito-7-300x200.jpg 300w, https:\/\/www.ejercito.mil.uy\/wp-content\/uploads\/2023\/04\/Centro-de-Instruccion-de-Reclutas-de-la-Reserva-General-del-Ejercito-7.jpg 1200w\" sizes=\"(max-width: 1024px) 100vw, 1024px\" \/><\/figure><\/li><\/ul><\/div>\n\n\n\n<div style=\"height:50px\" aria-hidden=\"true\" class=\"wp-block-spacer\"><\/div>\n\n\n\n<p>Cabe destacar, que la segunda fase continuar\u00e1 en cada Unidad dependiente, para finalizar con una evaluaci\u00f3n centralizada en el mes de mayo. <\/p>\n","protected":false},"excerpt":{"rendered":"<p>13.04.2023 &#8211; Comenz\u00f3 en el Grupo de Artiller\u00eda N5, la primera fase del primer periodo del Centro de Instrucci\u00f3n de Reclutas correspondiente al \u00e1mbito de la Reserva General del Ej\u00e9rcito, con la participaci\u00f3n de 221 efectivos. <\/p>\n","protected":false},"author":14,"featured_media":20562,"comment_status":"open","ping_status":"open","sticky":false,"template":"","format":"standard","meta":{"_coblocks_attr":"","_coblocks_dimensions":"","_coblocks_responsive_height":"","_coblocks_accordion_ie_support":"","_monsterinsights_skip_tracking":false,"_monsterinsights_sitenote_active":false,"_monsterinsights_sitenote_note":"","_monsterinsights_sitenote_category":0,"_uf_show_specific_survey":0,"_uf_disable_surveys":false,"footnotes":""},"categories":[2,14,1],"tags":[314,769,565,310,13,733,905],"class_list":["post-20557","post","type-post","status-publish","format-standard","has-post-thumbnail","hentry","category-blog","category-noticias","category-sin-categoria","tag-capacitacion","tag-centro","tag-ejercicios","tag-formacion","tag-instruccion","tag-reclutas","tag-soldado"],"aioseo_notices":[],"_links":{"self":[{"href":"https:\/\/www.ejercito.mil.uy\/index.php\/wp-json\/wp\/v2\/posts\/20557","targetHints":{"allow":["GET"]}}],"collection":[{"href":"https:\/\/www.ejercito.mil.uy\/index.php\/wp-json\/wp\/v2\/posts"}],"about":[{"href":"https:\/\/www.ejercito.mil.uy\/index.php\/wp-json\/wp\/v2\/types\/post"}],"author":[{"embeddable":true,"href":"https:\/\/www.ejercito.mil.uy\/index.php\/wp-json\/wp\/v2\/users\/14"}],"replies":[{"embeddable":true,"href":"https:\/\/www.ejercito.mil.uy\/index.php\/wp-json\/wp\/v2\/comments?post=20557"}],"version-history":[{"count":3,"href":"https:\/\/www.ejercito.mil.uy\/index.php\/wp-json\/wp\/v2\/posts\/20557\/revisions"}],"predecessor-version":[{"id":20572,"href":"https:\/\/www.ejercito.mil.uy\/index.php\/wp-json\/wp\/v2\/posts\/20557\/revisions\/20572"}],"wp:featuredmedia":[{"embeddable":true,"href":"https:\/\/www.ejercito.mil.uy\/index.php\/wp-json\/wp\/v2\/media\/20562"}],"wp:attachment":[{"href":"https:\/\/www.ejercito.mil.uy\/index.php\/wp-json\/wp\/v2\/media?parent=20557"}],"wp:term":[{"taxonomy":"category","embeddable":true,"href":"https:\/\/www.ejercito.mil.uy\/index.php\/wp-json\/wp\/v2\/categories?post=20557"},{"taxonomy":"post_tag","embeddable":true,"href":"https:\/\/www.ejercito.mil.uy\/index.php\/wp-json\/wp\/v2\/tags?post=20557"}],"curies":[{"name":"wp","href":"https:\/\/api.w.org\/{rel}","templated":true}]}}