{"id":20573,"date":"2023-04-13T16:42:45","date_gmt":"2023-04-13T19:42:45","guid":{"rendered":"https:\/\/www.ejercito.mil.uy\/?p=20573"},"modified":"2023-04-15T18:01:09","modified_gmt":"2023-04-15T21:01:09","slug":"aniversario-del-instituto-militar-de-estudios-superiores","status":"publish","type":"post","link":"https:\/\/www.ejercito.mil.uy\/index.php\/2023\/04\/13\/aniversario-del-instituto-militar-de-estudios-superiores\/","title":{"rendered":"Aniversario del Instituto Militar de Estudios Superiores"},"content":{"rendered":"\n<p class=\"has-small-font-size\">13.04.2023 &#8211; Montevideo <\/p>\n\n\n\n<div style=\"height:50px\" aria-hidden=\"true\" class=\"wp-block-spacer\"><\/div>\n\n\n\n<p class=\"has-white-color has-text-color has-background\" style=\"background-color:#2c6789\">Esta ma\u00f1ana, se realiz\u00f3 la ceremonia por el 95\u00b0 aniversario del Instituto Militar de Estudios Superiores (IMES) en el Auditorio \u00abGral. Jos\u00e9 Gervasio Artigas\u00bb. <\/p>\n\n\n\n<div style=\"height:50px\" aria-hidden=\"true\" class=\"wp-block-spacer\"><\/div>\n\n\n\n<p>En primera instancia, el Sr. Ministro de Defensa Nacional, Dr. Javier Garc\u00eda, salud\u00f3 a la Banda de M\u00fasicos de la <a rel=\"noreferrer noopener\" href=\"https:\/\/www.facebook.com\/EscuelaMilitarUruguay\/?__cft__[0]=AZVwTMrO_Z_qYdloFhn6x75Swounj837obLjSZbtkieHDohC9FEk9E-og_5na0z6ip5BmOzCg3oJmyqZkc_ahFFyyPSgAw5a181l5Lvk4f0gWF66eemOZd7Al6MDr7lr-KI-EcqMGXnC9yAygDjyEDz5Oo4sPgALZIAmQDKbI9Vj9_SlA7p31MN3BOrLdNv0Krs&amp;__tn__=kK-R\" target=\"_blank\">Escuela Militar Uruguay<\/a> (EM) y a los integrantes del IMES.<\/p>\n\n\n\n<div style=\"height:50px\" aria-hidden=\"true\" class=\"wp-block-spacer\"><\/div>\n\n\n\n<p>Posteriormente, la Banda de M\u00fasicos de la EM, ejecut\u00f3 el Himno Nacional y se invit\u00f3 a los presentes a entonar sus estrofas.<\/p>\n\n\n\n<div style=\"height:50px\" aria-hidden=\"true\" class=\"wp-block-spacer\"><\/div>\n\n\n\n<div aria-label=\"Carousel Gallery\" class=\"wp-block-coblocks-gallery-carousel\"><div class=\"coblocks-gallery-carousel-swiper-container is-cropped coblocks-gallery has-no-alignment has-caption-style-dark has-no-thumbnails\"><div class=\"has-carousel has-carousel-xlrg swiper-container\" data-swiper=\"{&quot;alignCells&quot;:false,&quot;autoPlay&quot;:true,&quot;autoPlaySpeed&quot;:&quot;5000&quot;,&quot;draggable&quot;:true,&quot;freeScroll&quot;:false,&quot;loop&quot;:true,&quot;navigation&quot;:true,&quot;pageDots&quot;:false,&quot;pauseHover&quot;:false,&quot;responsiveHeight&quot;:false,&quot;slidesPerView&quot;:1,&quot;thumbnails&quot;:false,&quot;uuid&quot;:&quot;12345&quot;}\" id=\"12345\" style=\"height:550px\"><div class=\"swiper-wrapper\"><div class=\"swiper-slide\"><div class=\"coblocks-gallery--item\" role=\"button\"><figure class=\"coblocks-gallery--figure has-margin-left-mobile-5 has-margin-right-mobile-5\"><img fetchpriority=\"high\" decoding=\"async\" width=\"1024\" height=\"683\" alt=\"\" class=\"wp-image-20577\" data-id=\"20577\" data-link=\"https:\/\/www.ejercito.mil.uy\/?attachment_id=20577\" src=\"https:\/\/www.ejercito.mil.uy\/wp-content\/uploads\/2023\/04\/Aniversario-del-Instituto-Militar-de-Estudios-Superiores-5-1024x683.jpg\" srcset=\"https:\/\/www.ejercito.mil.uy\/wp-content\/uploads\/2023\/04\/Aniversario-del-Instituto-Militar-de-Estudios-Superiores-5-1024x683.jpg 1024w, https:\/\/www.ejercito.mil.uy\/wp-content\/uploads\/2023\/04\/Aniversario-del-Instituto-Militar-de-Estudios-Superiores-5-300x200.jpg 300w, https:\/\/www.ejercito.mil.uy\/wp-content\/uploads\/2023\/04\/Aniversario-del-Instituto-Militar-de-Estudios-Superiores-5.jpg 1200w\" sizes=\"(max-width: 1024px) 100vw, 1024px\" \/><\/figure><figcaption class=\"coblocks-gallery--caption coblocks-gallery--primary-caption\"><\/figcaption><\/div><\/div><div class=\"swiper-slide\"><div class=\"coblocks-gallery--item\" role=\"button\"><figure class=\"coblocks-gallery--figure has-margin-left-mobile-5 has-margin-right-mobile-5\"><img decoding=\"async\" width=\"1024\" height=\"683\" alt=\"\" class=\"wp-image-20581\" data-id=\"20581\" data-link=\"https:\/\/www.ejercito.mil.uy\/?attachment_id=20581\" src=\"https:\/\/www.ejercito.mil.uy\/wp-content\/uploads\/2023\/04\/Aniversario-del-Instituto-Militar-de-Estudios-Superiores-6-1024x683.jpg\" srcset=\"https:\/\/www.ejercito.mil.uy\/wp-content\/uploads\/2023\/04\/Aniversario-del-Instituto-Militar-de-Estudios-Superiores-6-1024x683.jpg 1024w, https:\/\/www.ejercito.mil.uy\/wp-content\/uploads\/2023\/04\/Aniversario-del-Instituto-Militar-de-Estudios-Superiores-6-300x200.jpg 300w, https:\/\/www.ejercito.mil.uy\/wp-content\/uploads\/2023\/04\/Aniversario-del-Instituto-Militar-de-Estudios-Superiores-6.jpg 1200w\" sizes=\"(max-width: 1024px) 100vw, 1024px\" \/><\/figure><figcaption class=\"coblocks-gallery--caption coblocks-gallery--primary-caption\"><\/figcaption><\/div><\/div><\/div><button class=\"nav-button__prev\" id=\"12345-prev\"><\/button><button class=\"nav-button__next\" id=\"12345-next\"><\/button><\/div><\/div><\/div>\n\n\n\n<div style=\"height:50px\" aria-hidden=\"true\" class=\"wp-block-spacer\"><\/div>\n\n\n\n<p>Para finalizar, el Sr. Director General del Instituto, Cnel. Alejandro C\u00f3rdoba, hizo uso de la palabra haciendo alusi\u00f3n a la fecha. \u00ab\ud835\udc0f\ud835\udc1a\ud835\udc2b\ud835\udc1a\ud835\udc25\ud835\udc1e\ud835\udc25\ud835\udc1a\ud835\udc26\ud835\udc1e\ud835\udc27\ud835\udc2d\ud835\udc1e \ud835\udc2c\ud835\udc1e \ud835\udc21\ud835\udc1a \ud835\udc26\ud835\udc1a\ud835\udc27\ud835\udc2d\ud835\udc1e\ud835\udc27\ud835\udc22\ud835\udc1d\ud835\udc28 \ud835\udc1c\ud835\udc28\ud835\udc27\ud835\udc2c\ud835\udc2d\ud835\udc1a\ud835\udc27\ud835\udc2d\ud835\udc1e \ud835\udc25\ud835\udc1a \ud835\udc1e\ud835\udc1d\ud835\udc2e\ud835\udc1c\ud835\udc1a\ud835\udc1c\ud835\udc22\ud835\udc28\u0301\ud835\udc27 \ud835\udc1e\ud835\udc27 \ud835\udc2f\ud835\udc1a\ud835\udc25\ud835\udc28\ud835\udc2b\ud835\udc1e\ud835\udc2c \ud835\udc32 \ud835\udc2f\ud835\udc22\ud835\udc2b\ud835\udc2d\ud835\udc2e\ud835\udc1d\ud835\udc1e\ud835\udc2c \ud835\udc2a\ud835\udc2e\ud835\udc1e \ud835\udc1d\ud835\udc1e\ud835\udc1b\ud835\udc1e \ud835\udc29\ud835\udc28\ud835\udc2c\ud835\udc1e\ud835\udc1e\ud835\udc2b \ud835\udc2e\ud835\udc27 \ud835\udc0e\ud835\udc1f\ud835\udc22\ud835\udc1c\ud835\udc22\ud835\udc1a\ud835\udc25, \ud835\udc1d\ud835\udc1e \ud835\udc26\ud835\udc28\ud835\udc1d\ud835\udc28 \ud835\udc1d\ud835\udc1e \ud835\udc1a\ud835\udc2c\ud835\udc1e\ud835\udc20\ud835\udc2e\ud835\udc2b\ud835\udc1a\ud835\udc2b \ud835\udc1b\ud835\udc1a\ud835\udc23\ud835\udc28 \ud835\udc1c\ud835\udc2e\ud835\udc1a\ud835\udc25\ud835\udc2a\ud835\udc2e\ud835\udc22\ud835\udc1e\ud835\udc2b \ud835\udc1c\ud835\udc22\ud835\udc2b\ud835\udc1c\ud835\udc2e\ud835\udc27\ud835\udc2c\ud835\udc2d\ud835\udc1a\ud835\udc27\ud835\udc1c\ud835\udc22\ud835\udc1a, \ud835\udc29\ud835\udc2b\ud835\udc28\ud835\udc1c\ud835\udc1e\ud835\udc1d\ud835\udc22\ud835\udc26\ud835\udc22\ud835\udc1e\ud835\udc27\ud835\udc2d\ud835\udc28\ud835\udc2c \ud835\udc32 \ud835\udc1c\ud835\udc28\ud835\udc27\ud835\udc1d\ud835\udc2e\ud835\udc1c\ud835\udc2d\ud835\udc1a\ud835\udc2c \ud835\udc1e\ud835\udc27\ud835\udc26\ud835\udc1a\ud835\udc2b\ud835\udc1c\ud835\udc1a\ud835\udc1d\ud835\udc1a\ud835\udc2c \ud835\udc1e\ud835\udc27 \ud835\udc25\ud835\udc1a\ud835\udc2c \ud835\udc26\ud835\udc1a\u0301\ud835\udc2c \ud835\udc29\ud835\udc2b\ud835\udc28\ud835\udc1f\ud835\udc2e\ud835\udc27\ud835\udc1d\ud835\udc1a\ud835\udc2c \ud835\udc32 \ud835\udc21\ud835\udc28\ud835\udc27\ud835\udc28\ud835\udc2b\ud835\udc1a\ud835\udc1b\ud835\udc25\ud835\udc1e\ud835\udc2c \ud835\udc2d\ud835\udc2b\ud835\udc1a\ud835\udc1d\ud835\udc22\ud835\udc1c\ud835\udc22\ud835\udc28\ud835\udc27\ud835\udc1e\ud835\udc2c \ud835\udc26\ud835\udc22\ud835\udc25\ud835\udc22\ud835\udc2d\ud835\udc1a\ud835\udc2b\ud835\udc1e\ud835\udc2c (\u2026) \ud835\udc18 \ud835\udc1a \ud835\udc27\ud835\udc2e\ud835\udc1e\ud835\udc2c\ud835\udc2d\ud835\udc2b\ud835\udc28\ud835\udc2c \ud835\udc1a\ud835\udc25\ud835\udc2e\ud835\udc26\ud835\udc27\ud835\udc28\ud835\udc2c, \ud835\udc2f\ud835\udc1a\ud835\udc32\ud835\udc1a \ud835\udc27\ud835\udc2e\ud835\udc1e\ud835\udc2c\ud835\udc2d\ud835\udc2b\ud835\udc28 \ud835\udc1a\ud835\udc25\ud835\udc22\ud835\udc1e\ud835\udc27\ud835\udc2d\ud835\udc28 \ud835\udc29\ud835\udc1a\ud835\udc2b\ud835\udc1a \ud835\udc1c\ud835\udc28\ud835\udc27\ud835\udc2d\ud835\udc22\ud835\udc27\ud835\udc2e\ud835\udc1a\ud835\udc2b \ud835\udc1d\ud835\udc1a\ud835\udc27\ud835\udc1d\ud835\udc28 \ud835\udc1d\ud835\udc1e \ud835\udc2c\ud835\udc22\u0301 \ud835\udc25\ud835\udc28 \ud835\udc26\ud835\udc1e\ud835\udc23\ud835\udc28\ud835\udc2b, \ud835\udc1c\ud835\udc28\ud835\udc27 \ud835\udc1c\ud835\udc28\ud835\udc26\ud835\udc29\ud835\udc2b\ud835\udc28\ud835\udc26\ud835\udc22\ud835\udc2c\ud835\udc28 \ud835\udc32 \ud835\udc29\ud835\udc2b\ud835\udc28\ud835\udc1f\ud835\udc1e\ud835\udc2c\ud835\udc22\ud835\udc28\ud835\udc27\ud835\udc1a\ud835\udc25\ud835\udc22\ud835\udc2c\ud835\udc26\ud835\udc28 (\u2026) \ud835\udc0f\ud835\udc1a\ud835\udc2b\ud835\udc1a\ud835\udc1f\ud835\udc2b\ud835\udc1a\ud835\udc2c\ud835\udc1e\ud835\udc1a\ud835\udc27\ud835\udc1d\ud835\udc28 \ud835\udc1a \ud835\udc27\ud835\udc2e\ud835\udc1e\ud835\udc2c\ud835\udc2d\ud835\udc2b\ud835\udc28 \ud835\udc0f\ud835\udc2b\ud835\udc28\u0301\ud835\udc1c\ud835\udc1e\ud835\udc2b \u00b4\ud835\udc0d\ud835\udc1a\ud835\udc1d\ud835\udc1a \ud835\udc29\ud835\udc28\ud835\udc1d\ud835\udc1e\ud835\udc26\ud835\udc28\ud835\udc2c \ud835\udc1e\ud835\udc2c\ud835\udc29\ud835\udc1e\ud835\udc2b\ud835\udc1a\ud835\udc2b, \ud835\udc2c\ud835\udc22\ud835\udc27\ud835\udc28 \ud835\udc1e\ud835\udc2c \ud835\udc1d\ud835\udc1e \ud835\udc27\ud835\udc28\ud835\udc2c\ud835\udc28\ud835\udc2d\ud835\udc2b\ud835\udc28\ud835\udc2c \ud835\udc26\ud835\udc22\ud835\udc2c\ud835\udc26\ud835\udc28\ud835\udc2c.\u00b4\u00bb <\/p>\n\n\n\n<div style=\"height:50px\" aria-hidden=\"true\" class=\"wp-block-spacer\"><\/div>\n\n\n\n<div class=\"wp-block-coblocks-gallery-stacked\"><ul class=\"coblocks-gallery has-no-alignment has-fullwidth-images has-custom-gutter\"><li class=\"coblocks-gallery--item\"><figure class=\"coblocks-gallery--figure\"><img decoding=\"async\" width=\"1024\" height=\"683\" alt=\"\" class=\"wp-image-20578 has-shadow-none\" data-id=\"20578\" data-imglink=\"\" data-link=\"https:\/\/www.ejercito.mil.uy\/?attachment_id=20578\" src=\"https:\/\/www.ejercito.mil.uy\/wp-content\/uploads\/2023\/04\/Aniversario-del-Instituto-Militar-de-Estudios-Superiores-2-1024x683.jpg\" srcset=\"https:\/\/www.ejercito.mil.uy\/wp-content\/uploads\/2023\/04\/Aniversario-del-Instituto-Militar-de-Estudios-Superiores-2-1024x683.jpg 1024w, https:\/\/www.ejercito.mil.uy\/wp-content\/uploads\/2023\/04\/Aniversario-del-Instituto-Militar-de-Estudios-Superiores-2-300x200.jpg 300w, https:\/\/www.ejercito.mil.uy\/wp-content\/uploads\/2023\/04\/Aniversario-del-Instituto-Militar-de-Estudios-Superiores-2.jpg 1200w\" sizes=\"(max-width: 1024px) 100vw, 1024px\" \/><\/figure><\/li><\/ul><\/div>\n\n\n\n<div style=\"height:50px\" aria-hidden=\"true\" class=\"wp-block-spacer\"><\/div>\n\n\n\n<p>Adem\u00e1s se cont\u00f3 con la presencia del Sr. Subsecretario del Ministerio de Defensa Nacional, Cnel. (R) Rivera Elgue; el Sr. Comandante en Jefe del Ej\u00e9rcito, Gral. de Ej\u00e9rcito Mario Stevenazzi; el Sr. Director General del Sistema de Ense\u00f1anza del Ej\u00e9rcito, Gral. Luis Mangini, entre otras autoridades.<\/p>\n\n\n\n<div style=\"height:50px\" aria-hidden=\"true\" class=\"wp-block-spacer\"><\/div>\n\n\n\n<div class=\"wp-block-columns is-layout-flex wp-container-core-columns-is-layout-28f84493 wp-block-columns-is-layout-flex\">\n<div class=\"wp-block-column is-layout-flow wp-block-column-is-layout-flow\">\n<div class=\"wp-block-coblocks-gallery-stacked\"><ul class=\"coblocks-gallery has-no-alignment has-fullwidth-images has-custom-gutter\"><li class=\"coblocks-gallery--item\"><figure class=\"coblocks-gallery--figure\"><img loading=\"lazy\" decoding=\"async\" width=\"1024\" height=\"683\" alt=\"\" class=\"wp-image-20579 has-shadow-none\" data-id=\"20579\" data-imglink=\"\" data-link=\"https:\/\/www.ejercito.mil.uy\/?attachment_id=20579\" src=\"https:\/\/www.ejercito.mil.uy\/wp-content\/uploads\/2023\/04\/Aniversario-del-Instituto-Militar-de-Estudios-Superiores-1-1024x683.jpg\" srcset=\"https:\/\/www.ejercito.mil.uy\/wp-content\/uploads\/2023\/04\/Aniversario-del-Instituto-Militar-de-Estudios-Superiores-1-1024x683.jpg 1024w, https:\/\/www.ejercito.mil.uy\/wp-content\/uploads\/2023\/04\/Aniversario-del-Instituto-Militar-de-Estudios-Superiores-1-300x200.jpg 300w, https:\/\/www.ejercito.mil.uy\/wp-content\/uploads\/2023\/04\/Aniversario-del-Instituto-Militar-de-Estudios-Superiores-1.jpg 1200w\" sizes=\"(max-width: 1024px) 100vw, 1024px\" \/><\/figure><\/li><\/ul><\/div>\n<\/div>\n\n\n\n<div class=\"wp-block-column is-layout-flow wp-block-column-is-layout-flow\">\n<div class=\"wp-block-coblocks-gallery-stacked\"><ul class=\"coblocks-gallery has-no-alignment has-fullwidth-images has-custom-gutter\"><li class=\"coblocks-gallery--item\"><figure class=\"coblocks-gallery--figure\"><img loading=\"lazy\" decoding=\"async\" width=\"1024\" height=\"683\" alt=\"\" class=\"wp-image-20580 has-shadow-none\" data-id=\"20580\" data-imglink=\"\" data-link=\"https:\/\/www.ejercito.mil.uy\/?attachment_id=20580\" src=\"https:\/\/www.ejercito.mil.uy\/wp-content\/uploads\/2023\/04\/Aniversario-del-Instituto-Militar-de-Estudios-Superiores-7-1024x683.jpg\" srcset=\"https:\/\/www.ejercito.mil.uy\/wp-content\/uploads\/2023\/04\/Aniversario-del-Instituto-Militar-de-Estudios-Superiores-7-1024x683.jpg 1024w, https:\/\/www.ejercito.mil.uy\/wp-content\/uploads\/2023\/04\/Aniversario-del-Instituto-Militar-de-Estudios-Superiores-7-300x200.jpg 300w, https:\/\/www.ejercito.mil.uy\/wp-content\/uploads\/2023\/04\/Aniversario-del-Instituto-Militar-de-Estudios-Superiores-7.jpg 1200w\" sizes=\"(max-width: 1024px) 100vw, 1024px\" \/><\/figure><\/li><\/ul><\/div>\n<\/div>\n<\/div>\n","protected":false},"excerpt":{"rendered":"<p>13.04.2023 &#8211; Esta ma\u00f1ana, se realiz\u00f3 la ceremonia por el 95\u00b0 aniversario del Instituto Militar de Estudios Superiores (IMES) en el Auditorio \u00abGral. Jos\u00e9 Gervasio Artigas\u00bb. <\/p>\n","protected":false},"author":14,"featured_media":20574,"comment_status":"open","ping_status":"open","sticky":false,"template":"","format":"standard","meta":{"_coblocks_attr":"","_coblocks_dimensions":"","_coblocks_responsive_height":"","_coblocks_accordion_ie_support":"","_monsterinsights_skip_tracking":false,"_monsterinsights_sitenote_active":false,"_monsterinsights_sitenote_note":"","_monsterinsights_sitenote_category":0,"_uf_show_specific_survey":0,"_uf_disable_surveys":false,"footnotes":""},"categories":[2,14,1],"tags":[314,769,565,310,13,733,905],"class_list":["post-20573","post","type-post","status-publish","format-standard","has-post-thumbnail","hentry","category-blog","category-noticias","category-sin-categoria","tag-capacitacion","tag-centro","tag-ejercicios","tag-formacion","tag-instruccion","tag-reclutas","tag-soldado"],"aioseo_notices":[],"_links":{"self":[{"href":"https:\/\/www.ejercito.mil.uy\/index.php\/wp-json\/wp\/v2\/posts\/20573","targetHints":{"allow":["GET"]}}],"collection":[{"href":"https:\/\/www.ejercito.mil.uy\/index.php\/wp-json\/wp\/v2\/posts"}],"about":[{"href":"https:\/\/www.ejercito.mil.uy\/index.php\/wp-json\/wp\/v2\/types\/post"}],"author":[{"embeddable":true,"href":"https:\/\/www.ejercito.mil.uy\/index.php\/wp-json\/wp\/v2\/users\/14"}],"replies":[{"embeddable":true,"href":"https:\/\/www.ejercito.mil.uy\/index.php\/wp-json\/wp\/v2\/comments?post=20573"}],"version-history":[{"count":5,"href":"https:\/\/www.ejercito.mil.uy\/index.php\/wp-json\/wp\/v2\/posts\/20573\/revisions"}],"predecessor-version":[{"id":20594,"href":"https:\/\/www.ejercito.mil.uy\/index.php\/wp-json\/wp\/v2\/posts\/20573\/revisions\/20594"}],"wp:featuredmedia":[{"embeddable":true,"href":"https:\/\/www.ejercito.mil.uy\/index.php\/wp-json\/wp\/v2\/media\/20574"}],"wp:attachment":[{"href":"https:\/\/www.ejercito.mil.uy\/index.php\/wp-json\/wp\/v2\/media?parent=20573"}],"wp:term":[{"taxonomy":"category","embeddable":true,"href":"https:\/\/www.ejercito.mil.uy\/index.php\/wp-json\/wp\/v2\/categories?post=20573"},{"taxonomy":"post_tag","embeddable":true,"href":"https:\/\/www.ejercito.mil.uy\/index.php\/wp-json\/wp\/v2\/tags?post=20573"}],"curies":[{"name":"wp","href":"https:\/\/api.w.org\/{rel}","templated":true}]}}