{"id":20621,"date":"2023-04-15T17:40:26","date_gmt":"2023-04-15T20:40:26","guid":{"rendered":"https:\/\/www.ejercito.mil.uy\/?p=20621"},"modified":"2023-06-21T11:59:20","modified_gmt":"2023-06-21T14:59:20","slug":"campana-de-tiro","status":"publish","type":"post","link":"https:\/\/www.ejercito.mil.uy\/index.php\/2023\/04\/15\/campana-de-tiro\/","title":{"rendered":"Capacitaci\u00f3n permanente de nuestros efectivos"},"content":{"rendered":"\n<p class=\"has-small-font-size\">14.04.2023 &#8211; Canelones <\/p>\n\n\n\n<div style=\"height:33px\" aria-hidden=\"true\" class=\"wp-block-spacer\"><\/div>\n\n\n\n<p class=\"has-white-color has-text-color has-background\" style=\"background-color:#0baf73\"><strong>El martes 11 de abril, la Escuela de Capacitaci\u00f3n y Perfeccionamiento del Personal Subalterno de las Armas del Ej\u00e9rcito, desarroll\u00f3 una \ud835\udc1c\ud835\udc1a\ud835\udc26\ud835\udc29\ud835\udc1a\ud835\udc27\u0303\ud835\udc1a \ud835\udc1d\ud835\udc1e \ud835\udc2d\ud835\udc22\ud835\udc2b\ud835\udc28 en los predios del Campo Militar Vidiella (Canelones), con la participaci\u00f3n de m\u00e1s de 200 alumnos.<\/strong><\/p>\n\n\n\n<div style=\"height:33px\" aria-hidden=\"true\" class=\"wp-block-spacer\"><\/div>\n\n\n\n<p>Esta actividad est\u00e1 bajo el marco de la instrucci\u00f3n que reciben los futuros Cabos, Sargentos y Suboficiales del Ej\u00e9rcito, que realizan los cursos de pasaje de grado acorde al plan de carrera del personal subalterno. <\/p>\n\n\n\n<div style=\"height:33px\" aria-hidden=\"true\" class=\"wp-block-spacer\"><\/div>\n\n\n\n<figure class=\"wp-block-image size-large\"><img fetchpriority=\"high\" decoding=\"async\" width=\"1024\" height=\"683\" src=\"https:\/\/www.ejercito.mil.uy\/wp-content\/uploads\/2023\/04\/Campana-de-tiro-10-1024x683.jpg\" alt=\"\" class=\"wp-image-20634\" srcset=\"https:\/\/www.ejercito.mil.uy\/wp-content\/uploads\/2023\/04\/Campana-de-tiro-10-1024x683.jpg 1024w, https:\/\/www.ejercito.mil.uy\/wp-content\/uploads\/2023\/04\/Campana-de-tiro-10-300x200.jpg 300w, https:\/\/www.ejercito.mil.uy\/wp-content\/uploads\/2023\/04\/Campana-de-tiro-10.jpg 1200w\" sizes=\"(max-width: 1024px) 100vw, 1024px\" \/><\/figure>\n\n\n\n<div style=\"height:50px\" aria-hidden=\"true\" class=\"wp-block-spacer\"><\/div>\n\n\n\n<p>La capacitaci\u00f3n consisti\u00f3 en: <\/p>\n\n\n\n<div style=\"height:33px\" aria-hidden=\"true\" class=\"wp-block-spacer\"><\/div>\n\n\n\n<p>&#8211; caracter\u00edsticas de distintos tipos de armamento<\/p>\n\n\n\n<div style=\"height:33px\" aria-hidden=\"true\" class=\"wp-block-spacer\"><\/div>\n\n\n\n<div aria-label=\"Carousel Gallery\" class=\"wp-block-coblocks-gallery-carousel\"><div class=\"coblocks-gallery-carousel-swiper-container is-cropped coblocks-gallery has-no-alignment has-caption-style-dark has-no-thumbnails\"><div class=\"has-carousel has-carousel-xlrg swiper-container\" data-swiper=\"{&quot;alignCells&quot;:false,&quot;autoPlay&quot;:true,&quot;autoPlaySpeed&quot;:&quot;5000&quot;,&quot;draggable&quot;:true,&quot;freeScroll&quot;:false,&quot;loop&quot;:true,&quot;navigation&quot;:true,&quot;pageDots&quot;:false,&quot;pauseHover&quot;:false,&quot;responsiveHeight&quot;:false,&quot;slidesPerView&quot;:1,&quot;thumbnails&quot;:false,&quot;uuid&quot;:&quot;12345&quot;}\" id=\"12345\" style=\"height:550px\"><div class=\"swiper-wrapper\"><div class=\"swiper-slide\"><div class=\"coblocks-gallery--item\" role=\"button\"><figure class=\"coblocks-gallery--figure\"><img decoding=\"async\" width=\"1024\" height=\"683\" alt=\"\" class=\"wp-image-20626\" data-id=\"20626\" data-link=\"https:\/\/www.ejercito.mil.uy\/?attachment_id=20626\" src=\"https:\/\/www.ejercito.mil.uy\/wp-content\/uploads\/2023\/04\/Campana-de-tiro-5-1024x683.jpg\" srcset=\"https:\/\/www.ejercito.mil.uy\/wp-content\/uploads\/2023\/04\/Campana-de-tiro-5-1024x683.jpg 1024w, https:\/\/www.ejercito.mil.uy\/wp-content\/uploads\/2023\/04\/Campana-de-tiro-5-300x200.jpg 300w, https:\/\/www.ejercito.mil.uy\/wp-content\/uploads\/2023\/04\/Campana-de-tiro-5.jpg 1200w\" sizes=\"(max-width: 1024px) 100vw, 1024px\" \/><\/figure><figcaption class=\"coblocks-gallery--caption coblocks-gallery--primary-caption\"><\/figcaption><\/div><\/div><div class=\"swiper-slide\"><div class=\"coblocks-gallery--item\" role=\"button\"><figure class=\"coblocks-gallery--figure\"><img decoding=\"async\" width=\"1024\" height=\"683\" alt=\"\" class=\"wp-image-20623\" data-id=\"20623\" data-link=\"https:\/\/www.ejercito.mil.uy\/?attachment_id=20623\" src=\"https:\/\/www.ejercito.mil.uy\/wp-content\/uploads\/2023\/04\/Campana-de-tiro-9-1024x683.jpg\" srcset=\"https:\/\/www.ejercito.mil.uy\/wp-content\/uploads\/2023\/04\/Campana-de-tiro-9-1024x683.jpg 1024w, https:\/\/www.ejercito.mil.uy\/wp-content\/uploads\/2023\/04\/Campana-de-tiro-9-300x200.jpg 300w, https:\/\/www.ejercito.mil.uy\/wp-content\/uploads\/2023\/04\/Campana-de-tiro-9.jpg 1200w\" sizes=\"(max-width: 1024px) 100vw, 1024px\" \/><\/figure><figcaption class=\"coblocks-gallery--caption coblocks-gallery--primary-caption\"><\/figcaption><\/div><\/div><div class=\"swiper-slide\"><div class=\"coblocks-gallery--item\" role=\"button\"><figure class=\"coblocks-gallery--figure\"><img loading=\"lazy\" decoding=\"async\" width=\"1024\" height=\"683\" alt=\"\" class=\"wp-image-20624\" data-id=\"20624\" data-link=\"https:\/\/www.ejercito.mil.uy\/?attachment_id=20624\" src=\"https:\/\/www.ejercito.mil.uy\/wp-content\/uploads\/2023\/04\/Campana-de-tiro-3-1024x683.jpg\" srcset=\"https:\/\/www.ejercito.mil.uy\/wp-content\/uploads\/2023\/04\/Campana-de-tiro-3-1024x683.jpg 1024w, https:\/\/www.ejercito.mil.uy\/wp-content\/uploads\/2023\/04\/Campana-de-tiro-3-300x200.jpg 300w, https:\/\/www.ejercito.mil.uy\/wp-content\/uploads\/2023\/04\/Campana-de-tiro-3.jpg 1200w\" sizes=\"(max-width: 1024px) 100vw, 1024px\" \/><\/figure><figcaption class=\"coblocks-gallery--caption coblocks-gallery--primary-caption\"><\/figcaption><\/div><\/div><\/div><button class=\"nav-button__prev\" id=\"12345-prev\"><\/button><button class=\"nav-button__next\" id=\"12345-next\"><\/button><\/div><\/div><\/div>\n\n\n\n<div style=\"height:44px\" aria-hidden=\"true\" class=\"wp-block-spacer\"><\/div>\n\n\n\n<p>&#8211; pr\u00e1ctica de posici\u00f3n de tiro<\/p>\n\n\n\n<div style=\"height:22px\" aria-hidden=\"true\" class=\"wp-block-spacer\"><\/div>\n\n\n\n<figure class=\"wp-block-image size-large\"><img loading=\"lazy\" decoding=\"async\" width=\"1024\" height=\"683\" src=\"https:\/\/www.ejercito.mil.uy\/wp-content\/uploads\/2023\/04\/Campana-de-tiro-4-1024x683.jpg\" alt=\"\" class=\"wp-image-20628\" srcset=\"https:\/\/www.ejercito.mil.uy\/wp-content\/uploads\/2023\/04\/Campana-de-tiro-4-1024x683.jpg 1024w, https:\/\/www.ejercito.mil.uy\/wp-content\/uploads\/2023\/04\/Campana-de-tiro-4-300x200.jpg 300w, https:\/\/www.ejercito.mil.uy\/wp-content\/uploads\/2023\/04\/Campana-de-tiro-4.jpg 1200w\" sizes=\"(max-width: 1024px) 100vw, 1024px\" \/><\/figure>\n\n\n\n<div style=\"height:50px\" aria-hidden=\"true\" class=\"wp-block-spacer\"><\/div>\n\n\n\n<p>&#8211; tiro con armamento org\u00e1nico<\/p>\n\n\n\n<div style=\"height:50px\" aria-hidden=\"true\" class=\"wp-block-spacer\"><\/div>\n\n\n\n<div aria-label=\"Carousel Gallery\" class=\"wp-block-coblocks-gallery-carousel\"><div class=\"coblocks-gallery-carousel-swiper-container is-cropped coblocks-gallery has-no-alignment has-caption-style-dark has-no-thumbnails\"><div class=\"has-carousel has-carousel-xlrg swiper-container\" data-swiper=\"{&quot;alignCells&quot;:false,&quot;autoPlay&quot;:true,&quot;autoPlaySpeed&quot;:&quot;5000&quot;,&quot;draggable&quot;:true,&quot;freeScroll&quot;:false,&quot;loop&quot;:true,&quot;navigation&quot;:true,&quot;pageDots&quot;:false,&quot;pauseHover&quot;:false,&quot;responsiveHeight&quot;:false,&quot;slidesPerView&quot;:1,&quot;thumbnails&quot;:false,&quot;uuid&quot;:&quot;12345&quot;}\" id=\"12345\" style=\"height:550px\"><div class=\"swiper-wrapper\"><div class=\"swiper-slide\"><div class=\"coblocks-gallery--item\" role=\"button\"><figure class=\"coblocks-gallery--figure\"><img loading=\"lazy\" decoding=\"async\" width=\"1024\" height=\"683\" alt=\"\" class=\"wp-image-20631\" data-id=\"20631\" data-link=\"https:\/\/www.ejercito.mil.uy\/?attachment_id=20631\" src=\"https:\/\/www.ejercito.mil.uy\/wp-content\/uploads\/2023\/04\/Campana-de-tiro-8-1024x683.jpg\" srcset=\"https:\/\/www.ejercito.mil.uy\/wp-content\/uploads\/2023\/04\/Campana-de-tiro-8-1024x683.jpg 1024w, https:\/\/www.ejercito.mil.uy\/wp-content\/uploads\/2023\/04\/Campana-de-tiro-8-300x200.jpg 300w, https:\/\/www.ejercito.mil.uy\/wp-content\/uploads\/2023\/04\/Campana-de-tiro-8.jpg 1200w\" sizes=\"(max-width: 1024px) 100vw, 1024px\" \/><\/figure><figcaption class=\"coblocks-gallery--caption coblocks-gallery--primary-caption\"><\/figcaption><\/div><\/div><div class=\"swiper-slide\"><div class=\"coblocks-gallery--item\" role=\"button\"><figure class=\"coblocks-gallery--figure\"><img loading=\"lazy\" decoding=\"async\" width=\"1024\" height=\"683\" alt=\"\" class=\"wp-image-20630\" data-id=\"20630\" data-link=\"https:\/\/www.ejercito.mil.uy\/?attachment_id=20630\" src=\"https:\/\/www.ejercito.mil.uy\/wp-content\/uploads\/2023\/04\/Campana-de-tiro-7-1024x683.jpg\" srcset=\"https:\/\/www.ejercito.mil.uy\/wp-content\/uploads\/2023\/04\/Campana-de-tiro-7-1024x683.jpg 1024w, https:\/\/www.ejercito.mil.uy\/wp-content\/uploads\/2023\/04\/Campana-de-tiro-7-300x200.jpg 300w, https:\/\/www.ejercito.mil.uy\/wp-content\/uploads\/2023\/04\/Campana-de-tiro-7.jpg 1200w\" sizes=\"(max-width: 1024px) 100vw, 1024px\" \/><\/figure><figcaption class=\"coblocks-gallery--caption coblocks-gallery--primary-caption\"><\/figcaption><\/div><\/div><div class=\"swiper-slide\"><div class=\"coblocks-gallery--item\" role=\"button\"><figure class=\"coblocks-gallery--figure\"><img loading=\"lazy\" decoding=\"async\" width=\"1024\" height=\"683\" alt=\"\" class=\"wp-image-20633\" data-id=\"20633\" data-link=\"https:\/\/www.ejercito.mil.uy\/?attachment_id=20633\" src=\"https:\/\/www.ejercito.mil.uy\/wp-content\/uploads\/2023\/04\/Campana-de-tiro-1-1024x683.jpg\" srcset=\"https:\/\/www.ejercito.mil.uy\/wp-content\/uploads\/2023\/04\/Campana-de-tiro-1-1024x683.jpg 1024w, https:\/\/www.ejercito.mil.uy\/wp-content\/uploads\/2023\/04\/Campana-de-tiro-1-300x200.jpg 300w, https:\/\/www.ejercito.mil.uy\/wp-content\/uploads\/2023\/04\/Campana-de-tiro-1.jpg 1200w\" sizes=\"(max-width: 1024px) 100vw, 1024px\" \/><\/figure><figcaption class=\"coblocks-gallery--caption coblocks-gallery--primary-caption\"><\/figcaption><\/div><\/div><\/div><button class=\"nav-button__prev\" id=\"12345-prev\"><\/button><button class=\"nav-button__next\" id=\"12345-next\"><\/button><\/div><\/div><\/div>\n\n\n\n<div style=\"height:50px\" aria-hidden=\"true\" class=\"wp-block-spacer\"><\/div>\n\n\n\n<p>Cabe destacar, que el <strong>Subteniente Herli Da Concei\u00e7\u00e3o<\/strong> del <a rel=\"noreferrer noopener\" href=\"https:\/\/www.facebook.com\/exercito?__cft__[0]=AZWOZQhs6IvVs5e2t_NMBGQSsL0apBc-6lY9PFmOCslgOwiG0qVvLBA7pRLUkWyEsxDoIbBe8imCWp935ckCe6AWLgnX51tpoUPiVjNgPQrGvfz1-2xl1r5Fi9DdBddUGEI7bCMpVY-CbhR1nxgFpJroX7TdYUAri0yBqlwxgF6hi_K9kvefDtByzV0nUfFMSnE&amp;__tn__=-]K-R\" target=\"_blank\">Ex\u00e9rcito Brasileiro<\/a> forma parte de los instructores.<\/p>\n\n\n\n<div style=\"height:50px\" aria-hidden=\"true\" class=\"wp-block-spacer\"><\/div>\n\n\n\n<figure class=\"wp-block-image size-large\"><img loading=\"lazy\" decoding=\"async\" width=\"1024\" height=\"683\" src=\"https:\/\/www.ejercito.mil.uy\/wp-content\/uploads\/2023\/04\/Campana-de-tiro-6-1024x683.jpg\" alt=\"\" class=\"wp-image-20629\" srcset=\"https:\/\/www.ejercito.mil.uy\/wp-content\/uploads\/2023\/04\/Campana-de-tiro-6-1024x683.jpg 1024w, https:\/\/www.ejercito.mil.uy\/wp-content\/uploads\/2023\/04\/Campana-de-tiro-6-300x200.jpg 300w, https:\/\/www.ejercito.mil.uy\/wp-content\/uploads\/2023\/04\/Campana-de-tiro-6.jpg 1200w\" sizes=\"(max-width: 1024px) 100vw, 1024px\" \/><\/figure>\n\n\n\n<div style=\"height:50px\" aria-hidden=\"true\" class=\"wp-block-spacer\"><\/div>\n\n\n\n<p>\u00a1Mantener a nuestro personal instruido es fundamental! <\/p>\n\n\n\n<div style=\"height:50px\" aria-hidden=\"true\" class=\"wp-block-spacer\"><\/div>\n\n\n\n<p><a href=\"https:\/\/www.facebook.com\/esoeSitioOficial?__cft__[0]=AZWOZQhs6IvVs5e2t_NMBGQSsL0apBc-6lY9PFmOCslgOwiG0qVvLBA7pRLUkWyEsxDoIbBe8imCWp935ckCe6AWLgnX51tpoUPiVjNgPQrGvfz1-2xl1r5Fi9DdBddUGEI7bCMpVY-CbhR1nxgFpJroX7TdYUAri0yBqlwxgF6hi_K9kvefDtByzV0nUfFMSnE&amp;__tn__=-]K-R\" target=\"_blank\" rel=\"noreferrer noopener\">Escuela de Sub Oficiales del Ej\u00e9rcito \u00bb Sgto. Francisco de los Santos \u00ab<\/a><\/p>\n\n\n\n<div style=\"height:50px\" aria-hidden=\"true\" class=\"wp-block-spacer\"><\/div>\n","protected":false},"excerpt":{"rendered":"<p>14.04.2023 &#8211; El martes 11 de abril, la Escuela de Capacitaci\u00f3n y Perfeccionamiento del Personal Subalterno de las Armas del Ej\u00e9rcito, desarroll\u00f3 una Campa\u00f1a de tiro en los predios del Campo Militar Vidiella (Canelones). <\/p>\n","protected":false},"author":14,"featured_media":20622,"comment_status":"open","ping_status":"open","sticky":false,"template":"","format":"standard","meta":{"_coblocks_attr":"","_coblocks_dimensions":"","_coblocks_responsive_height":"","_coblocks_accordion_ie_support":"","_monsterinsights_skip_tracking":false,"_monsterinsights_sitenote_active":false,"_monsterinsights_sitenote_note":"","_monsterinsights_sitenote_category":0,"_uf_show_specific_survey":0,"_uf_disable_surveys":false,"footnotes":""},"categories":[2,14,1],"tags":[634,314,155,13,907,161],"class_list":["post-20621","post","type-post","status-publish","format-standard","has-post-thumbnail","hentry","category-blog","category-noticias","category-sin-categoria","tag-armamento","tag-capacitacion","tag-esoe","tag-instruccion","tag-personal","tag-tiro"],"aioseo_notices":[],"_links":{"self":[{"href":"https:\/\/www.ejercito.mil.uy\/index.php\/wp-json\/wp\/v2\/posts\/20621","targetHints":{"allow":["GET"]}}],"collection":[{"href":"https:\/\/www.ejercito.mil.uy\/index.php\/wp-json\/wp\/v2\/posts"}],"about":[{"href":"https:\/\/www.ejercito.mil.uy\/index.php\/wp-json\/wp\/v2\/types\/post"}],"author":[{"embeddable":true,"href":"https:\/\/www.ejercito.mil.uy\/index.php\/wp-json\/wp\/v2\/users\/14"}],"replies":[{"embeddable":true,"href":"https:\/\/www.ejercito.mil.uy\/index.php\/wp-json\/wp\/v2\/comments?post=20621"}],"version-history":[{"count":5,"href":"https:\/\/www.ejercito.mil.uy\/index.php\/wp-json\/wp\/v2\/posts\/20621\/revisions"}],"predecessor-version":[{"id":22799,"href":"https:\/\/www.ejercito.mil.uy\/index.php\/wp-json\/wp\/v2\/posts\/20621\/revisions\/22799"}],"wp:featuredmedia":[{"embeddable":true,"href":"https:\/\/www.ejercito.mil.uy\/index.php\/wp-json\/wp\/v2\/media\/20622"}],"wp:attachment":[{"href":"https:\/\/www.ejercito.mil.uy\/index.php\/wp-json\/wp\/v2\/media?parent=20621"}],"wp:term":[{"taxonomy":"category","embeddable":true,"href":"https:\/\/www.ejercito.mil.uy\/index.php\/wp-json\/wp\/v2\/categories?post=20621"},{"taxonomy":"post_tag","embeddable":true,"href":"https:\/\/www.ejercito.mil.uy\/index.php\/wp-json\/wp\/v2\/tags?post=20621"}],"curies":[{"name":"wp","href":"https:\/\/api.w.org\/{rel}","templated":true}]}}