{"id":20647,"date":"2023-04-15T18:00:49","date_gmt":"2023-04-15T21:00:49","guid":{"rendered":"https:\/\/www.ejercito.mil.uy\/?p=20647"},"modified":"2023-04-24T10:45:55","modified_gmt":"2023-04-24T13:45:55","slug":"traslado-de-agua-en-el-departamento-de-lavalleja","status":"publish","type":"post","link":"https:\/\/www.ejercito.mil.uy\/index.php\/2023\/04\/15\/traslado-de-agua-en-el-departamento-de-lavalleja\/","title":{"rendered":"Traslado de agua en el departamento de Lavalleja"},"content":{"rendered":"\n<p class=\"has-small-font-size\">15.04.2023 &#8211; Lavalleja <\/p>\n\n\n\n<div style=\"height:50px\" aria-hidden=\"true\" class=\"wp-block-spacer\"><\/div>\n\n\n\n<p class=\"has-black-color has-pale-cyan-blue-background-color has-text-color has-background\">Debido a que \ud835\udc25\ud835\udc1a\ud835\udc2c \ud835\udc1e\ud835\udc26\ud835\udc1e\ud835\udc2b\ud835\udc20\ud835\udc1e\ud835\udc27\ud835\udc1c\ud835\udc22\ud835\udc1a\ud835\udc2c \ud835\udc27\ud835\udc28 \ud835\udc29\ud835\udc2e\ud835\udc1e\ud835\udc1d\ud835\udc1e\ud835\udc27 \ud835\udc1e\ud835\udc2c\ud835\udc29\ud835\udc1e\ud835\udc2b\ud835\udc1a\ud835\udc2b, La Fuerza de Todos trabaj\u00f3 tendiendo una mano a los compatriotas m\u00e1s afectados por el d\u00e9ficit h\u00eddrico en el dpto. de Lavalleja. <\/p>\n\n\n\n<div style=\"height:50px\" aria-hidden=\"true\" class=\"wp-block-spacer\"><\/div>\n\n\n\n<figure class=\"wp-block-image size-full\"><img fetchpriority=\"high\" decoding=\"async\" width=\"960\" height=\"640\" src=\"https:\/\/www.ejercito.mil.uy\/wp-content\/uploads\/2023\/04\/Traslado-de-agua-en-el-departamento-de-Lavalleja-2.jpg\" alt=\"\" class=\"wp-image-20648\" srcset=\"https:\/\/www.ejercito.mil.uy\/wp-content\/uploads\/2023\/04\/Traslado-de-agua-en-el-departamento-de-Lavalleja-2.jpg 960w, https:\/\/www.ejercito.mil.uy\/wp-content\/uploads\/2023\/04\/Traslado-de-agua-en-el-departamento-de-Lavalleja-2-300x200.jpg 300w\" sizes=\"(max-width: 960px) 100vw, 960px\" \/><\/figure>\n\n\n\n<div style=\"height:50px\" aria-hidden=\"true\" class=\"wp-block-spacer\"><\/div>\n\n\n\n<p>En 14 d\u00edas de operaci\u00f3n, conductores del Ej\u00e9rcito Nacional utilizando camiones cisterna de <a href=\"https:\/\/www.facebook.com\/OSEUruguay?__cft__[0]=AZUCMr-jLCAzVHc56ynpUaF5DVPi6z-5QokwgUW8f8yIekHrNAnW_PPbNxY3YP1zMI51o9x8s1TXbzQOZJcf4Np_6BMgcSyKCUdvZGGdRNOp8NEQkVILewC2Y-DW7ClWq45Zk_k7IRAnXnjo2Iu7pZw1X6TwDGyL9vISfM0Z_29rusaUYqgVpBBs_9XPDdfET1c&amp;__tn__=-]K-R\" target=\"_blank\" rel=\"noreferrer noopener\">OSE<\/a>, trasladaron un total de 2.070.000 litros de agua potable, computando m\u00e1s de 750 horas de trabajo, en 63 viajes.<\/p>\n\n\n\n<div style=\"height:50px\" aria-hidden=\"true\" class=\"wp-block-spacer\"><\/div>\n\n\n\n<figure class=\"wp-block-image size-full\"><img decoding=\"async\" width=\"960\" height=\"640\" src=\"https:\/\/www.ejercito.mil.uy\/wp-content\/uploads\/2023\/04\/Traslado-de-agua-en-el-departamento-de-Lavalleja-1.jpg\" alt=\"\" class=\"wp-image-20651\" srcset=\"https:\/\/www.ejercito.mil.uy\/wp-content\/uploads\/2023\/04\/Traslado-de-agua-en-el-departamento-de-Lavalleja-1.jpg 960w, https:\/\/www.ejercito.mil.uy\/wp-content\/uploads\/2023\/04\/Traslado-de-agua-en-el-departamento-de-Lavalleja-1-300x200.jpg 300w\" sizes=\"(max-width: 960px) 100vw, 960px\" \/><\/figure>\n\n\n\n<div style=\"height:50px\" aria-hidden=\"true\" class=\"wp-block-spacer\"><\/div>\n\n\n\n<p>Destacamos la labor de nuestros efectivos que cumplieron con la misi\u00f3n asignada, llevando este vital recurso.<\/p>\n\n\n\n<div style=\"height:50px\" aria-hidden=\"true\" class=\"wp-block-spacer\"><\/div>\n\n\n\n<figure class=\"wp-block-image size-full\"><img decoding=\"async\" width=\"960\" height=\"640\" src=\"https:\/\/www.ejercito.mil.uy\/wp-content\/uploads\/2023\/04\/Traslado-de-agua-en-el-departamento-de-Lavalleja-3.jpg\" alt=\"\" class=\"wp-image-20650\" srcset=\"https:\/\/www.ejercito.mil.uy\/wp-content\/uploads\/2023\/04\/Traslado-de-agua-en-el-departamento-de-Lavalleja-3.jpg 960w, https:\/\/www.ejercito.mil.uy\/wp-content\/uploads\/2023\/04\/Traslado-de-agua-en-el-departamento-de-Lavalleja-3-300x200.jpg 300w\" sizes=\"(max-width: 960px) 100vw, 960px\" \/><\/figure>\n\n\n\n<div style=\"height:50px\" aria-hidden=\"true\" class=\"wp-block-spacer\"><\/div>\n\n\n\n<p>El apoyo se dio por finalizado gracias a que las condiciones meteorol\u00f3gicas cambiaron e impactaron de forma positiva en el d\u00e9ficit h\u00eddrico.<\/p>\n","protected":false},"excerpt":{"rendered":"<p>15.04.2023 &#8211; Debido a que las emergencias no pueden esperar, La Fuerza de Todos trabaj\u00f3 tendiendo una mano a los compatriotas m\u00e1s afectados por el d\u00e9ficit h\u00eddrico en el dpto. de Lavalleja. <\/p>\n","protected":false},"author":14,"featured_media":20649,"comment_status":"open","ping_status":"open","sticky":false,"template":"","format":"standard","meta":{"_coblocks_attr":"","_coblocks_dimensions":"","_coblocks_responsive_height":"","_coblocks_accordion_ie_support":"","_monsterinsights_skip_tracking":false,"_monsterinsights_sitenote_active":false,"_monsterinsights_sitenote_note":"","_monsterinsights_sitenote_category":0,"_uf_show_specific_survey":0,"_uf_disable_surveys":false,"footnotes":""},"categories":[2,14,1],"tags":[72,27,849,795,910,813,384],"class_list":["post-20647","post","type-post","status-publish","format-standard","has-post-thumbnail","hentry","category-blog","category-noticias","category-sin-categoria","tag-agua","tag-apoyo","tag-deficit","tag-hidrico","tag-recurso","tag-sequia","tag-traslado"],"aioseo_notices":[],"_links":{"self":[{"href":"https:\/\/www.ejercito.mil.uy\/index.php\/wp-json\/wp\/v2\/posts\/20647","targetHints":{"allow":["GET"]}}],"collection":[{"href":"https:\/\/www.ejercito.mil.uy\/index.php\/wp-json\/wp\/v2\/posts"}],"about":[{"href":"https:\/\/www.ejercito.mil.uy\/index.php\/wp-json\/wp\/v2\/types\/post"}],"author":[{"embeddable":true,"href":"https:\/\/www.ejercito.mil.uy\/index.php\/wp-json\/wp\/v2\/users\/14"}],"replies":[{"embeddable":true,"href":"https:\/\/www.ejercito.mil.uy\/index.php\/wp-json\/wp\/v2\/comments?post=20647"}],"version-history":[{"count":2,"href":"https:\/\/www.ejercito.mil.uy\/index.php\/wp-json\/wp\/v2\/posts\/20647\/revisions"}],"predecessor-version":[{"id":20838,"href":"https:\/\/www.ejercito.mil.uy\/index.php\/wp-json\/wp\/v2\/posts\/20647\/revisions\/20838"}],"wp:featuredmedia":[{"embeddable":true,"href":"https:\/\/www.ejercito.mil.uy\/index.php\/wp-json\/wp\/v2\/media\/20649"}],"wp:attachment":[{"href":"https:\/\/www.ejercito.mil.uy\/index.php\/wp-json\/wp\/v2\/media?parent=20647"}],"wp:term":[{"taxonomy":"category","embeddable":true,"href":"https:\/\/www.ejercito.mil.uy\/index.php\/wp-json\/wp\/v2\/categories?post=20647"},{"taxonomy":"post_tag","embeddable":true,"href":"https:\/\/www.ejercito.mil.uy\/index.php\/wp-json\/wp\/v2\/tags?post=20647"}],"curies":[{"name":"wp","href":"https:\/\/api.w.org\/{rel}","templated":true}]}}