{"id":20660,"date":"2023-04-17T17:57:10","date_gmt":"2023-04-17T20:57:10","guid":{"rendered":"https:\/\/www.ejercito.mil.uy\/?p=20660"},"modified":"2023-04-17T18:03:27","modified_gmt":"2023-04-17T21:03:27","slug":"ceremonia-de-entrega-de-potros-por-parte-del-svr","status":"publish","type":"post","link":"https:\/\/www.ejercito.mil.uy\/index.php\/2023\/04\/17\/ceremonia-de-entrega-de-potros-por-parte-del-svr\/","title":{"rendered":"Ceremonia de entrega de potros por parte del SVR"},"content":{"rendered":"\n<p class=\"has-small-font-size\">16.04.2023 &#8211; Canelones<\/p>\n\n\n\n<div style=\"height:50px\" aria-hidden=\"true\" class=\"wp-block-spacer\"><\/div>\n\n\n\n<p class=\"has-white-color has-text-color has-background\" style=\"background-color:#a23b3b\">El jueves 13 de abril, se realiz\u00f3 la ceremonia de entrega de potros por parte del Servicio de Veterinaria y Remonta del Ej\u00e9rcito (SVR), que se encuentran en el Haras Militar \u00abGral. Fausto Aguilar\u00bb. <\/p>\n\n\n\n<div style=\"height:50px\" aria-hidden=\"true\" class=\"wp-block-spacer\"><\/div>\n\n\n\n<p>A lo largo de 4 a\u00f1os, el SVR realiz\u00f3 trabajos de crianza de 21 caballos de armas que ser\u00e1n empleados en el \u00e1mbito de los Institutos y Unidades de las Armas de Caballer\u00eda y Artiller\u00eda. <\/p>\n\n\n\n<div style=\"height:50px\" aria-hidden=\"true\" class=\"wp-block-spacer\"><\/div>\n\n\n\n<div class=\"wp-block-columns is-layout-flex wp-container-core-columns-is-layout-28f84493 wp-block-columns-is-layout-flex\">\n<div class=\"wp-block-column is-layout-flow wp-block-column-is-layout-flow\">\n<figure class=\"wp-block-image size-large\"><img fetchpriority=\"high\" decoding=\"async\" width=\"1024\" height=\"683\" src=\"https:\/\/www.ejercito.mil.uy\/wp-content\/uploads\/2023\/04\/Ceremonia-de-entrega-de-potros-por-parte-del-SVR-1-1024x683.jpg\" alt=\"\" class=\"wp-image-20664\" srcset=\"https:\/\/www.ejercito.mil.uy\/wp-content\/uploads\/2023\/04\/Ceremonia-de-entrega-de-potros-por-parte-del-SVR-1-1024x683.jpg 1024w, https:\/\/www.ejercito.mil.uy\/wp-content\/uploads\/2023\/04\/Ceremonia-de-entrega-de-potros-por-parte-del-SVR-1-300x200.jpg 300w, https:\/\/www.ejercito.mil.uy\/wp-content\/uploads\/2023\/04\/Ceremonia-de-entrega-de-potros-por-parte-del-SVR-1.jpg 1200w\" sizes=\"(max-width: 1024px) 100vw, 1024px\" \/><\/figure>\n<\/div>\n\n\n\n<div class=\"wp-block-column is-layout-flow wp-block-column-is-layout-flow\">\n<figure class=\"wp-block-image size-large\"><img decoding=\"async\" width=\"1024\" height=\"683\" src=\"https:\/\/www.ejercito.mil.uy\/wp-content\/uploads\/2023\/04\/Ceremonia-de-entrega-de-potros-por-parte-del-SVR-10-1-1024x683.jpg\" alt=\"\" class=\"wp-image-20665\" srcset=\"https:\/\/www.ejercito.mil.uy\/wp-content\/uploads\/2023\/04\/Ceremonia-de-entrega-de-potros-por-parte-del-SVR-10-1-1024x683.jpg 1024w, https:\/\/www.ejercito.mil.uy\/wp-content\/uploads\/2023\/04\/Ceremonia-de-entrega-de-potros-por-parte-del-SVR-10-1-300x200.jpg 300w, https:\/\/www.ejercito.mil.uy\/wp-content\/uploads\/2023\/04\/Ceremonia-de-entrega-de-potros-por-parte-del-SVR-10-1.jpg 1200w\" sizes=\"(max-width: 1024px) 100vw, 1024px\" \/><\/figure>\n<\/div>\n<\/div>\n\n\n\n<p>Una de las misiones de este Servicio es promover las razas de los animales que sean de inter\u00e9s para la defensa nacional.<\/p>\n\n\n\n<div style=\"height:50px\" aria-hidden=\"true\" class=\"wp-block-spacer\"><\/div>\n\n\n\n<div aria-label=\"Carousel Gallery\" class=\"wp-block-coblocks-gallery-carousel\"><div class=\"coblocks-gallery-carousel-swiper-container is-cropped coblocks-gallery has-no-alignment has-caption-style-dark has-no-thumbnails\"><div class=\"has-carousel has-carousel-xlrg swiper-container\" data-swiper=\"{&quot;alignCells&quot;:false,&quot;autoPlay&quot;:true,&quot;autoPlaySpeed&quot;:&quot;5000&quot;,&quot;draggable&quot;:true,&quot;freeScroll&quot;:false,&quot;loop&quot;:true,&quot;navigation&quot;:true,&quot;pageDots&quot;:false,&quot;pauseHover&quot;:false,&quot;responsiveHeight&quot;:false,&quot;slidesPerView&quot;:1,&quot;thumbnails&quot;:false,&quot;uuid&quot;:&quot;12345&quot;}\" id=\"12345\" style=\"height:550px\"><div class=\"swiper-wrapper\"><div class=\"swiper-slide\"><div class=\"coblocks-gallery--item\" role=\"button\"><figure class=\"coblocks-gallery--figure\"><img decoding=\"async\" width=\"1024\" height=\"683\" alt=\"\" class=\"wp-image-20667\" data-id=\"20667\" data-link=\"https:\/\/www.ejercito.mil.uy\/?attachment_id=20667\" src=\"https:\/\/www.ejercito.mil.uy\/wp-content\/uploads\/2023\/04\/Ceremonia-de-entrega-de-potros-por-parte-del-SVR-3-1024x683.jpg\" srcset=\"https:\/\/www.ejercito.mil.uy\/wp-content\/uploads\/2023\/04\/Ceremonia-de-entrega-de-potros-por-parte-del-SVR-3-1024x683.jpg 1024w, https:\/\/www.ejercito.mil.uy\/wp-content\/uploads\/2023\/04\/Ceremonia-de-entrega-de-potros-por-parte-del-SVR-3-300x200.jpg 300w, https:\/\/www.ejercito.mil.uy\/wp-content\/uploads\/2023\/04\/Ceremonia-de-entrega-de-potros-por-parte-del-SVR-3.jpg 1200w\" sizes=\"(max-width: 1024px) 100vw, 1024px\" \/><\/figure><figcaption class=\"coblocks-gallery--caption coblocks-gallery--primary-caption\"><\/figcaption><\/div><\/div><div class=\"swiper-slide\"><div class=\"coblocks-gallery--item\" role=\"button\"><figure class=\"coblocks-gallery--figure\"><img loading=\"lazy\" decoding=\"async\" width=\"1024\" height=\"683\" alt=\"\" class=\"wp-image-20668\" data-id=\"20668\" data-link=\"https:\/\/www.ejercito.mil.uy\/?attachment_id=20668\" src=\"https:\/\/www.ejercito.mil.uy\/wp-content\/uploads\/2023\/04\/Ceremonia-de-entrega-de-potros-por-parte-del-SVR-9-1024x683.jpg\" srcset=\"https:\/\/www.ejercito.mil.uy\/wp-content\/uploads\/2023\/04\/Ceremonia-de-entrega-de-potros-por-parte-del-SVR-9-1024x683.jpg 1024w, https:\/\/www.ejercito.mil.uy\/wp-content\/uploads\/2023\/04\/Ceremonia-de-entrega-de-potros-por-parte-del-SVR-9-300x200.jpg 300w, https:\/\/www.ejercito.mil.uy\/wp-content\/uploads\/2023\/04\/Ceremonia-de-entrega-de-potros-por-parte-del-SVR-9.jpg 1200w\" sizes=\"(max-width: 1024px) 100vw, 1024px\" \/><\/figure><figcaption class=\"coblocks-gallery--caption coblocks-gallery--primary-caption\"><\/figcaption><\/div><\/div><div class=\"swiper-slide\"><div class=\"coblocks-gallery--item\" role=\"button\"><figure class=\"coblocks-gallery--figure\"><img loading=\"lazy\" decoding=\"async\" width=\"1024\" height=\"683\" alt=\"\" class=\"wp-image-20669\" data-id=\"20669\" data-link=\"https:\/\/www.ejercito.mil.uy\/?attachment_id=20669\" src=\"https:\/\/www.ejercito.mil.uy\/wp-content\/uploads\/2023\/04\/Ceremonia-de-entrega-de-potros-por-parte-del-SVR-4-1024x683.jpg\" srcset=\"https:\/\/www.ejercito.mil.uy\/wp-content\/uploads\/2023\/04\/Ceremonia-de-entrega-de-potros-por-parte-del-SVR-4-1024x683.jpg 1024w, https:\/\/www.ejercito.mil.uy\/wp-content\/uploads\/2023\/04\/Ceremonia-de-entrega-de-potros-por-parte-del-SVR-4-300x200.jpg 300w, https:\/\/www.ejercito.mil.uy\/wp-content\/uploads\/2023\/04\/Ceremonia-de-entrega-de-potros-por-parte-del-SVR-4.jpg 1200w\" sizes=\"(max-width: 1024px) 100vw, 1024px\" \/><\/figure><figcaption class=\"coblocks-gallery--caption coblocks-gallery--primary-caption\"><\/figcaption><\/div><\/div><\/div><button class=\"nav-button__prev\" id=\"12345-prev\"><\/button><button class=\"nav-button__next\" id=\"12345-next\"><\/button><\/div><\/div><\/div>\n\n\n\n<div style=\"height:50px\" aria-hidden=\"true\" class=\"wp-block-spacer\"><\/div>\n\n\n\n<p>Por su parte, el Sr. Director del SVR, Cnel. Marcelo Mart\u00ednez en su discurso reconoci\u00f3 el \u00ab\ud835\udc2d\ud835\udc2b\ud835\udc1a\ud835\udc1b\ud835\udc1a\ud835\udc23\ud835\udc28, \ud835\udc29\ud835\udc2b\ud835\udc28\ud835\udc1f\ud835\udc1e\ud835\udc2c\ud835\udc22\ud835\udc28\ud835\udc27\ud835\udc1a\ud835\udc25\ud835\udc22\ud835\udc2c\ud835\udc26\ud835\udc28 \ud835\udc32 \ud835\udc1d\ud835\udc1e\ud835\udc1d\ud835\udc22\ud835\udc1c\ud835\udc1a\ud835\udc1c\ud835\udc22\ud835\udc28\u0301\ud835\udc27, \ud835\udc1e\ud835\udc2c\ud835\udc29\ud835\udc22\u0301\ud835\udc2b\ud835\udc22\ud835\udc2d\ud835\udc2e \ud835\udc26\ud835\udc22\ud835\udc25\ud835\udc22\ud835\udc2d\ud835\udc1a\ud835\udc2b \ud835\udc32 \ud835\udc1e\ud835\udc25 \ud835\udc2c\ud835\udc1e\ud835\udc27\ud835\udc2d\ud835\udc22\ud835\udc26\ud835\udc22\ud835\udc1e\ud835\udc27\ud835\udc2d\ud835\udc28 \ud835\udc29\ud835\udc2b\ud835\udc28\ud835\udc1f\ud835\udc2e\ud835\udc27\ud835\udc1d\ud835\udc28 \ud835\udc1d\ud835\udc1e \ud835\udc25\ud835\udc28\ud835\udc2c \ud835\udc22\ud835\udc27\ud835\udc2d\ud835\udc1e\ud835\udc20\ud835\udc2b\ud835\udc1a\ud835\udc27\ud835\udc2d\ud835\udc1e\ud835\udc2c \ud835\udc1d\ud835\udc1e\ud835\udc25 \ud835\udc12\ud835\udc15\ud835\udc11, \ud835\udc1d\ud835\udc1e\ud835\udc2c\ud835\udc1d\ud835\udc1e \ud835\udc1a\ud835\udc2a\ud835\udc2e\ud835\udc1e\ud835\udc25\ud835\udc25\ud835\udc28\ud835\udc2c \ud835\udc2a\ud835\udc2e\ud835\udc1e \ud835\udc2c\ud835\udc1e \ud835\udc2c\ud835\udc1a\ud835\udc1c\ud835\udc2b\ud835\udc22\ud835\udc1f\ud835\udc22\ud835\udc1c\ud835\udc1a\ud835\udc27 \ud835\udc1e\ud835\udc27 \ud835\udc25\ud835\udc28\ud835\udc2c \ud835\udc25\ud835\udc2e\ud835\udc20\ud835\udc1a\ud835\udc2b\ud835\udc1e\ud835\udc2c \ud835\udc26\ud835\udc1a\u0301\ud835\udc2c \ud835\udc1a\ud835\udc25\ud835\udc1e\ud835\udc23\ud835\udc1a\ud835\udc1d\ud835\udc28\ud835\udc2c \ud835\udc1d\ud835\udc1e\ud835\udc25 \ud835\udc29\ud835\udc1a\ud835\udc22\u0301\ud835\udc2c \ud835\udc1c\ud835\udc28\ud835\udc26\ud835\udc28 \ud835\udc2c\ud835\udc28\ud835\udc27 \ud835\udc25\ud835\udc28\ud835\udc2c \ud835\udc1c\ud835\udc1a\ud835\udc26\ud835\udc29\ud835\udc28\ud835\udc2c \ud835\udc1d\ud835\udc1e \ud835\udc00\ud835\udc2b\ud835\udc1e\ud835\udc2b\ud835\udc2e\ud835\udc27\ud835\udc20\ud835\udc2e\ud835\udc1a\u0301, \ud835\udc19\ud835\udc1a\ud835\udc29\ud835\udc1a\ud835\udc2b\ud835\udc1a\u0301 \ud835\udc32 \ud835\udc12\ud835\udc1a\ud835\udc27\ud835\udc2d\ud835\udc1a \ud835\udc13\ud835\udc1e\ud835\udc2b\ud835\udc1e\ud835\udc2c\ud835\udc1a, \ud835\udc21\ud835\udc1a\ud835\udc2c\ud835\udc2d\ud835\udc1a \ud835\udc25\ud835\udc28\ud835\udc2c \ud835\udc2a\ud835\udc2e\ud835\udc1e \ud835\udc2c\ud835\udc1e \ud835\udc1d\ud835\udc1e\ud835\udc2c\ud835\udc1e\ud835\udc26\ud835\udc29\ud835\udc1e\ud835\udc27\u0303\ud835\udc1a\ud835\udc27 \ud835\udc1e\ud835\udc27 \ud835\udc2d\ud835\udc1a\ud835\udc2b\ud835\udc1e\ud835\udc1a\ud835\udc2c \ud835\udc1a\ud835\udc1d\ud835\udc26\ud835\udc22\ud835\udc27\ud835\udc22\ud835\udc2c\ud835\udc2d\ud835\udc2b\ud835\udc1a\ud835\udc2d\ud835\udc22\ud835\udc2f\ud835\udc1a\ud835\udc2c \ud835\udc32 \ud835\udc25\ud835\udc28\ud835\udc20\ud835\udc22\u0301\ud835\udc2c\ud835\udc2d\ud835\udc22\ud835\udc1c\ud835\udc1a\ud835\udc2c \ud835\udc1e\ud835\udc27 \ud835\udc25\ud835\udc1a \ud835\udc20\ud835\udc2e\ud835\udc1a\ud835\udc2b\ud835\udc27\ud835\udc22\ud835\udc1c\ud835\udc22\ud835\udc28\u0301\ud835\udc27 \ud835\udc0c\ud835\udc28\ud835\udc27\ud835\udc2d\ud835\udc1e\ud835\udc2f\ud835\udc22\ud835\udc1d\ud835\udc1e\ud835\udc28 &#8211; \ud835\udc02\ud835\udc1a\ud835\udc27\ud835\udc1e\ud835\udc25\ud835\udc28\ud835\udc27\ud835\udc1e\ud835\udc2c\u00bb.<\/p>\n\n\n\n<div style=\"height:50px\" aria-hidden=\"true\" class=\"wp-block-spacer\"><\/div>\n\n\n\n<figure class=\"wp-block-image size-large\"><img loading=\"lazy\" decoding=\"async\" width=\"1024\" height=\"683\" src=\"https:\/\/www.ejercito.mil.uy\/wp-content\/uploads\/2023\/04\/Ceremonia-de-entrega-de-potros-por-parte-del-SVR-6-1024x683.jpg\" alt=\"\" class=\"wp-image-20662\" srcset=\"https:\/\/www.ejercito.mil.uy\/wp-content\/uploads\/2023\/04\/Ceremonia-de-entrega-de-potros-por-parte-del-SVR-6-1024x683.jpg 1024w, https:\/\/www.ejercito.mil.uy\/wp-content\/uploads\/2023\/04\/Ceremonia-de-entrega-de-potros-por-parte-del-SVR-6-300x200.jpg 300w, https:\/\/www.ejercito.mil.uy\/wp-content\/uploads\/2023\/04\/Ceremonia-de-entrega-de-potros-por-parte-del-SVR-6.jpg 1200w\" sizes=\"(max-width: 1024px) 100vw, 1024px\" \/><figcaption>Director del Servicio de Veterinaria y Remonta del Ej\u00e9rcito, Cnel. Marcelo Mart\u00ednez. <\/figcaption><\/figure>\n\n\n\n<div style=\"height:50px\" aria-hidden=\"true\" class=\"wp-block-spacer\"><\/div>\n\n\n\n<p>Adem\u00e1s, se cont\u00f3 con la presencia del Sr. Comandante del Comando de Apoyo Log\u00edstico del Ej\u00e9rcito, Gral. Jos\u00e9 Mart\u00ednez, el Sr. Inspector del Arma de Caballer\u00eda, Cnel. Fernando Cabeza, el Sr. Inspector del Arma de Artiller\u00eda, Cnel. Pablo Camps, entre otras autoridades.<\/p>\n\n\n\n<div style=\"height:50px\" aria-hidden=\"true\" class=\"wp-block-spacer\"><\/div>\n\n\n\n<div aria-label=\"Carousel Gallery\" class=\"wp-block-coblocks-gallery-carousel\"><div class=\"coblocks-gallery-carousel-swiper-container is-cropped coblocks-gallery has-no-alignment has-caption-style-dark has-no-thumbnails\"><div class=\"has-carousel has-carousel-xlrg swiper-container\" data-swiper=\"{&quot;alignCells&quot;:false,&quot;autoPlay&quot;:true,&quot;autoPlaySpeed&quot;:&quot;5000&quot;,&quot;draggable&quot;:true,&quot;freeScroll&quot;:false,&quot;loop&quot;:true,&quot;navigation&quot;:true,&quot;pageDots&quot;:false,&quot;pauseHover&quot;:false,&quot;responsiveHeight&quot;:false,&quot;slidesPerView&quot;:1,&quot;thumbnails&quot;:false,&quot;uuid&quot;:&quot;12345&quot;}\" id=\"12345\" style=\"height:550px\"><div class=\"swiper-wrapper\"><div class=\"swiper-slide\"><div class=\"coblocks-gallery--item\" role=\"button\"><figure class=\"coblocks-gallery--figure\"><img loading=\"lazy\" decoding=\"async\" width=\"1024\" height=\"683\" alt=\"\" class=\"wp-image-20670\" data-id=\"20670\" data-link=\"https:\/\/www.ejercito.mil.uy\/?attachment_id=20670\" src=\"https:\/\/www.ejercito.mil.uy\/wp-content\/uploads\/2023\/04\/Ceremonia-de-entrega-de-potros-por-parte-del-SVR-7-1024x683.jpg\" srcset=\"https:\/\/www.ejercito.mil.uy\/wp-content\/uploads\/2023\/04\/Ceremonia-de-entrega-de-potros-por-parte-del-SVR-7-1024x683.jpg 1024w, https:\/\/www.ejercito.mil.uy\/wp-content\/uploads\/2023\/04\/Ceremonia-de-entrega-de-potros-por-parte-del-SVR-7-300x200.jpg 300w, https:\/\/www.ejercito.mil.uy\/wp-content\/uploads\/2023\/04\/Ceremonia-de-entrega-de-potros-por-parte-del-SVR-7.jpg 1200w\" sizes=\"(max-width: 1024px) 100vw, 1024px\" \/><\/figure><figcaption class=\"coblocks-gallery--caption coblocks-gallery--primary-caption\"><\/figcaption><\/div><\/div><div class=\"swiper-slide\"><div class=\"coblocks-gallery--item\" role=\"button\"><figure class=\"coblocks-gallery--figure\"><img loading=\"lazy\" decoding=\"async\" width=\"1024\" height=\"683\" alt=\"\" class=\"wp-image-20671\" data-id=\"20671\" data-link=\"https:\/\/www.ejercito.mil.uy\/?attachment_id=20671\" src=\"https:\/\/www.ejercito.mil.uy\/wp-content\/uploads\/2023\/04\/Ceremonia-de-entrega-de-potros-por-parte-del-SVR-2-1024x683.jpg\" srcset=\"https:\/\/www.ejercito.mil.uy\/wp-content\/uploads\/2023\/04\/Ceremonia-de-entrega-de-potros-por-parte-del-SVR-2-1024x683.jpg 1024w, https:\/\/www.ejercito.mil.uy\/wp-content\/uploads\/2023\/04\/Ceremonia-de-entrega-de-potros-por-parte-del-SVR-2-300x200.jpg 300w, https:\/\/www.ejercito.mil.uy\/wp-content\/uploads\/2023\/04\/Ceremonia-de-entrega-de-potros-por-parte-del-SVR-2.jpg 1200w\" sizes=\"(max-width: 1024px) 100vw, 1024px\" \/><\/figure><figcaption class=\"coblocks-gallery--caption coblocks-gallery--primary-caption\"><\/figcaption><\/div><\/div><div class=\"swiper-slide\"><div class=\"coblocks-gallery--item\" role=\"button\"><figure class=\"coblocks-gallery--figure\"><img loading=\"lazy\" decoding=\"async\" width=\"1024\" height=\"683\" alt=\"\" class=\"wp-image-20672\" data-id=\"20672\" data-link=\"https:\/\/www.ejercito.mil.uy\/?attachment_id=20672\" src=\"https:\/\/www.ejercito.mil.uy\/wp-content\/uploads\/2023\/04\/Ceremonia-de-entrega-de-potros-por-parte-del-SVR-5-1024x683.jpg\" srcset=\"https:\/\/www.ejercito.mil.uy\/wp-content\/uploads\/2023\/04\/Ceremonia-de-entrega-de-potros-por-parte-del-SVR-5-1024x683.jpg 1024w, https:\/\/www.ejercito.mil.uy\/wp-content\/uploads\/2023\/04\/Ceremonia-de-entrega-de-potros-por-parte-del-SVR-5-300x200.jpg 300w, https:\/\/www.ejercito.mil.uy\/wp-content\/uploads\/2023\/04\/Ceremonia-de-entrega-de-potros-por-parte-del-SVR-5.jpg 1200w\" sizes=\"(max-width: 1024px) 100vw, 1024px\" \/><\/figure><figcaption class=\"coblocks-gallery--caption coblocks-gallery--primary-caption\"><\/figcaption><\/div><\/div><\/div><button class=\"nav-button__prev\" id=\"12345-prev\"><\/button><button class=\"nav-button__next\" id=\"12345-next\"><\/button><\/div><\/div><\/div>\n","protected":false},"excerpt":{"rendered":"<p>16.04.2023 &#8211; El jueves 13 de abril, se realiz\u00f3 la ceremonia de entrega de potros por parte del Servicio de Veterinaria y Remonta del Ej\u00e9rcito (SVR), que se encuentran en el Haras Militar \u00abGral. Fausto Aguilar\u00bb. <\/p>\n","protected":false},"author":14,"featured_media":20666,"comment_status":"open","ping_status":"open","sticky":false,"template":"","format":"standard","meta":{"_coblocks_attr":"","_coblocks_dimensions":"","_coblocks_responsive_height":"","_coblocks_accordion_ie_support":"","_monsterinsights_skip_tracking":false,"_monsterinsights_sitenote_active":false,"_monsterinsights_sitenote_note":"","_monsterinsights_sitenote_category":0,"_uf_show_specific_survey":0,"_uf_disable_surveys":false,"footnotes":""},"categories":[2,14,1],"tags":[376,44,911,666,912,788],"class_list":["post-20660","post","type-post","status-publish","format-standard","has-post-thumbnail","hentry","category-blog","category-noticias","category-sin-categoria","tag-caballos","tag-ceremonia","tag-entrega","tag-equinos","tag-potros","tag-svr"],"aioseo_notices":[],"_links":{"self":[{"href":"https:\/\/www.ejercito.mil.uy\/index.php\/wp-json\/wp\/v2\/posts\/20660","targetHints":{"allow":["GET"]}}],"collection":[{"href":"https:\/\/www.ejercito.mil.uy\/index.php\/wp-json\/wp\/v2\/posts"}],"about":[{"href":"https:\/\/www.ejercito.mil.uy\/index.php\/wp-json\/wp\/v2\/types\/post"}],"author":[{"embeddable":true,"href":"https:\/\/www.ejercito.mil.uy\/index.php\/wp-json\/wp\/v2\/users\/14"}],"replies":[{"embeddable":true,"href":"https:\/\/www.ejercito.mil.uy\/index.php\/wp-json\/wp\/v2\/comments?post=20660"}],"version-history":[{"count":4,"href":"https:\/\/www.ejercito.mil.uy\/index.php\/wp-json\/wp\/v2\/posts\/20660\/revisions"}],"predecessor-version":[{"id":20676,"href":"https:\/\/www.ejercito.mil.uy\/index.php\/wp-json\/wp\/v2\/posts\/20660\/revisions\/20676"}],"wp:featuredmedia":[{"embeddable":true,"href":"https:\/\/www.ejercito.mil.uy\/index.php\/wp-json\/wp\/v2\/media\/20666"}],"wp:attachment":[{"href":"https:\/\/www.ejercito.mil.uy\/index.php\/wp-json\/wp\/v2\/media?parent=20660"}],"wp:term":[{"taxonomy":"category","embeddable":true,"href":"https:\/\/www.ejercito.mil.uy\/index.php\/wp-json\/wp\/v2\/categories?post=20660"},{"taxonomy":"post_tag","embeddable":true,"href":"https:\/\/www.ejercito.mil.uy\/index.php\/wp-json\/wp\/v2\/tags?post=20660"}],"curies":[{"name":"wp","href":"https:\/\/api.w.org\/{rel}","templated":true}]}}