{"id":20775,"date":"2023-04-20T10:33:23","date_gmt":"2023-04-20T13:33:23","guid":{"rendered":"https:\/\/www.ejercito.mil.uy\/?p=20775"},"modified":"2023-04-20T10:33:23","modified_gmt":"2023-04-20T13:33:23","slug":"planes-de-compra-de-viviendas-y-materiales-para-refaccion-y-ampliacion","status":"publish","type":"post","link":"https:\/\/www.ejercito.mil.uy\/index.php\/2023\/04\/20\/planes-de-compra-de-viviendas-y-materiales-para-refaccion-y-ampliacion\/","title":{"rendered":"Planes de compra de viviendas y materiales para refacci\u00f3n y ampliaci\u00f3n"},"content":{"rendered":"\n<p class=\"has-small-font-size\">20.04.2023  <\/p>\n\n\n\n<div style=\"height:50px\" aria-hidden=\"true\" class=\"wp-block-spacer\"><\/div>\n\n\n\n<p class=\"has-white-color has-text-color has-background\" style=\"background-color:#000080\">El Servicio de Viviendas de las Fuerzas Armadas facilita el acceso a soluciones habitacionales a los integrantes de las Fuerzas Armadas y su familia.<\/p>\n\n\n\n<div style=\"height:50px\" aria-hidden=\"true\" class=\"wp-block-spacer\"><\/div>\n\n\n\n<p>Se adjunta informaci\u00f3n referente a planes de compra de vivienda y compra de materiales para refacci\u00f3n y ampliaci\u00f3n.<\/p>\n\n\n\n<div style=\"height:50px\" aria-hidden=\"true\" class=\"wp-block-spacer\"><\/div>\n\n\n\n<div data-wp-interactive=\"core\/file\" class=\"wp-block-file\"><object data-wp-bind--hidden=\"!state.hasPdfPreview\" hidden class=\"wp-block-file__embed\" data=\"https:\/\/www.ejercito.mil.uy\/wp-content\/uploads\/2023\/04\/Afiches-svv.pdf\" type=\"application\/pdf\" style=\"width:100%;height:600px\" aria-label=\"Embed of Embed of Afiches-svv..\"><\/object><a href=\"https:\/\/www.ejercito.mil.uy\/wp-content\/uploads\/2023\/04\/Afiches-svv.pdf\">Afiches-svv<\/a><a href=\"https:\/\/www.ejercito.mil.uy\/wp-content\/uploads\/2023\/04\/Afiches-svv.pdf\" class=\"wp-block-file__button\" download>Descarga<\/a><\/div>\n\n\n\n<div style=\"height:50px\" aria-hidden=\"true\" class=\"wp-block-spacer\"><\/div>\n\n\n\n<p>Por m\u00e1s informaci\u00f3n acceder al enlace &#8211; <a rel=\"noreferrer noopener\" href=\"https:\/\/www.gub.uy\/ministerio-defensa-nacional\/politicas-y-gestion\/prestamos\" target=\"_blank\">https:\/\/www.gub.uy\/ministerio-defensa-nacional\/politicas-y-gestion\/prestamos<\/a><\/p>\n\n\n\n<div style=\"height:50px\" aria-hidden=\"true\" class=\"wp-block-spacer\"><\/div>\n\n\n\n<p><a href=\"\"><\/a><\/p>\n","protected":false},"excerpt":{"rendered":"<p>20.04.2023 &#8211; El Servicio de Viviendas de las Fuerzas Armadas facilita el acceso a soluciones habitacionales a los integrantes de las Fuerzas Armadas y su familia.<\/p>\n","protected":false},"author":4,"featured_media":20778,"comment_status":"open","ping_status":"open","sticky":false,"template":"","format":"standard","meta":{"_coblocks_attr":"","_coblocks_dimensions":"","_coblocks_responsive_height":"","_coblocks_accordion_ie_support":"","_monsterinsights_skip_tracking":false,"_monsterinsights_sitenote_active":false,"_monsterinsights_sitenote_note":"","_monsterinsights_sitenote_category":0,"_uf_show_specific_survey":0,"_uf_disable_surveys":false,"footnotes":""},"categories":[2,10,14,1],"tags":[920,660,919,497,608],"class_list":["post-20775","post","type-post","status-publish","format-standard","has-post-thumbnail","hentry","category-blog","category-destacados","category-noticias","category-sin-categoria","tag-compra","tag-materiales","tag-planes","tag-servicio","tag-viviendas"],"aioseo_notices":[],"_links":{"self":[{"href":"https:\/\/www.ejercito.mil.uy\/index.php\/wp-json\/wp\/v2\/posts\/20775","targetHints":{"allow":["GET"]}}],"collection":[{"href":"https:\/\/www.ejercito.mil.uy\/index.php\/wp-json\/wp\/v2\/posts"}],"about":[{"href":"https:\/\/www.ejercito.mil.uy\/index.php\/wp-json\/wp\/v2\/types\/post"}],"author":[{"embeddable":true,"href":"https:\/\/www.ejercito.mil.uy\/index.php\/wp-json\/wp\/v2\/users\/4"}],"replies":[{"embeddable":true,"href":"https:\/\/www.ejercito.mil.uy\/index.php\/wp-json\/wp\/v2\/comments?post=20775"}],"version-history":[{"count":4,"href":"https:\/\/www.ejercito.mil.uy\/index.php\/wp-json\/wp\/v2\/posts\/20775\/revisions"}],"predecessor-version":[{"id":20781,"href":"https:\/\/www.ejercito.mil.uy\/index.php\/wp-json\/wp\/v2\/posts\/20775\/revisions\/20781"}],"wp:featuredmedia":[{"embeddable":true,"href":"https:\/\/www.ejercito.mil.uy\/index.php\/wp-json\/wp\/v2\/media\/20778"}],"wp:attachment":[{"href":"https:\/\/www.ejercito.mil.uy\/index.php\/wp-json\/wp\/v2\/media?parent=20775"}],"wp:term":[{"taxonomy":"category","embeddable":true,"href":"https:\/\/www.ejercito.mil.uy\/index.php\/wp-json\/wp\/v2\/categories?post=20775"},{"taxonomy":"post_tag","embeddable":true,"href":"https:\/\/www.ejercito.mil.uy\/index.php\/wp-json\/wp\/v2\/tags?post=20775"}],"curies":[{"name":"wp","href":"https:\/\/api.w.org\/{rel}","templated":true}]}}