{"id":20959,"date":"2023-04-26T11:50:41","date_gmt":"2023-04-26T14:50:41","guid":{"rendered":"https:\/\/www.ejercito.mil.uy\/?p=20959"},"modified":"2023-04-26T12:30:50","modified_gmt":"2023-04-26T15:30:50","slug":"ceremonia-por-el-43-aniversario-del-arma-de-comunicaciones-2","status":"publish","type":"post","link":"https:\/\/www.ejercito.mil.uy\/index.php\/2023\/04\/26\/ceremonia-por-el-43-aniversario-del-arma-de-comunicaciones-2\/","title":{"rendered":"Conozca la Fundaci\u00f3n Gral. de Div. Pedro Sicco"},"content":{"rendered":"\n<p class=\"has-small-font-size\">26.04.2023 &#8211; Montevideo <\/p>\n\n\n\n<div style=\"height:50px\" aria-hidden=\"true\" class=\"wp-block-spacer\"><\/div>\n\n\n\n<p class=\"has-white-color has-text-color has-background\" style=\"background-color:#7a8690\">La Fundaci\u00f3n General de Divisi\u00f3n Pedro Sicco, tiene por objetivo contribuir y apoyar la funci\u00f3n del Sistema de Ense\u00f1anza del Ej\u00e9rcito entre los institutos educativos del Ej\u00e9rcito, especialmente del Instituto Militar de Estudios Superiores (IMES). Sus actividades comenzaron oficialmente el 13 de setiembre del a\u00f1o 2001.<\/p>\n\n\n\n<div style=\"height:50px\" aria-hidden=\"true\" class=\"wp-block-spacer\"><\/div>\n\n\n\n<div style=\"height:50px\" aria-hidden=\"true\" class=\"wp-block-spacer\"><\/div>\n\n\n\n<p>Para cumplir dicho objetivo, la fundaci\u00f3n se nutre con los aportes voluntarios del Personal Superior y Subalterno en actividad y retiro del Ej\u00e9rcito Nacional, a trav\u00e9s de un aporte individual. Actualmente se busca aumentar la cantidad de colaboradores para atender adecuadamente el conjunto de necesidades del S.E.E.<\/p>\n\n\n\n<div style=\"height:50px\" aria-hidden=\"true\" class=\"wp-block-spacer\"><\/div>\n\n\n\n<p>Conozca m\u00e1s sobre la Fundaci\u00f3n General de Divisi\u00f3n Pedro Sicco en el siguiente enlace: <a href=\"http:\/\/www.imes.edu.uy\/historia_fund_pedro_sicco.html\" target=\"_blank\" rel=\"noreferrer noopener\">click aqu\u00ed<\/a>. <\/p>\n\n\n\n<div class=\"wp-block-columns is-layout-flex wp-container-core-columns-is-layout-28f84493 wp-block-columns-is-layout-flex\">\n<div class=\"wp-block-column is-layout-flow wp-block-column-is-layout-flow\">\n<div class=\"wp-block-coblocks-gallery-stacked\"><ul class=\"coblocks-gallery has-no-alignment has-fullwidth-images has-custom-gutter\" style=\"--coblocks-custom-gutter:0em\"><li class=\"coblocks-gallery--item\"><figure class=\"coblocks-gallery--figure\"><img fetchpriority=\"high\" decoding=\"async\" width=\"1024\" height=\"683\" alt=\"\" class=\"wp-image-20961 has-shadow-none\" data-id=\"20961\" data-imglink=\"\" data-link=\"https:\/\/www.ejercito.mil.uy\/?attachment_id=20961\" src=\"https:\/\/www.ejercito.mil.uy\/wp-content\/uploads\/2023\/04\/WhatsApp-Image-2023-04-26-at-11.32.27-1024x683.jpeg\" srcset=\"https:\/\/www.ejercito.mil.uy\/wp-content\/uploads\/2023\/04\/WhatsApp-Image-2023-04-26-at-11.32.27-1024x683.jpeg 1024w, https:\/\/www.ejercito.mil.uy\/wp-content\/uploads\/2023\/04\/WhatsApp-Image-2023-04-26-at-11.32.27-300x200.jpeg 300w, https:\/\/www.ejercito.mil.uy\/wp-content\/uploads\/2023\/04\/WhatsApp-Image-2023-04-26-at-11.32.27.jpeg 1600w\" sizes=\"(max-width: 1024px) 100vw, 1024px\" \/><\/figure><\/li><\/ul><\/div>\n<\/div>\n<\/div>\n\n\n\n<div style=\"height:50px\" aria-hidden=\"true\" class=\"wp-block-spacer\"><\/div>\n\n\n\n<p><\/p>\n","protected":false},"excerpt":{"rendered":"<p>26.04.2023 &#8211; La Fundaci\u00f3n \u00abGral. de Div. Pedro Sicco\u00bb tiene por objetivo contribuir y apoyar la funci\u00f3n del Sistema de Ense\u00f1anza del Ej\u00e9rcito. <\/p>\n","protected":false},"author":3,"featured_media":20965,"comment_status":"open","ping_status":"open","sticky":false,"template":"","format":"standard","meta":{"_coblocks_attr":"","_coblocks_dimensions":"","_coblocks_responsive_height":"","_coblocks_accordion_ie_support":"","_monsterinsights_skip_tracking":false,"_monsterinsights_sitenote_active":false,"_monsterinsights_sitenote_note":"","_monsterinsights_sitenote_category":0,"_uf_show_specific_survey":0,"_uf_disable_surveys":false,"footnotes":""},"categories":[2,10,14,1],"tags":[],"class_list":["post-20959","post","type-post","status-publish","format-standard","has-post-thumbnail","hentry","category-blog","category-destacados","category-noticias","category-sin-categoria"],"aioseo_notices":[],"_links":{"self":[{"href":"https:\/\/www.ejercito.mil.uy\/index.php\/wp-json\/wp\/v2\/posts\/20959","targetHints":{"allow":["GET"]}}],"collection":[{"href":"https:\/\/www.ejercito.mil.uy\/index.php\/wp-json\/wp\/v2\/posts"}],"about":[{"href":"https:\/\/www.ejercito.mil.uy\/index.php\/wp-json\/wp\/v2\/types\/post"}],"author":[{"embeddable":true,"href":"https:\/\/www.ejercito.mil.uy\/index.php\/wp-json\/wp\/v2\/users\/3"}],"replies":[{"embeddable":true,"href":"https:\/\/www.ejercito.mil.uy\/index.php\/wp-json\/wp\/v2\/comments?post=20959"}],"version-history":[{"count":13,"href":"https:\/\/www.ejercito.mil.uy\/index.php\/wp-json\/wp\/v2\/posts\/20959\/revisions"}],"predecessor-version":[{"id":20979,"href":"https:\/\/www.ejercito.mil.uy\/index.php\/wp-json\/wp\/v2\/posts\/20959\/revisions\/20979"}],"wp:featuredmedia":[{"embeddable":true,"href":"https:\/\/www.ejercito.mil.uy\/index.php\/wp-json\/wp\/v2\/media\/20965"}],"wp:attachment":[{"href":"https:\/\/www.ejercito.mil.uy\/index.php\/wp-json\/wp\/v2\/media?parent=20959"}],"wp:term":[{"taxonomy":"category","embeddable":true,"href":"https:\/\/www.ejercito.mil.uy\/index.php\/wp-json\/wp\/v2\/categories?post=20959"},{"taxonomy":"post_tag","embeddable":true,"href":"https:\/\/www.ejercito.mil.uy\/index.php\/wp-json\/wp\/v2\/tags?post=20959"}],"curies":[{"name":"wp","href":"https:\/\/api.w.org\/{rel}","templated":true}]}}