{"id":21089,"date":"2023-05-01T08:44:59","date_gmt":"2023-05-01T11:44:59","guid":{"rendered":"https:\/\/www.ejercito.mil.uy\/?p=21089"},"modified":"2023-05-01T10:19:32","modified_gmt":"2023-05-01T13:19:32","slug":"curso-en-el-centro-de-instruccion-de-blindados-de-brasil","status":"publish","type":"post","link":"https:\/\/www.ejercito.mil.uy\/index.php\/2023\/05\/01\/curso-en-el-centro-de-instruccion-de-blindados-de-brasil\/","title":{"rendered":"Curso en el Centro de Instrucci\u00f3n de Blindados de Brasil"},"content":{"rendered":"\n<div style=\"height:33px\" aria-hidden=\"true\" class=\"wp-block-spacer\"><\/div>\n\n\n\n<p style=\"font-size:14px\">30.04.2023 &#8211; Rep\u00fablica Federativa de Brasil<\/p>\n\n\n\n<div style=\"height:24px\" aria-hidden=\"true\" class=\"wp-block-spacer\"><\/div>\n\n\n\n<p class=\"has-medium-font-size\">El lunes 24 de abril, 4 efectivos del <a rel=\"noreferrer noopener\" href=\"https:\/\/www.facebook.com\/profile.php?id=100064805856044&amp;__cft__[0]=AZWYqvg0IQM06NfbyXG0Wkl7n7eHg5Wmlmf-zmXQ0ZNkTSiSq5ipL-F59WBR9Y0WtgauHwgSBlP4eoh67BP6z8fvTNx59xV2xbPBWlzIKfLyisWDMu6OzZ6WFkYFwneiekeUOEEmdKOAuD6_YhhVHx8EiDK8ScPTX-24qtZgARGgW_e6gK22CnJS4VqylFEYc0U&amp;__tn__=-]K-R\" target=\"_blank\"><strong>Grupo \u00abLas Piedras\u00bb de Artiller\u00eda 105mm N\u00ba 3<\/strong><\/a> comenzaron un curso en la Rep\u00fablica Federativa de Brasil, para formarse como <strong>Comandantes de l\u00ednea de fuego y Conductores del Veh\u00edculo Blindado M108<\/strong>, en el <a rel=\"noreferrer noopener\" href=\"http:\/\/www.cibld.eb.mil.br\/\" target=\"_blank\"><strong>Centro de Instrucci\u00f3n de Blindados \u00abGral. Walter Pires\u00bb<\/strong><\/a>.<\/p>\n\n\n\n<div style=\"height:33px\" aria-hidden=\"true\" class=\"wp-block-spacer\"><\/div>\n\n\n\n<figure class=\"wp-block-image size-large\"><img fetchpriority=\"high\" decoding=\"async\" width=\"1024\" height=\"683\" src=\"https:\/\/www.ejercito.mil.uy\/wp-content\/uploads\/2023\/05\/Brasil-3-1024x683.jpg\" alt=\"\" class=\"wp-image-21092\" srcset=\"https:\/\/www.ejercito.mil.uy\/wp-content\/uploads\/2023\/05\/Brasil-3-1024x683.jpg 1024w, https:\/\/www.ejercito.mil.uy\/wp-content\/uploads\/2023\/05\/Brasil-3-300x200.jpg 300w, https:\/\/www.ejercito.mil.uy\/wp-content\/uploads\/2023\/05\/Brasil-3.jpg 1200w\" sizes=\"(max-width: 1024px) 100vw, 1024px\" \/><\/figure>\n\n\n\n<div style=\"height:55px\" aria-hidden=\"true\" class=\"wp-block-spacer\"><\/div>\n\n\n\n<p>El curso consta de 8 semanas. La primera, se enfoca en el cuidado para trabajar con veh\u00edculos blindados, guiar una pieza en espacios reducidos, estudiar cada compartimiento del M108, preparar el material para hacer tiro real y realizar su transporte.<\/p>\n\n\n\n<div style=\"height:33px\" aria-hidden=\"true\" class=\"wp-block-spacer\"><\/div>\n\n\n\n<p>Esta actividad es fundamental, ya que lograr\u00e1 profesionalizar al personal para brindar instrucci\u00f3n y as\u00ed compartir los conocimientos dentro de la Fuerza.<\/p>\n\n\n\n<div style=\"height:33px\" aria-hidden=\"true\" class=\"wp-block-spacer\"><\/div>\n\n\n\n<p>En el primer mes, aprender\u00e1n a guiar, conducir, apuntar y desarrollar trabajos de mantenimiento, que son los conocimientos necesarios para utilizar el veh\u00edculo con eficacia.<\/p>\n\n\n\n<div style=\"height:33px\" aria-hidden=\"true\" class=\"wp-block-spacer\"><\/div>\n\n\n\n<p>En el segundo, se especializar\u00e1n en trabajos de fuerza, tendr\u00e1n campa\u00f1a de tiro real y har\u00e1n todo tipo de tarea, logrando solucionar cualquier problema que se les presente, obteniendo la experiencia necesaria.<\/p>\n\n\n\n<div style=\"height:33px\" aria-hidden=\"true\" class=\"wp-block-spacer\"><\/div>\n\n\n\n<figure class=\"wp-block-gallery columns-2 is-cropped wp-block-gallery-1 is-layout-flex wp-block-gallery-is-layout-flex\"><ul class=\"blocks-gallery-grid\"><li class=\"blocks-gallery-item\"><figure><img decoding=\"async\" width=\"1024\" height=\"683\" src=\"https:\/\/www.ejercito.mil.uy\/wp-content\/uploads\/2023\/05\/Brasil-1-1024x683.jpg\" alt=\"\" data-id=\"21093\" data-full-url=\"https:\/\/www.ejercito.mil.uy\/wp-content\/uploads\/2023\/05\/Brasil-1.jpg\" data-link=\"https:\/\/www.ejercito.mil.uy\/?attachment_id=21093\" class=\"wp-image-21093\" srcset=\"https:\/\/www.ejercito.mil.uy\/wp-content\/uploads\/2023\/05\/Brasil-1-1024x683.jpg 1024w, https:\/\/www.ejercito.mil.uy\/wp-content\/uploads\/2023\/05\/Brasil-1-300x200.jpg 300w, https:\/\/www.ejercito.mil.uy\/wp-content\/uploads\/2023\/05\/Brasil-1.jpg 1200w\" sizes=\"(max-width: 1024px) 100vw, 1024px\" \/><\/figure><\/li><li class=\"blocks-gallery-item\"><figure><img decoding=\"async\" width=\"1024\" height=\"683\" src=\"https:\/\/www.ejercito.mil.uy\/wp-content\/uploads\/2023\/05\/Brasil-2-1024x683.jpg\" alt=\"\" data-id=\"21094\" data-full-url=\"https:\/\/www.ejercito.mil.uy\/wp-content\/uploads\/2023\/05\/Brasil-2.jpg\" data-link=\"https:\/\/www.ejercito.mil.uy\/?attachment_id=21094\" class=\"wp-image-21094\" srcset=\"https:\/\/www.ejercito.mil.uy\/wp-content\/uploads\/2023\/05\/Brasil-2-1024x683.jpg 1024w, https:\/\/www.ejercito.mil.uy\/wp-content\/uploads\/2023\/05\/Brasil-2-300x200.jpg 300w, https:\/\/www.ejercito.mil.uy\/wp-content\/uploads\/2023\/05\/Brasil-2.jpg 1200w\" sizes=\"(max-width: 1024px) 100vw, 1024px\" \/><\/figure><\/li><\/ul><\/figure>\n\n\n\n<div style=\"height:33px\" aria-hidden=\"true\" class=\"wp-block-spacer\"><\/div>\n\n\n\n<p>Cabe destacar, que este blindado fue parte de la donaci\u00f3n del <a rel=\"noreferrer noopener\" href=\"https:\/\/www.facebook.com\/exercito?__cft__[0]=AZU1ZZ9OGVgG1oUOj-ghAPuGiDr-iCKrfzh6LB-RiApzUpQilJjIqjMBRylhNcKcPlbROatjIvexwxB6pSYQDJ___7426-aWIB5nP6jWf4ROrmUCEH1M3Hhixt4xX2xcXKhtQpP9ZbrvptsoMZH_R7Z3CNO79i5Kdc8QeHhDPkZTXBDDoKyLmg9sN0feL8hYy3U&amp;__tn__=-]K-R\" target=\"_blank\"><strong>Ex\u00e9rcito Brasileiro<\/strong><\/a> al Ej\u00e9rcito Nacional en 2022. \u00a1Les deseamos muchos \u00e9xitos camaradas!<\/p>\n\n\n\n<div style=\"height:100px\" aria-hidden=\"true\" class=\"wp-block-spacer\"><\/div>\n\n\n\n<p><\/p>\n","protected":false},"excerpt":{"rendered":"<p>30.04.2023 &#8211; 4 efectivos del Grupo \u00abLas Piedras\u00bb de Artiller\u00eda 105mm N\u00ba 3, comenzaron el curso para formarse como Comandantes de l\u00ednea de fuego y Conductores del Veh\u00edculo Blindado M108.<\/p>\n","protected":false},"author":4,"featured_media":21091,"comment_status":"closed","ping_status":"open","sticky":false,"template":"","format":"standard","meta":{"_coblocks_attr":"","_coblocks_dimensions":"","_coblocks_responsive_height":"","_coblocks_accordion_ie_support":"","_monsterinsights_skip_tracking":false,"_monsterinsights_sitenote_active":false,"_monsterinsights_sitenote_note":"","_monsterinsights_sitenote_category":0,"_uf_show_specific_survey":0,"_uf_disable_surveys":false,"footnotes":""},"categories":[2,10,14],"tags":[135,120,194,70,35,13],"class_list":["post-21089","post","type-post","status-publish","format-standard","has-post-thumbnail","hentry","category-blog","category-destacados","category-noticias","tag-artilleria","tag-blindado","tag-brasil","tag-curso","tag-entrenamiento","tag-instruccion"],"aioseo_notices":[],"_links":{"self":[{"href":"https:\/\/www.ejercito.mil.uy\/index.php\/wp-json\/wp\/v2\/posts\/21089","targetHints":{"allow":["GET"]}}],"collection":[{"href":"https:\/\/www.ejercito.mil.uy\/index.php\/wp-json\/wp\/v2\/posts"}],"about":[{"href":"https:\/\/www.ejercito.mil.uy\/index.php\/wp-json\/wp\/v2\/types\/post"}],"author":[{"embeddable":true,"href":"https:\/\/www.ejercito.mil.uy\/index.php\/wp-json\/wp\/v2\/users\/4"}],"replies":[{"embeddable":true,"href":"https:\/\/www.ejercito.mil.uy\/index.php\/wp-json\/wp\/v2\/comments?post=21089"}],"version-history":[{"count":3,"href":"https:\/\/www.ejercito.mil.uy\/index.php\/wp-json\/wp\/v2\/posts\/21089\/revisions"}],"predecessor-version":[{"id":21129,"href":"https:\/\/www.ejercito.mil.uy\/index.php\/wp-json\/wp\/v2\/posts\/21089\/revisions\/21129"}],"wp:featuredmedia":[{"embeddable":true,"href":"https:\/\/www.ejercito.mil.uy\/index.php\/wp-json\/wp\/v2\/media\/21091"}],"wp:attachment":[{"href":"https:\/\/www.ejercito.mil.uy\/index.php\/wp-json\/wp\/v2\/media?parent=21089"}],"wp:term":[{"taxonomy":"category","embeddable":true,"href":"https:\/\/www.ejercito.mil.uy\/index.php\/wp-json\/wp\/v2\/categories?post=21089"},{"taxonomy":"post_tag","embeddable":true,"href":"https:\/\/www.ejercito.mil.uy\/index.php\/wp-json\/wp\/v2\/tags?post=21089"}],"curies":[{"name":"wp","href":"https:\/\/api.w.org\/{rel}","templated":true}]}}