{"id":2110,"date":"2021-04-15T09:00:38","date_gmt":"2021-04-15T12:00:38","guid":{"rendered":"https:\/\/www.ejercito.mil.uy\/?p=2110"},"modified":"2021-06-02T12:36:35","modified_gmt":"2021-06-02T15:36:35","slug":"confeccion-de-alimentos","status":"publish","type":"post","link":"https:\/\/www.ejercito.mil.uy\/index.php\/2021\/04\/15\/confeccion-de-alimentos\/","title":{"rendered":"Confecci\u00f3n de alimentos"},"content":{"rendered":"\n<p class=\"wp-block-paragraph\" style=\"font-size:14px\">15.04.2021 &#8211; Salto<\/p>\n\n\n\n<div style=\"height:33px\" aria-hidden=\"true\" class=\"wp-block-spacer\"><\/div>\n\n\n\n<p class=\"wp-block-paragraph\" style=\"font-size:20px\"><strong>El Ej\u00e9rcito Nacional apoya a la poblaci\u00f3n m\u00e1s vulnerable con la confecci\u00f3n de alimentos<\/strong><\/p>\n\n\n\n<div style=\"height:33px\" aria-hidden=\"true\" class=\"wp-block-spacer\"><\/div>\n\n\n\n<p class=\"wp-block-paragraph\">La Fuerza de todos elabora un total de 1.100 platos de comida diarias en el pa\u00eds. Por ejemplo, al <strong>Hogar Mill\u00e1n <\/strong>en el dpto. de Salto, que tuvo que cerrar su cocina ante un brote de covid.<\/p>\n\n\n\n<div style=\"height:33px\" aria-hidden=\"true\" class=\"wp-block-spacer\"><\/div>\n\n\n\n<p class=\"wp-block-paragraph\">Asimismo, se brinda racionamiento a extranjeros que ingresan a nuestro pa\u00eds en calidad de migrantes.<\/p>\n\n\n\n<div style=\"height:33px\" aria-hidden=\"true\" class=\"wp-block-spacer\"><\/div>\n\n\n\n<div class=\"wp-block-coblocks-gallery-stacked aligncenter\"><ul class=\"coblocks-gallery has-fullwidth-images\"><li class=\"coblocks-gallery--item coblocks-animate\" data-coblocks-animation=\"slideInLeft\"><figure class=\"coblocks-gallery--figure has-margin-bottom-mobile-5\"><img loading=\"lazy\" decoding=\"async\" width=\"1024\" height=\"683\" src=\"https:\/\/www.ejercito.mil.uy\/wp-content\/uploads\/2021\/04\/Apoyo-1024x683.jpg\" alt=\"\" data-id=\"2113\" data-imglink=\"\" data-link=\"https:\/\/www.ejercito.mil.uy\/?attachment_id=2113\" class=\"wp-image-2113 has-shadow-none\" srcset=\"https:\/\/www.ejercito.mil.uy\/wp-content\/uploads\/2021\/04\/Apoyo-1024x683.jpg 1024w, https:\/\/www.ejercito.mil.uy\/wp-content\/uploads\/2021\/04\/Apoyo-300x200.jpg 300w, https:\/\/www.ejercito.mil.uy\/wp-content\/uploads\/2021\/04\/Apoyo.jpg 1200w\" sizes=\"auto, (max-width: 1024px) 100vw, 1024px\" \/><\/figure><\/li><li class=\"coblocks-gallery--item coblocks-animate\" data-coblocks-animation=\"slideInLeft\"><figure class=\"coblocks-gallery--figure has-margin-bottom-mobile-5\"><img loading=\"lazy\" decoding=\"async\" width=\"1024\" height=\"683\" src=\"https:\/\/www.ejercito.mil.uy\/wp-content\/uploads\/2021\/04\/Apoyo3-1024x683.jpg\" alt=\"\" data-id=\"2114\" data-imglink=\"\" data-link=\"https:\/\/www.ejercito.mil.uy\/?attachment_id=2114\" class=\"wp-image-2114 has-shadow-none\" srcset=\"https:\/\/www.ejercito.mil.uy\/wp-content\/uploads\/2021\/04\/Apoyo3-1024x683.jpg 1024w, https:\/\/www.ejercito.mil.uy\/wp-content\/uploads\/2021\/04\/Apoyo3-300x200.jpg 300w, https:\/\/www.ejercito.mil.uy\/wp-content\/uploads\/2021\/04\/Apoyo3.jpg 1200w\" sizes=\"auto, (max-width: 1024px) 100vw, 1024px\" \/><\/figure><\/li><\/ul><\/div>\n\n\n\n<p class=\"wp-block-paragraph\"><\/p>\n\n\n\n<p class=\"wp-block-paragraph\">   <\/p>\n\n\n\n<p class=\"wp-block-paragraph\">   <\/p>\n","protected":false},"excerpt":{"rendered":"<p>15.04.2021 &#8211; Salto El Ej\u00e9rcito Nacional apoya a la poblaci\u00f3n m\u00e1s vulnerable con la confecci\u00f3n de alimentos La Fuerza de todos elabora un total de 1.100 platos de comida diarias en el pa\u00eds. Por ejemplo, al Hogar Mill\u00e1n en el dpto. de Salto, que tuvo que cerrar su cocina ante un brote de covid. Asimismo, <a href=\"https:\/\/www.ejercito.mil.uy\/index.php\/2021\/04\/15\/confeccion-de-alimentos\/\" class=\"more-link\">&#8230;<span class=\"screen-reader-text\">  Confecci\u00f3n de alimentos<\/span><\/a><\/p>\n","protected":false},"author":4,"featured_media":2117,"comment_status":"closed","ping_status":"open","sticky":false,"template":"","format":"standard","meta":{"_coblocks_attr":"","_coblocks_dimensions":"","_coblocks_responsive_height":"","_coblocks_accordion_ie_support":"","_monsterinsights_skip_tracking":false,"_uf_show_specific_survey":0,"_uf_disable_surveys":false,"footnotes":""},"categories":[2,14],"tags":[36,27,32,29,25,23],"class_list":["post-2110","post","type-post","status-publish","format-standard","has-post-thumbnail","hentry","category-blog","category-noticias","tag-alimentacion","tag-apoyo","tag-bienestar","tag-comunidad","tag-covid","tag-vacunacion"],"aioseo_notices":[],"aioseo_head":"\n\t\t<!-- All in One SEO 5.0.1.1 - aioseo.com -->\n\t<meta name=\"description\" content=\"15.04.2021 - Salto El Ej\u00e9rcito Nacional apoya a la poblaci\u00f3n m\u00e1s vulnerable con la confecci\u00f3n de alimentos La Fuerza de todos elabora un total de 1.100 platos de comida diarias en el pa\u00eds. Por ejemplo, al Hogar Mill\u00e1n en el dpto. de Salto, que tuvo que cerrar su cocina ante un brote de covid. Asimismo,\" \/>\n\t<meta name=\"robots\" content=\"max-image-preview:large\" \/>\n\t<meta name=\"author\" content=\"Alejandro Castro\"\/>\n\t<link rel=\"canonical\" href=\"https:\/\/www.ejercito.mil.uy\/index.php\/2021\/04\/15\/confeccion-de-alimentos\/\" \/>\n\t<meta name=\"generator\" content=\"All in One SEO (AIOSEO) 5.0.1.1\" \/>\n\t\t<meta property=\"og:locale\" content=\"es_ES\" \/>\n\t\t<meta property=\"og:site_name\" content=\"Ej\u00e9rcito Nacional - La Fuerza de todos\" \/>\n\t\t<meta property=\"og:type\" content=\"article\" \/>\n\t\t<meta property=\"og:title\" content=\"Confecci\u00f3n de alimentos - Ej\u00e9rcito Nacional\" \/>\n\t\t<meta property=\"og:description\" content=\"15.04.2021 - Salto El Ej\u00e9rcito Nacional apoya a la poblaci\u00f3n m\u00e1s vulnerable con la confecci\u00f3n de alimentos La Fuerza de todos elabora un total de 1.100 platos de comida diarias en el pa\u00eds. Por ejemplo, al Hogar Mill\u00e1n en el dpto. de Salto, que tuvo que cerrar su cocina ante un brote de covid. Asimismo,\" \/>\n\t\t<meta property=\"og:url\" content=\"https:\/\/www.ejercito.mil.uy\/index.php\/2021\/04\/15\/confeccion-de-alimentos\/\" \/>\n\t\t<meta property=\"og:image\" content=\"https:\/\/www.ejercito.mil.uy\/wp-content\/uploads\/2022\/01\/Escudo_EN_URUGUAY.png\" \/>\n\t\t<meta property=\"og:image:secure_url\" content=\"https:\/\/www.ejercito.mil.uy\/wp-content\/uploads\/2022\/01\/Escudo_EN_URUGUAY.png\" \/>\n\t\t<meta property=\"og:image:width\" content=\"134\" \/>\n\t\t<meta property=\"og:image:height\" content=\"119\" \/>\n\t\t<meta property=\"article:published_time\" content=\"2021-04-15T12:00:38+00:00\" \/>\n\t\t<meta property=\"article:modified_time\" content=\"2021-06-02T15:36:35+00:00\" \/>\n\t\t<meta name=\"twitter:card\" content=\"summary_large_image\" \/>\n\t\t<meta name=\"twitter:title\" content=\"Confecci\u00f3n de alimentos - Ej\u00e9rcito Nacional\" \/>\n\t\t<meta name=\"twitter:description\" content=\"15.04.2021 - Salto El Ej\u00e9rcito Nacional apoya a la poblaci\u00f3n m\u00e1s vulnerable con la confecci\u00f3n de alimentos La Fuerza de todos elabora un total de 1.100 platos de comida diarias en el pa\u00eds. Por ejemplo, al Hogar Mill\u00e1n en el dpto. de Salto, que tuvo que cerrar su cocina ante un brote de covid. Asimismo,\" \/>\n\t\t<meta name=\"twitter:image\" content=\"https:\/\/www.ejercito.mil.uy\/wp-content\/uploads\/2022\/01\/Escudo_EN_URUGUAY.png\" \/>\n\t\t<script type=\"application\/ld+json\" class=\"aioseo-schema\">\n\t\t\t{\"@context\":\"https:\\\/\\\/schema.org\",\"@graph\":[{\"@type\":\"BlogPosting\",\"@id\":\"https:\\\/\\\/www.ejercito.mil.uy\\\/index.php\\\/2021\\\/04\\\/15\\\/confeccion-de-alimentos\\\/#blogposting\",\"name\":\"Confecci\\u00f3n de alimentos - Ej\\u00e9rcito Nacional\",\"headline\":\"Confecci\\u00f3n de alimentos\",\"author\":{\"@id\":\"https:\\\/\\\/www.ejercito.mil.uy\\\/index.php\\\/author\\\/acastro\\\/#author\"},\"publisher\":{\"@id\":\"https:\\\/\\\/www.ejercito.mil.uy\\\/#organization\"},\"image\":{\"@type\":\"ImageObject\",\"url\":\"https:\\\/\\\/www.ejercito.mil.uy\\\/wp-content\\\/uploads\\\/2021\\\/04\\\/Apoyo2.jpg\",\"width\":1200,\"height\":800},\"datePublished\":\"2021-04-15T09:00:38-03:00\",\"dateModified\":\"2021-06-02T12:36:35-03:00\",\"inLanguage\":\"es-UY\",\"mainEntityOfPage\":{\"@id\":\"https:\\\/\\\/www.ejercito.mil.uy\\\/index.php\\\/2021\\\/04\\\/15\\\/confeccion-de-alimentos\\\/#webpage\"},\"isPartOf\":{\"@id\":\"https:\\\/\\\/www.ejercito.mil.uy\\\/index.php\\\/2021\\\/04\\\/15\\\/confeccion-de-alimentos\\\/#webpage\"},\"articleSection\":\"Blog, Noticias, alimentaci\\u00f3n, apoyo, bienestar, comunidad, covid, vacunacion\"},{\"@type\":\"BreadcrumbList\",\"@id\":\"https:\\\/\\\/www.ejercito.mil.uy\\\/index.php\\\/2021\\\/04\\\/15\\\/confeccion-de-alimentos\\\/#breadcrumblist\",\"itemListElement\":[{\"@type\":\"ListItem\",\"@id\":\"https:\\\/\\\/www.ejercito.mil.uy#listItem\",\"position\":1,\"name\":\"Home\",\"item\":\"https:\\\/\\\/www.ejercito.mil.uy\",\"nextItem\":{\"@type\":\"ListItem\",\"@id\":\"https:\\\/\\\/www.ejercito.mil.uy\\\/index.php\\\/category\\\/destacados\\\/#listItem\",\"name\":\"Destacados\"}},{\"@type\":\"ListItem\",\"@id\":\"https:\\\/\\\/www.ejercito.mil.uy\\\/index.php\\\/category\\\/destacados\\\/#listItem\",\"position\":2,\"name\":\"Destacados\",\"item\":\"https:\\\/\\\/www.ejercito.mil.uy\\\/index.php\\\/category\\\/destacados\\\/\",\"nextItem\":{\"@type\":\"ListItem\",\"@id\":\"https:\\\/\\\/www.ejercito.mil.uy\\\/index.php\\\/category\\\/destacados\\\/noticias\\\/#listItem\",\"name\":\"Noticias\"},\"previousItem\":{\"@type\":\"ListItem\",\"@id\":\"https:\\\/\\\/www.ejercito.mil.uy#listItem\",\"name\":\"Home\"}},{\"@type\":\"ListItem\",\"@id\":\"https:\\\/\\\/www.ejercito.mil.uy\\\/index.php\\\/category\\\/destacados\\\/noticias\\\/#listItem\",\"position\":3,\"name\":\"Noticias\",\"item\":\"https:\\\/\\\/www.ejercito.mil.uy\\\/index.php\\\/category\\\/destacados\\\/noticias\\\/\",\"nextItem\":{\"@type\":\"ListItem\",\"@id\":\"https:\\\/\\\/www.ejercito.mil.uy\\\/index.php\\\/2021\\\/04\\\/15\\\/confeccion-de-alimentos\\\/#listItem\",\"name\":\"Confecci\\u00f3n de alimentos\"},\"previousItem\":{\"@type\":\"ListItem\",\"@id\":\"https:\\\/\\\/www.ejercito.mil.uy\\\/index.php\\\/category\\\/destacados\\\/#listItem\",\"name\":\"Destacados\"}},{\"@type\":\"ListItem\",\"@id\":\"https:\\\/\\\/www.ejercito.mil.uy\\\/index.php\\\/2021\\\/04\\\/15\\\/confeccion-de-alimentos\\\/#listItem\",\"position\":4,\"name\":\"Confecci\\u00f3n de alimentos\",\"previousItem\":{\"@type\":\"ListItem\",\"@id\":\"https:\\\/\\\/www.ejercito.mil.uy\\\/index.php\\\/category\\\/destacados\\\/noticias\\\/#listItem\",\"name\":\"Noticias\"}}]},{\"@type\":\"Organization\",\"@id\":\"https:\\\/\\\/www.ejercito.mil.uy\\\/#organization\",\"name\":\"Ej\\u00e9rcito Nacional\",\"description\":\"La Fuerza de todos\",\"url\":\"https:\\\/\\\/www.ejercito.mil.uy\\\/\",\"logo\":{\"@type\":\"ImageObject\",\"url\":\"https:\\\/\\\/www.ejercito.mil.uy\\\/wp-content\\\/uploads\\\/2022\\\/01\\\/Escudo_EN_URUGUAY.png\",\"@id\":\"https:\\\/\\\/www.ejercito.mil.uy\\\/index.php\\\/2021\\\/04\\\/15\\\/confeccion-de-alimentos\\\/#organizationLogo\",\"width\":134,\"height\":119},\"image\":{\"@id\":\"https:\\\/\\\/www.ejercito.mil.uy\\\/index.php\\\/2021\\\/04\\\/15\\\/confeccion-de-alimentos\\\/#organizationLogo\"}},{\"@type\":\"Person\",\"@id\":\"https:\\\/\\\/www.ejercito.mil.uy\\\/index.php\\\/author\\\/acastro\\\/#author\",\"url\":\"https:\\\/\\\/www.ejercito.mil.uy\\\/index.php\\\/author\\\/acastro\\\/\",\"name\":\"Alejandro Castro\",\"image\":{\"@type\":\"ImageObject\",\"@id\":\"https:\\\/\\\/www.ejercito.mil.uy\\\/index.php\\\/2021\\\/04\\\/15\\\/confeccion-de-alimentos\\\/#authorImage\",\"url\":\"https:\\\/\\\/secure.gravatar.com\\\/avatar\\\/89bb77d4bf696501dd94ca89e6794e1787eaffba7c7197528d249e15bd099f68?s=96&d=mm&r=g\",\"width\":96,\"height\":96,\"caption\":\"Alejandro Castro\"}},{\"@type\":\"WebPage\",\"@id\":\"https:\\\/\\\/www.ejercito.mil.uy\\\/index.php\\\/2021\\\/04\\\/15\\\/confeccion-de-alimentos\\\/#webpage\",\"url\":\"https:\\\/\\\/www.ejercito.mil.uy\\\/index.php\\\/2021\\\/04\\\/15\\\/confeccion-de-alimentos\\\/\",\"name\":\"Confecci\\u00f3n de alimentos - Ej\\u00e9rcito Nacional\",\"description\":\"15.04.2021 - Salto El Ej\\u00e9rcito Nacional apoya a la poblaci\\u00f3n m\\u00e1s vulnerable con la confecci\\u00f3n de alimentos La Fuerza de todos elabora un total de 1.100 platos de comida diarias en el pa\\u00eds. Por ejemplo, al Hogar Mill\\u00e1n en el dpto. de Salto, que tuvo que cerrar su cocina ante un brote de covid. Asimismo,\",\"inLanguage\":\"es-UY\",\"isPartOf\":{\"@id\":\"https:\\\/\\\/www.ejercito.mil.uy\\\/#website\"},\"breadcrumb\":{\"@id\":\"https:\\\/\\\/www.ejercito.mil.uy\\\/index.php\\\/2021\\\/04\\\/15\\\/confeccion-de-alimentos\\\/#breadcrumblist\"},\"author\":{\"@id\":\"https:\\\/\\\/www.ejercito.mil.uy\\\/index.php\\\/author\\\/acastro\\\/#author\"},\"creator\":{\"@id\":\"https:\\\/\\\/www.ejercito.mil.uy\\\/index.php\\\/author\\\/acastro\\\/#author\"},\"image\":{\"@type\":\"ImageObject\",\"url\":\"https:\\\/\\\/www.ejercito.mil.uy\\\/wp-content\\\/uploads\\\/2021\\\/04\\\/Apoyo2.jpg\",\"@id\":\"https:\\\/\\\/www.ejercito.mil.uy\\\/index.php\\\/2021\\\/04\\\/15\\\/confeccion-de-alimentos\\\/#mainImage\",\"width\":1200,\"height\":800},\"primaryImageOfPage\":{\"@id\":\"https:\\\/\\\/www.ejercito.mil.uy\\\/index.php\\\/2021\\\/04\\\/15\\\/confeccion-de-alimentos\\\/#mainImage\"},\"datePublished\":\"2021-04-15T09:00:38-03:00\",\"dateModified\":\"2021-06-02T12:36:35-03:00\"},{\"@type\":\"WebSite\",\"@id\":\"https:\\\/\\\/www.ejercito.mil.uy\\\/#website\",\"url\":\"https:\\\/\\\/www.ejercito.mil.uy\\\/\",\"name\":\"Ej\\u00e9rcito Nacional\",\"description\":\"La Fuerza de todos\",\"inLanguage\":\"es-UY\",\"publisher\":{\"@id\":\"https:\\\/\\\/www.ejercito.mil.uy\\\/#organization\"}}]}\n\t\t<\/script>\n\t\t<!-- All in One SEO -->\n\n","aioseo_head_json":{"title":"Confecci\u00f3n de alimentos - Ej\u00e9rcito Nacional","description":"15.04.2021 - Salto El Ej\u00e9rcito Nacional apoya a la poblaci\u00f3n m\u00e1s vulnerable con la confecci\u00f3n de alimentos La Fuerza de todos elabora un total de 1.100 platos de comida diarias en el pa\u00eds. Por ejemplo, al Hogar Mill\u00e1n en el dpto. de Salto, que tuvo que cerrar su cocina ante un brote de covid. Asimismo,","canonical_url":"https:\/\/www.ejercito.mil.uy\/index.php\/2021\/04\/15\/confeccion-de-alimentos\/","robots":"max-image-preview:large","keywords":"","webmasterTools":{"miscellaneous":""},"schema":{"@context":"https:\/\/schema.org","@graph":[{"@type":"BlogPosting","@id":"https:\/\/www.ejercito.mil.uy\/index.php\/2021\/04\/15\/confeccion-de-alimentos\/#blogposting","name":"Confecci\u00f3n de alimentos - Ej\u00e9rcito Nacional","headline":"Confecci\u00f3n de alimentos","author":{"@id":"https:\/\/www.ejercito.mil.uy\/index.php\/author\/acastro\/#author"},"publisher":{"@id":"https:\/\/www.ejercito.mil.uy\/#organization"},"image":{"@type":"ImageObject","url":"https:\/\/www.ejercito.mil.uy\/wp-content\/uploads\/2021\/04\/Apoyo2.jpg","width":1200,"height":800},"datePublished":"2021-04-15T09:00:38-03:00","dateModified":"2021-06-02T12:36:35-03:00","inLanguage":"es-UY","mainEntityOfPage":{"@id":"https:\/\/www.ejercito.mil.uy\/index.php\/2021\/04\/15\/confeccion-de-alimentos\/#webpage"},"isPartOf":{"@id":"https:\/\/www.ejercito.mil.uy\/index.php\/2021\/04\/15\/confeccion-de-alimentos\/#webpage"},"articleSection":"Blog, Noticias, alimentaci\u00f3n, apoyo, bienestar, comunidad, covid, vacunacion"},{"@type":"BreadcrumbList","@id":"https:\/\/www.ejercito.mil.uy\/index.php\/2021\/04\/15\/confeccion-de-alimentos\/#breadcrumblist","itemListElement":[{"@type":"ListItem","@id":"https:\/\/www.ejercito.mil.uy#listItem","position":1,"name":"Home","item":"https:\/\/www.ejercito.mil.uy","nextItem":{"@type":"ListItem","@id":"https:\/\/www.ejercito.mil.uy\/index.php\/category\/destacados\/#listItem","name":"Destacados"}},{"@type":"ListItem","@id":"https:\/\/www.ejercito.mil.uy\/index.php\/category\/destacados\/#listItem","position":2,"name":"Destacados","item":"https:\/\/www.ejercito.mil.uy\/index.php\/category\/destacados\/","nextItem":{"@type":"ListItem","@id":"https:\/\/www.ejercito.mil.uy\/index.php\/category\/destacados\/noticias\/#listItem","name":"Noticias"},"previousItem":{"@type":"ListItem","@id":"https:\/\/www.ejercito.mil.uy#listItem","name":"Home"}},{"@type":"ListItem","@id":"https:\/\/www.ejercito.mil.uy\/index.php\/category\/destacados\/noticias\/#listItem","position":3,"name":"Noticias","item":"https:\/\/www.ejercito.mil.uy\/index.php\/category\/destacados\/noticias\/","nextItem":{"@type":"ListItem","@id":"https:\/\/www.ejercito.mil.uy\/index.php\/2021\/04\/15\/confeccion-de-alimentos\/#listItem","name":"Confecci\u00f3n de alimentos"},"previousItem":{"@type":"ListItem","@id":"https:\/\/www.ejercito.mil.uy\/index.php\/category\/destacados\/#listItem","name":"Destacados"}},{"@type":"ListItem","@id":"https:\/\/www.ejercito.mil.uy\/index.php\/2021\/04\/15\/confeccion-de-alimentos\/#listItem","position":4,"name":"Confecci\u00f3n de alimentos","previousItem":{"@type":"ListItem","@id":"https:\/\/www.ejercito.mil.uy\/index.php\/category\/destacados\/noticias\/#listItem","name":"Noticias"}}]},{"@type":"Organization","@id":"https:\/\/www.ejercito.mil.uy\/#organization","name":"Ej\u00e9rcito Nacional","description":"La Fuerza de todos","url":"https:\/\/www.ejercito.mil.uy\/","logo":{"@type":"ImageObject","url":"https:\/\/www.ejercito.mil.uy\/wp-content\/uploads\/2022\/01\/Escudo_EN_URUGUAY.png","@id":"https:\/\/www.ejercito.mil.uy\/index.php\/2021\/04\/15\/confeccion-de-alimentos\/#organizationLogo","width":134,"height":119},"image":{"@id":"https:\/\/www.ejercito.mil.uy\/index.php\/2021\/04\/15\/confeccion-de-alimentos\/#organizationLogo"}},{"@type":"Person","@id":"https:\/\/www.ejercito.mil.uy\/index.php\/author\/acastro\/#author","url":"https:\/\/www.ejercito.mil.uy\/index.php\/author\/acastro\/","name":"Alejandro Castro","image":{"@type":"ImageObject","@id":"https:\/\/www.ejercito.mil.uy\/index.php\/2021\/04\/15\/confeccion-de-alimentos\/#authorImage","url":"https:\/\/secure.gravatar.com\/avatar\/89bb77d4bf696501dd94ca89e6794e1787eaffba7c7197528d249e15bd099f68?s=96&d=mm&r=g","width":96,"height":96,"caption":"Alejandro Castro"}},{"@type":"WebPage","@id":"https:\/\/www.ejercito.mil.uy\/index.php\/2021\/04\/15\/confeccion-de-alimentos\/#webpage","url":"https:\/\/www.ejercito.mil.uy\/index.php\/2021\/04\/15\/confeccion-de-alimentos\/","name":"Confecci\u00f3n de alimentos - Ej\u00e9rcito Nacional","description":"15.04.2021 - Salto El Ej\u00e9rcito Nacional apoya a la poblaci\u00f3n m\u00e1s vulnerable con la confecci\u00f3n de alimentos La Fuerza de todos elabora un total de 1.100 platos de comida diarias en el pa\u00eds. Por ejemplo, al Hogar Mill\u00e1n en el dpto. de Salto, que tuvo que cerrar su cocina ante un brote de covid. Asimismo,","inLanguage":"es-UY","isPartOf":{"@id":"https:\/\/www.ejercito.mil.uy\/#website"},"breadcrumb":{"@id":"https:\/\/www.ejercito.mil.uy\/index.php\/2021\/04\/15\/confeccion-de-alimentos\/#breadcrumblist"},"author":{"@id":"https:\/\/www.ejercito.mil.uy\/index.php\/author\/acastro\/#author"},"creator":{"@id":"https:\/\/www.ejercito.mil.uy\/index.php\/author\/acastro\/#author"},"image":{"@type":"ImageObject","url":"https:\/\/www.ejercito.mil.uy\/wp-content\/uploads\/2021\/04\/Apoyo2.jpg","@id":"https:\/\/www.ejercito.mil.uy\/index.php\/2021\/04\/15\/confeccion-de-alimentos\/#mainImage","width":1200,"height":800},"primaryImageOfPage":{"@id":"https:\/\/www.ejercito.mil.uy\/index.php\/2021\/04\/15\/confeccion-de-alimentos\/#mainImage"},"datePublished":"2021-04-15T09:00:38-03:00","dateModified":"2021-06-02T12:36:35-03:00"},{"@type":"WebSite","@id":"https:\/\/www.ejercito.mil.uy\/#website","url":"https:\/\/www.ejercito.mil.uy\/","name":"Ej\u00e9rcito Nacional","description":"La Fuerza de todos","inLanguage":"es-UY","publisher":{"@id":"https:\/\/www.ejercito.mil.uy\/#organization"}}]},"og:locale":"es_ES","og:site_name":"Ej\u00e9rcito Nacional - La Fuerza de todos","og:type":"article","og:title":"Confecci\u00f3n de alimentos - Ej\u00e9rcito Nacional","og:description":"15.04.2021 - Salto El Ej\u00e9rcito Nacional apoya a la poblaci\u00f3n m\u00e1s vulnerable con la confecci\u00f3n de alimentos La Fuerza de todos elabora un total de 1.100 platos de comida diarias en el pa\u00eds. Por ejemplo, al Hogar Mill\u00e1n en el dpto. de Salto, que tuvo que cerrar su cocina ante un brote de covid. Asimismo,","og:url":"https:\/\/www.ejercito.mil.uy\/index.php\/2021\/04\/15\/confeccion-de-alimentos\/","og:image":"https:\/\/www.ejercito.mil.uy\/wp-content\/uploads\/2022\/01\/Escudo_EN_URUGUAY.png","og:image:secure_url":"https:\/\/www.ejercito.mil.uy\/wp-content\/uploads\/2022\/01\/Escudo_EN_URUGUAY.png","og:image:width":134,"og:image:height":119,"article:published_time":"2021-04-15T12:00:38+00:00","article:modified_time":"2021-06-02T15:36:35+00:00","twitter:card":"summary_large_image","twitter:title":"Confecci\u00f3n de alimentos - Ej\u00e9rcito Nacional","twitter:description":"15.04.2021 - Salto El Ej\u00e9rcito Nacional apoya a la poblaci\u00f3n m\u00e1s vulnerable con la confecci\u00f3n de alimentos La Fuerza de todos elabora un total de 1.100 platos de comida diarias en el pa\u00eds. Por ejemplo, al Hogar Mill\u00e1n en el dpto. de Salto, que tuvo que cerrar su cocina ante un brote de covid. Asimismo,","twitter:image":"https:\/\/www.ejercito.mil.uy\/wp-content\/uploads\/2022\/01\/Escudo_EN_URUGUAY.png"},"aioseo_meta_data":{"post_id":"2110","title":null,"description":null,"keywords":null,"keyphrases":null,"primary_term":null,"canonical_url":null,"og_title":null,"og_description":null,"og_object_type":"default","og_image_type":"default","og_image_url":null,"og_image_width":null,"og_image_height":null,"og_image_custom_url":null,"og_image_custom_fields":null,"og_video":null,"og_custom_url":null,"og_article_section":null,"og_article_tags":null,"twitter_use_og":false,"twitter_card":"default","twitter_image_type":"default","twitter_image_url":null,"twitter_image_custom_url":null,"twitter_image_custom_fields":null,"twitter_title":null,"twitter_description":null,"schema":{"blockGraphs":[],"customGraphs":[],"default":{"data":{"Article":[],"Course":[],"Dataset":[],"FAQPage":[],"Movie":[],"Person":[],"Product":[],"ProductReview":[],"Car":[],"Recipe":[],"Service":[],"SoftwareApplication":[],"WebPage":[]},"graphName":"","isEnabled":true},"graphs":[]},"schema_type":"default","schema_type_options":null,"pillar_content":false,"robots_default":true,"robots_noindex":false,"robots_noarchive":false,"robots_nosnippet":false,"robots_nofollow":false,"robots_noimageindex":false,"robots_noodp":false,"robots_notranslate":false,"robots_max_snippet":null,"robots_max_videopreview":null,"robots_max_imagepreview":"large","priority":null,"frequency":null,"local_seo":null,"breadcrumb_settings":null,"limit_modified_date":false,"ai":null,"created":"2025-08-30 01:46:28","updated":"2025-08-30 01:46:28","seo_analyzer_scan_date":null,"focus_keyword":null,"additional_keywords":null,"truseo_locale":null},"aioseo_breadcrumb":"<div class=\"aioseo-breadcrumbs\"><span class=\"aioseo-breadcrumb\">\n\t\t\t<a href=\"https:\/\/www.ejercito.mil.uy\" title=\"Home\">Home<\/a>\n\t\t<\/span><span class=\"aioseo-breadcrumb-separator\">&raquo;<\/span><span class=\"aioseo-breadcrumb\">\n\t\t\t<a href=\"https:\/\/www.ejercito.mil.uy\/index.php\/category\/destacados\/\" title=\"Destacados\">Destacados<\/a>\n\t\t<\/span><span class=\"aioseo-breadcrumb-separator\">&raquo;<\/span><span class=\"aioseo-breadcrumb\">\n\t\t\t<a href=\"https:\/\/www.ejercito.mil.uy\/index.php\/category\/destacados\/noticias\/\" title=\"Noticias\">Noticias<\/a>\n\t\t<\/span><span class=\"aioseo-breadcrumb-separator\">&raquo;<\/span><span class=\"aioseo-breadcrumb\">\n\t\t\tConfecci\u00f3n de alimentos\n\t\t<\/span><\/div>","aioseo_breadcrumb_json":[{"label":"Home","link":"https:\/\/www.ejercito.mil.uy"},{"label":"Destacados","link":"https:\/\/www.ejercito.mil.uy\/index.php\/category\/destacados\/"},{"label":"Noticias","link":"https:\/\/www.ejercito.mil.uy\/index.php\/category\/destacados\/noticias\/"},{"label":"Confecci\u00f3n de alimentos","link":"https:\/\/www.ejercito.mil.uy\/index.php\/2021\/04\/15\/confeccion-de-alimentos\/"}],"_links":{"self":[{"href":"https:\/\/www.ejercito.mil.uy\/index.php\/wp-json\/wp\/v2\/posts\/2110","targetHints":{"allow":["GET"]}}],"collection":[{"href":"https:\/\/www.ejercito.mil.uy\/index.php\/wp-json\/wp\/v2\/posts"}],"about":[{"href":"https:\/\/www.ejercito.mil.uy\/index.php\/wp-json\/wp\/v2\/types\/post"}],"author":[{"embeddable":true,"href":"https:\/\/www.ejercito.mil.uy\/index.php\/wp-json\/wp\/v2\/users\/4"}],"replies":[{"embeddable":true,"href":"https:\/\/www.ejercito.mil.uy\/index.php\/wp-json\/wp\/v2\/comments?post=2110"}],"version-history":[{"count":4,"href":"https:\/\/www.ejercito.mil.uy\/index.php\/wp-json\/wp\/v2\/posts\/2110\/revisions"}],"predecessor-version":[{"id":3364,"href":"https:\/\/www.ejercito.mil.uy\/index.php\/wp-json\/wp\/v2\/posts\/2110\/revisions\/3364"}],"wp:featuredmedia":[{"embeddable":true,"href":"https:\/\/www.ejercito.mil.uy\/index.php\/wp-json\/wp\/v2\/media\/2117"}],"wp:attachment":[{"href":"https:\/\/www.ejercito.mil.uy\/index.php\/wp-json\/wp\/v2\/media?parent=2110"}],"wp:term":[{"taxonomy":"category","embeddable":true,"href":"https:\/\/www.ejercito.mil.uy\/index.php\/wp-json\/wp\/v2\/categories?post=2110"},{"taxonomy":"post_tag","embeddable":true,"href":"https:\/\/www.ejercito.mil.uy\/index.php\/wp-json\/wp\/v2\/tags?post=2110"}],"curies":[{"name":"wp","href":"https:\/\/api.w.org\/{rel}","templated":true}]}}