{"id":21250,"date":"2023-05-05T23:20:27","date_gmt":"2023-05-06T02:20:27","guid":{"rendered":"https:\/\/www.ejercito.mil.uy\/?p=21250"},"modified":"2023-05-10T16:38:39","modified_gmt":"2023-05-10T19:38:39","slug":"apoyo-a-la-direccion-nacional-de-aduanas","status":"publish","type":"post","link":"https:\/\/www.ejercito.mil.uy\/index.php\/2023\/05\/05\/apoyo-a-la-direccion-nacional-de-aduanas\/","title":{"rendered":"Apoyo a la Direcci\u00f3n Nacional de Aduanas"},"content":{"rendered":"\n<p class=\"has-small-font-size\">05.05.2023<\/p>\n\n\n\n<div style=\"height:33px\" aria-hidden=\"true\" class=\"wp-block-spacer\"><\/div>\n\n\n\n<p class=\"has-medium-font-size\">A partir de este lunes 8 de mayo, en el marco de la <strong>Operaci\u00f3n \u201cFrontera Segura\u201d<\/strong> (<a rel=\"noreferrer noopener\" href=\"https:\/\/www.impo.com.uy\/bases\/leyes\/19677-2018#:~:text=El%20Poder%20Ejecutivo%20reglamentar%C3%A1%20los,controles%20a%20llevar%20a%20cabo.\" target=\"_blank\">Ley N\u00b0 19.667<\/a>), el Ej\u00e9rcito Nacional instalar\u00e1 nuevos puestos de control permanente, para brindar seguridad a los funcionarios de la Direcci\u00f3n Nacional de Aduanas durante las inspecciones correspondientes.<\/p>\n\n\n\n<div style=\"height:33px\" aria-hidden=\"true\" class=\"wp-block-spacer\"><\/div>\n\n\n\n<div aria-label=\"Carousel Gallery\" class=\"wp-block-coblocks-gallery-carousel\"><div class=\"coblocks-gallery-carousel-swiper-container is-cropped coblocks-gallery has-no-alignment has-caption-style-dark has-horizontal-gutter has-no-thumbnails\"><div class=\"has-carousel has-carousel-xlrg swiper-container\" data-swiper=\"{&quot;alignCells&quot;:false,&quot;autoPlay&quot;:true,&quot;autoPlaySpeed&quot;:&quot;4000&quot;,&quot;draggable&quot;:true,&quot;freeScroll&quot;:true,&quot;loop&quot;:true,&quot;navigation&quot;:true,&quot;pageDots&quot;:false,&quot;pauseHover&quot;:true,&quot;responsiveHeight&quot;:false,&quot;slidesPerView&quot;:1,&quot;thumbnails&quot;:false,&quot;uuid&quot;:&quot;12345&quot;}\" id=\"12345\" style=\"height:500px\"><div class=\"swiper-wrapper\"><div class=\"swiper-slide\"><div class=\"coblocks-gallery--item\" role=\"button\" tabindex=\"0\"><figure class=\"coblocks-gallery--figure has-margin-left-5 has-margin-left-mobile-5 has-margin-right-5 has-margin-right-mobile-5\"><img fetchpriority=\"high\" decoding=\"async\" width=\"1024\" height=\"461\" alt=\"\" class=\"wp-image-21335\" data-id=\"21335\" data-link=\"https:\/\/www.ejercito.mil.uy\/index.php\/2023\/05\/05\/apoyo-a-la-direccion-nacional-de-aduanas\/frontera2-1\/\" src=\"https:\/\/www.ejercito.mil.uy\/wp-content\/uploads\/2023\/05\/frontera2-1-1024x461.jpg\" srcset=\"https:\/\/www.ejercito.mil.uy\/wp-content\/uploads\/2023\/05\/frontera2-1-1024x461.jpg 1024w, https:\/\/www.ejercito.mil.uy\/wp-content\/uploads\/2023\/05\/frontera2-1-300x135.jpg 300w\" sizes=\"(max-width: 1024px) 100vw, 1024px\" \/><\/figure><figcaption class=\"coblocks-gallery--caption coblocks-gallery--primary-caption\"><\/figcaption><\/div><\/div><div class=\"swiper-slide\"><div class=\"coblocks-gallery--item\" role=\"button\" tabindex=\"1\"><figure class=\"coblocks-gallery--figure has-margin-left-5 has-margin-left-mobile-5 has-margin-right-5 has-margin-right-mobile-5\"><img decoding=\"async\" width=\"1024\" height=\"683\" alt=\"\" class=\"wp-image-21344\" data-id=\"21344\" data-link=\"https:\/\/www.ejercito.mil.uy\/index.php\/2023\/05\/05\/apoyo-a-la-direccion-nacional-de-aduanas\/frontera-segura-2-5\/\" src=\"https:\/\/www.ejercito.mil.uy\/wp-content\/uploads\/2023\/05\/Frontera-Segura-2-1024x683.jpg\" srcset=\"https:\/\/www.ejercito.mil.uy\/wp-content\/uploads\/2023\/05\/Frontera-Segura-2-1024x683.jpg 1024w, https:\/\/www.ejercito.mil.uy\/wp-content\/uploads\/2023\/05\/Frontera-Segura-2-300x200.jpg 300w, https:\/\/www.ejercito.mil.uy\/wp-content\/uploads\/2023\/05\/Frontera-Segura-2.jpg 1200w\" sizes=\"(max-width: 1024px) 100vw, 1024px\" \/><\/figure><figcaption class=\"coblocks-gallery--caption coblocks-gallery--primary-caption\"><\/figcaption><\/div><\/div><\/div><button class=\"nav-button__prev\" id=\"12345-prev\"><svg class=\"icon\" style=\"transform:rotate(180deg)\"><\/svg><\/button><button class=\"nav-button__next\" id=\"12345-next\"><svg class=\"icon\"><\/svg><\/button><\/div><\/div><\/div>\n\n\n\n<div style=\"height:66px\" aria-hidden=\"true\" class=\"wp-block-spacer\"><\/div>\n\n\n\n<p>Estos puestos de control estar\u00e1n sobre:<\/p>\n\n\n\n<div style=\"height:22px\" aria-hidden=\"true\" class=\"wp-block-spacer\"><\/div>\n\n\n\n<p>a &#8211; aduana sobre el puente internacional de Salto Grande (Salto &#8211; Concordia)<\/p>\n\n\n\n<p>b &#8211; \u00e1rea de control integrado de aduanas sobre el puente internacional Gral. Jos\u00e9 Gervasio Artigas (Paysand\u00fa &#8211; Col\u00f3n)<\/p>\n\n\n\n<p>c &#8211; \u00e1rea de control integrado de aduanas sobre el puente intencional Gral. San Mart\u00edn (Fray Bentos &#8211; Gualeguaych\u00fa)<\/p>\n\n\n\n<div style=\"height:22px\" aria-hidden=\"true\" class=\"wp-block-spacer\"><\/div>\n\n\n\n<div class=\"wp-block-columns is-layout-flex wp-container-core-columns-is-layout-28f84493 wp-block-columns-is-layout-flex\">\n<div class=\"wp-block-column is-layout-flow wp-block-column-is-layout-flow\">\n<div class=\"wp-block-coblocks-gallery-stacked\"><ul class=\"coblocks-gallery has-no-alignment has-fullwidth-images has-custom-gutter\" style=\"--coblocks-custom-gutter:0em\"><li class=\"coblocks-gallery--item\"><figure class=\"coblocks-gallery--figure\"><img decoding=\"async\" width=\"1024\" height=\"683\" alt=\"\" class=\"wp-image-21345 has-shadow-none\" data-id=\"21345\" data-imglink=\"\" data-link=\"https:\/\/www.ejercito.mil.uy\/index.php\/2023\/05\/05\/apoyo-a-la-direccion-nacional-de-aduanas\/frontera-segura-3-4\/\" src=\"https:\/\/www.ejercito.mil.uy\/wp-content\/uploads\/2023\/05\/frontera-segura-3-1024x683.jpg\" srcset=\"https:\/\/www.ejercito.mil.uy\/wp-content\/uploads\/2023\/05\/frontera-segura-3-1024x683.jpg 1024w, https:\/\/www.ejercito.mil.uy\/wp-content\/uploads\/2023\/05\/frontera-segura-3-300x200.jpg 300w, https:\/\/www.ejercito.mil.uy\/wp-content\/uploads\/2023\/05\/frontera-segura-3.jpg 1200w\" sizes=\"(max-width: 1024px) 100vw, 1024px\" \/><\/figure><\/li><\/ul><\/div>\n<\/div>\n\n\n\n<div class=\"wp-block-column is-layout-flow wp-block-column-is-layout-flow\">\n<div class=\"wp-block-coblocks-gallery-stacked\"><ul class=\"coblocks-gallery has-no-alignment has-fullwidth-images has-custom-gutter\" style=\"--coblocks-custom-gutter:0em\"><li class=\"coblocks-gallery--item\"><figure class=\"coblocks-gallery--figure\"><img loading=\"lazy\" decoding=\"async\" width=\"1024\" height=\"683\" alt=\"\" class=\"wp-image-21346 has-shadow-none\" data-id=\"21346\" data-imglink=\"\" data-link=\"https:\/\/www.ejercito.mil.uy\/index.php\/2023\/05\/05\/apoyo-a-la-direccion-nacional-de-aduanas\/frontera-segura-7\/\" src=\"https:\/\/www.ejercito.mil.uy\/wp-content\/uploads\/2023\/05\/Frontera-Segura-1024x683.jpg\" srcset=\"https:\/\/www.ejercito.mil.uy\/wp-content\/uploads\/2023\/05\/Frontera-Segura-1024x683.jpg 1024w, https:\/\/www.ejercito.mil.uy\/wp-content\/uploads\/2023\/05\/Frontera-Segura-300x200.jpg 300w, https:\/\/www.ejercito.mil.uy\/wp-content\/uploads\/2023\/05\/Frontera-Segura.jpg 1200w\" sizes=\"(max-width: 1024px) 100vw, 1024px\" \/><\/figure><\/li><\/ul><\/div>\n<\/div>\n<\/div>\n","protected":false},"excerpt":{"rendered":"<p>05.05.2023 &#8211; A partir de este lunes 8 de mayo, el Ej\u00e9rcito Nacional instalar\u00e1 nuevos puestos de control permanente.<\/p>\n","protected":false},"author":4,"featured_media":21336,"comment_status":"open","ping_status":"open","sticky":false,"template":"","format":"standard","meta":{"_coblocks_attr":"","_coblocks_dimensions":"","_coblocks_responsive_height":"","_coblocks_accordion_ie_support":"","_monsterinsights_skip_tracking":false,"_monsterinsights_sitenote_active":false,"_monsterinsights_sitenote_note":"","_monsterinsights_sitenote_category":0,"_uf_show_specific_survey":0,"_uf_disable_surveys":false,"footnotes":""},"categories":[2,10,14],"tags":[939,940,941,34,318,942,73],"class_list":["post-21250","post","type-post","status-publish","format-standard","has-post-thumbnail","hentry","category-blog","category-destacados","category-noticias","tag-aduana","tag-argentina","tag-contrabando","tag-control","tag-frontera-segura","tag-ley","tag-patrullas"],"aioseo_notices":[],"_links":{"self":[{"href":"https:\/\/www.ejercito.mil.uy\/index.php\/wp-json\/wp\/v2\/posts\/21250","targetHints":{"allow":["GET"]}}],"collection":[{"href":"https:\/\/www.ejercito.mil.uy\/index.php\/wp-json\/wp\/v2\/posts"}],"about":[{"href":"https:\/\/www.ejercito.mil.uy\/index.php\/wp-json\/wp\/v2\/types\/post"}],"author":[{"embeddable":true,"href":"https:\/\/www.ejercito.mil.uy\/index.php\/wp-json\/wp\/v2\/users\/4"}],"replies":[{"embeddable":true,"href":"https:\/\/www.ejercito.mil.uy\/index.php\/wp-json\/wp\/v2\/comments?post=21250"}],"version-history":[{"count":7,"href":"https:\/\/www.ejercito.mil.uy\/index.php\/wp-json\/wp\/v2\/posts\/21250\/revisions"}],"predecessor-version":[{"id":21362,"href":"https:\/\/www.ejercito.mil.uy\/index.php\/wp-json\/wp\/v2\/posts\/21250\/revisions\/21362"}],"wp:featuredmedia":[{"embeddable":true,"href":"https:\/\/www.ejercito.mil.uy\/index.php\/wp-json\/wp\/v2\/media\/21336"}],"wp:attachment":[{"href":"https:\/\/www.ejercito.mil.uy\/index.php\/wp-json\/wp\/v2\/media?parent=21250"}],"wp:term":[{"taxonomy":"category","embeddable":true,"href":"https:\/\/www.ejercito.mil.uy\/index.php\/wp-json\/wp\/v2\/categories?post=21250"},{"taxonomy":"post_tag","embeddable":true,"href":"https:\/\/www.ejercito.mil.uy\/index.php\/wp-json\/wp\/v2\/tags?post=21250"}],"curies":[{"name":"wp","href":"https:\/\/api.w.org\/{rel}","templated":true}]}}