{"id":21312,"date":"2023-05-09T16:40:54","date_gmt":"2023-05-09T19:40:54","guid":{"rendered":"https:\/\/www.ejercito.mil.uy\/?p=21312"},"modified":"2023-05-10T08:13:56","modified_gmt":"2023-05-10T11:13:56","slug":"festival-autoctono-de-otono-en-el-fuerte-san-miguel","status":"publish","type":"post","link":"https:\/\/www.ejercito.mil.uy\/index.php\/2023\/05\/09\/festival-autoctono-de-otono-en-el-fuerte-san-miguel\/","title":{"rendered":"Festival Aut\u00f3ctono de Oto\u00f1o en el Fuerte San Miguel"},"content":{"rendered":"\n<p class=\"has-small-font-size\">09.05.2023 &#8211; San Miguel, Rocha<\/p>\n\n\n\n<div style=\"height:33px\" aria-hidden=\"true\" class=\"wp-block-spacer\"><\/div>\n\n\n\n<p class=\"has-black-color has-text-color has-background\" style=\"background-color:#d6b353\">El pasado domingo 7 de mayo, se celebr\u00f3 la primera edici\u00f3n del Festival Aut\u00f3ctono de Oto\u00f1o en el Fuerte San Miguel, con el fin de fomentar el turismo y la cultura nacional en el Chuy, para que sea un atractivo tur\u00edstico visitado durante todo el a\u00f1o por sus espacios naturales e hist\u00f3ricos y que no sea visto solo, como un lugar comercial. <\/p>\n\n\n\n<div style=\"height:33px\" aria-hidden=\"true\" class=\"wp-block-spacer\"><\/div>\n\n\n\n<figure class=\"wp-block-gallery columns-2 is-cropped wp-block-gallery-1 is-layout-flex wp-block-gallery-is-layout-flex\"><ul class=\"blocks-gallery-grid\"><li class=\"blocks-gallery-item\"><figure><img fetchpriority=\"high\" decoding=\"async\" width=\"1024\" height=\"683\" src=\"https:\/\/www.ejercito.mil.uy\/wp-content\/uploads\/2023\/05\/FB-2023-05-07-Fuerte-San-Miguel-EEHH-4-1-1024x683.jpg\" alt=\"\" data-id=\"21317\" data-full-url=\"https:\/\/www.ejercito.mil.uy\/wp-content\/uploads\/2023\/05\/FB-2023-05-07-Fuerte-San-Miguel-EEHH-4-1.jpg\" data-link=\"https:\/\/www.ejercito.mil.uy\/index.php\/2023\/05\/09\/festival-autoctono-de-otono-en-el-fuerte-san-miguel\/fb-2023-05-07-fuerte-san-miguel-eehh-4-1\/\" class=\"wp-image-21317\" srcset=\"https:\/\/www.ejercito.mil.uy\/wp-content\/uploads\/2023\/05\/FB-2023-05-07-Fuerte-San-Miguel-EEHH-4-1-1024x683.jpg 1024w, https:\/\/www.ejercito.mil.uy\/wp-content\/uploads\/2023\/05\/FB-2023-05-07-Fuerte-San-Miguel-EEHH-4-1-300x200.jpg 300w, https:\/\/www.ejercito.mil.uy\/wp-content\/uploads\/2023\/05\/FB-2023-05-07-Fuerte-San-Miguel-EEHH-4-1.jpg 1200w\" sizes=\"(max-width: 1024px) 100vw, 1024px\" \/><\/figure><\/li><li class=\"blocks-gallery-item\"><figure><img decoding=\"async\" width=\"1024\" height=\"683\" src=\"https:\/\/www.ejercito.mil.uy\/wp-content\/uploads\/2023\/05\/FB-1024x683.jpg\" alt=\"Fuerte\" data-id=\"21314\" data-full-url=\"https:\/\/www.ejercito.mil.uy\/wp-content\/uploads\/2023\/05\/FB.jpg\" data-link=\"https:\/\/www.ejercito.mil.uy\/index.php\/2023\/05\/09\/festival-autoctono-de-otono-en-el-fuerte-san-miguel\/fb-5\/\" class=\"wp-image-21314\" srcset=\"https:\/\/www.ejercito.mil.uy\/wp-content\/uploads\/2023\/05\/FB-1024x683.jpg 1024w, https:\/\/www.ejercito.mil.uy\/wp-content\/uploads\/2023\/05\/FB-300x200.jpg 300w, https:\/\/www.ejercito.mil.uy\/wp-content\/uploads\/2023\/05\/FB.jpg 1200w\" sizes=\"(max-width: 1024px) 100vw, 1024px\" \/><figcaption class=\"blocks-gallery-item__caption\">Fuerte<\/figcaption><\/figure><\/li><\/ul><\/figure>\n\n\n\n<div style=\"height:33px\" aria-hidden=\"true\" class=\"wp-block-spacer\"><\/div>\n\n\n\n<p>Dentro del Fuerte se present\u00f3 la muestra fotogr\u00e1fica \u201cHoracio Arredondo\u201d y un proceso de reparaci\u00f3n del pasado nacional.<\/p>\n\n\n\n<div style=\"height:33px\" aria-hidden=\"true\" class=\"wp-block-spacer\"><\/div>\n\n\n\n<div class=\"wp-block-columns is-layout-flex wp-container-core-columns-is-layout-28f84493 wp-block-columns-is-layout-flex\">\n<div class=\"wp-block-column is-layout-flow wp-block-column-is-layout-flow\">\n<div class=\"wp-block-coblocks-gallery-stacked\"><ul class=\"coblocks-gallery has-no-alignment has-fullwidth-images has-custom-gutter\" style=\"--coblocks-custom-gutter:0em\"><li class=\"coblocks-gallery--item\"><figure class=\"coblocks-gallery--figure\"><img decoding=\"async\" width=\"1024\" height=\"683\" alt=\"\" class=\"wp-image-21316 has-shadow-none\" data-id=\"21316\" data-imglink=\"\" data-link=\"https:\/\/www.ejercito.mil.uy\/?attachment_id=21316\" src=\"https:\/\/www.ejercito.mil.uy\/wp-content\/uploads\/2023\/05\/FB-2023-05-07-Fuerte-San-Miguel-EEHH-3-1024x683.jpg\" srcset=\"https:\/\/www.ejercito.mil.uy\/wp-content\/uploads\/2023\/05\/FB-2023-05-07-Fuerte-San-Miguel-EEHH-3-1024x683.jpg 1024w, https:\/\/www.ejercito.mil.uy\/wp-content\/uploads\/2023\/05\/FB-2023-05-07-Fuerte-San-Miguel-EEHH-3-300x200.jpg 300w, https:\/\/www.ejercito.mil.uy\/wp-content\/uploads\/2023\/05\/FB-2023-05-07-Fuerte-San-Miguel-EEHH-3.jpg 1200w\" sizes=\"(max-width: 1024px) 100vw, 1024px\" \/><\/figure><\/li><\/ul><\/div>\n<\/div>\n<\/div>\n\n\n\n<div style=\"height:33px\" aria-hidden=\"true\" class=\"wp-block-spacer\"><\/div>\n\n\n\n<p>Asimismo, se realizaron dos salvas de ca\u00f1\u00f3n, ejecutadas por el personal militar que portaba el uniforme t\u00edpico de la \u00e9poca.<\/p>\n\n\n\n<div style=\"height:33px\" aria-hidden=\"true\" class=\"wp-block-spacer\"><\/div>\n\n\n\n<div class=\"wp-block-coblocks-gallery-stacked\"><ul class=\"coblocks-gallery has-no-alignment has-fullwidth-images has-custom-gutter\" style=\"--coblocks-custom-gutter:0em\"><li class=\"coblocks-gallery--item\"><figure class=\"coblocks-gallery--figure\"><img loading=\"lazy\" decoding=\"async\" width=\"1024\" height=\"683\" alt=\"\" class=\"wp-image-21319 has-shadow-none\" data-id=\"21319\" data-imglink=\"\" data-link=\"https:\/\/www.ejercito.mil.uy\/?attachment_id=21319\" src=\"https:\/\/www.ejercito.mil.uy\/wp-content\/uploads\/2023\/05\/FB-2023-05-07-Fuerte-San-Miguel-EEHH-B-3-1024x683.jpg\" srcset=\"https:\/\/www.ejercito.mil.uy\/wp-content\/uploads\/2023\/05\/FB-2023-05-07-Fuerte-San-Miguel-EEHH-B-3-1024x683.jpg 1024w, https:\/\/www.ejercito.mil.uy\/wp-content\/uploads\/2023\/05\/FB-2023-05-07-Fuerte-San-Miguel-EEHH-B-3-300x200.jpg 300w, https:\/\/www.ejercito.mil.uy\/wp-content\/uploads\/2023\/05\/FB-2023-05-07-Fuerte-San-Miguel-EEHH-B-3.jpg 1200w\" sizes=\"(max-width: 1024px) 100vw, 1024px\" \/><\/figure><\/li><\/ul><\/div>\n\n\n\n<div style=\"height:33px\" aria-hidden=\"true\" class=\"wp-block-spacer\"><\/div>\n\n\n\n<p>En la oportunidad, se cont\u00f3 con la actuaci\u00f3n de la artista folcl\u00f3rica Catherine Vergnes, cantantes y bailarines locales.<\/p>\n\n\n\n<div style=\"height:33px\" aria-hidden=\"true\" class=\"wp-block-spacer\"><\/div>\n\n\n\n<div class=\"wp-block-coblocks-gallery-stacked\"><ul class=\"coblocks-gallery has-no-alignment has-fullwidth-images has-custom-gutter\" style=\"--coblocks-custom-gutter:0em\"><li class=\"coblocks-gallery--item\"><figure class=\"coblocks-gallery--figure\"><img loading=\"lazy\" decoding=\"async\" width=\"1024\" height=\"683\" alt=\"\" class=\"wp-image-21321 has-shadow-none\" data-id=\"21321\" data-imglink=\"\" data-link=\"https:\/\/www.ejercito.mil.uy\/?attachment_id=21321\" src=\"https:\/\/www.ejercito.mil.uy\/wp-content\/uploads\/2023\/05\/FB-2023-05-07-Fuerte-San-Miguel-EEHH-2-1-1024x683.jpg\" srcset=\"https:\/\/www.ejercito.mil.uy\/wp-content\/uploads\/2023\/05\/FB-2023-05-07-Fuerte-San-Miguel-EEHH-2-1-1024x683.jpg 1024w, https:\/\/www.ejercito.mil.uy\/wp-content\/uploads\/2023\/05\/FB-2023-05-07-Fuerte-San-Miguel-EEHH-2-1-300x200.jpg 300w, https:\/\/www.ejercito.mil.uy\/wp-content\/uploads\/2023\/05\/FB-2023-05-07-Fuerte-San-Miguel-EEHH-2-1.jpg 1200w\" sizes=\"(max-width: 1024px) 100vw, 1024px\" \/><\/figure><\/li><\/ul><\/div>\n\n\n\n<div style=\"height:33px\" aria-hidden=\"true\" class=\"wp-block-spacer\"><\/div>\n\n\n\n<p>Fue un evento interinstitucional impulsado por el Ministerio de Defensa Nacional, el Ministerio de Turismo, el Departamento de Estudios Hist\u00f3ricos del Ej\u00e9rcito, el Programa de Conservaci\u00f3n de la Biodiversidad y Desarrollo Sustentable en los Humedales del Este (Ministerio de Ambiente) y el Centro Comercial de Chuy.<\/p>\n\n\n\n<div style=\"height:33px\" aria-hidden=\"true\" class=\"wp-block-spacer\"><\/div>\n\n\n\n<div aria-label=\"Carousel Gallery\" class=\"wp-block-coblocks-gallery-carousel\"><div class=\"coblocks-gallery-carousel-swiper-container is-cropped coblocks-gallery has-no-alignment has-caption-style-dark has-horizontal-gutter has-no-thumbnails\"><div class=\"has-carousel has-carousel-xlrg swiper-container\" data-swiper=\"{&quot;alignCells&quot;:false,&quot;autoPlay&quot;:true,&quot;autoPlaySpeed&quot;:&quot;5000&quot;,&quot;draggable&quot;:true,&quot;freeScroll&quot;:false,&quot;loop&quot;:true,&quot;navigation&quot;:true,&quot;pageDots&quot;:false,&quot;pauseHover&quot;:false,&quot;responsiveHeight&quot;:false,&quot;slidesPerView&quot;:1,&quot;thumbnails&quot;:false,&quot;uuid&quot;:&quot;12345&quot;}\" id=\"12345\" style=\"height:550px\"><div class=\"swiper-wrapper\"><div class=\"swiper-slide\"><div class=\"coblocks-gallery--item\" role=\"button\" tabindex=\"0\"><figure class=\"coblocks-gallery--figure has-margin-left-5 has-margin-left-mobile-5 has-margin-right-5 has-margin-right-mobile-5\"><img loading=\"lazy\" decoding=\"async\" width=\"1024\" height=\"683\" alt=\"\" class=\"wp-image-21320\" data-id=\"21320\" data-link=\"https:\/\/www.ejercito.mil.uy\/?attachment_id=21320\" src=\"https:\/\/www.ejercito.mil.uy\/wp-content\/uploads\/2023\/05\/FB-2023-05-07-Fuerte-San-Miguel-EEHH-B-4-1024x683.jpg\" srcset=\"https:\/\/www.ejercito.mil.uy\/wp-content\/uploads\/2023\/05\/FB-2023-05-07-Fuerte-San-Miguel-EEHH-B-4-1024x683.jpg 1024w, https:\/\/www.ejercito.mil.uy\/wp-content\/uploads\/2023\/05\/FB-2023-05-07-Fuerte-San-Miguel-EEHH-B-4-300x200.jpg 300w, https:\/\/www.ejercito.mil.uy\/wp-content\/uploads\/2023\/05\/FB-2023-05-07-Fuerte-San-Miguel-EEHH-B-4.jpg 1200w\" sizes=\"(max-width: 1024px) 100vw, 1024px\" \/><\/figure><figcaption class=\"coblocks-gallery--caption coblocks-gallery--primary-caption\"><\/figcaption><\/div><\/div><div class=\"swiper-slide\"><div class=\"coblocks-gallery--item\" role=\"button\" tabindex=\"1\"><figure class=\"coblocks-gallery--figure has-margin-left-5 has-margin-left-mobile-5 has-margin-right-5 has-margin-right-mobile-5\"><img loading=\"lazy\" decoding=\"async\" width=\"1024\" height=\"683\" alt=\"\" class=\"wp-image-21318\" data-id=\"21318\" data-link=\"https:\/\/www.ejercito.mil.uy\/?attachment_id=21318\" src=\"https:\/\/www.ejercito.mil.uy\/wp-content\/uploads\/2023\/05\/FB-2023-05-07-Fuerte-San-Miguel-EEHH-B-1-1024x683.jpg\" srcset=\"https:\/\/www.ejercito.mil.uy\/wp-content\/uploads\/2023\/05\/FB-2023-05-07-Fuerte-San-Miguel-EEHH-B-1-1024x683.jpg 1024w, https:\/\/www.ejercito.mil.uy\/wp-content\/uploads\/2023\/05\/FB-2023-05-07-Fuerte-San-Miguel-EEHH-B-1-300x200.jpg 300w, https:\/\/www.ejercito.mil.uy\/wp-content\/uploads\/2023\/05\/FB-2023-05-07-Fuerte-San-Miguel-EEHH-B-1.jpg 1200w\" sizes=\"(max-width: 1024px) 100vw, 1024px\" \/><\/figure><figcaption class=\"coblocks-gallery--caption coblocks-gallery--primary-caption\"><\/figcaption><\/div><\/div><\/div><button class=\"nav-button__prev\" id=\"12345-prev\"><svg class=\"icon\" style=\"transform:rotate(180deg)\"><\/svg><\/button><button class=\"nav-button__next\" id=\"12345-next\"><svg class=\"icon\"><\/svg><\/button><\/div><\/div><\/div>\n\n\n\n<div style=\"height:99px\" aria-hidden=\"true\" class=\"wp-block-spacer\"><\/div>\n\n\n\n<p><\/p>\n","protected":false},"excerpt":{"rendered":"<p>09.05.2023 &#8211; El pasado domingo 7 de mayo, se celebr\u00f3 la primera edici\u00f3n del Festival Aut\u00f3ctono de Oto\u00f1o en el Fuerte San Miguel, con el fin de fomentar el turismo y la cultura nacional en el Chuy.<\/p>\n","protected":false},"author":14,"featured_media":21318,"comment_status":"open","ping_status":"open","sticky":false,"template":"","format":"standard","meta":{"_coblocks_attr":"","_coblocks_dimensions":"","_coblocks_responsive_height":"","_coblocks_accordion_ie_support":"","_monsterinsights_skip_tracking":false,"_monsterinsights_sitenote_active":false,"_monsterinsights_sitenote_note":"","_monsterinsights_sitenote_category":0,"_uf_show_specific_survey":0,"_uf_disable_surveys":false,"footnotes":""},"categories":[2,10,14,1],"tags":[950,946,680,948,760,949,947,951],"class_list":["post-21312","post","type-post","status-publish","format-standard","has-post-thumbnail","hentry","category-blog","category-destacados","category-noticias","category-sin-categoria","tag-artista","tag-autoctono","tag-cultura","tag-edicion","tag-festival","tag-fotografica","tag-otono","tag-turismo"],"aioseo_notices":[],"_links":{"self":[{"href":"https:\/\/www.ejercito.mil.uy\/index.php\/wp-json\/wp\/v2\/posts\/21312","targetHints":{"allow":["GET"]}}],"collection":[{"href":"https:\/\/www.ejercito.mil.uy\/index.php\/wp-json\/wp\/v2\/posts"}],"about":[{"href":"https:\/\/www.ejercito.mil.uy\/index.php\/wp-json\/wp\/v2\/types\/post"}],"author":[{"embeddable":true,"href":"https:\/\/www.ejercito.mil.uy\/index.php\/wp-json\/wp\/v2\/users\/14"}],"replies":[{"embeddable":true,"href":"https:\/\/www.ejercito.mil.uy\/index.php\/wp-json\/wp\/v2\/comments?post=21312"}],"version-history":[{"count":8,"href":"https:\/\/www.ejercito.mil.uy\/index.php\/wp-json\/wp\/v2\/posts\/21312\/revisions"}],"predecessor-version":[{"id":21342,"href":"https:\/\/www.ejercito.mil.uy\/index.php\/wp-json\/wp\/v2\/posts\/21312\/revisions\/21342"}],"wp:featuredmedia":[{"embeddable":true,"href":"https:\/\/www.ejercito.mil.uy\/index.php\/wp-json\/wp\/v2\/media\/21318"}],"wp:attachment":[{"href":"https:\/\/www.ejercito.mil.uy\/index.php\/wp-json\/wp\/v2\/media?parent=21312"}],"wp:term":[{"taxonomy":"category","embeddable":true,"href":"https:\/\/www.ejercito.mil.uy\/index.php\/wp-json\/wp\/v2\/categories?post=21312"},{"taxonomy":"post_tag","embeddable":true,"href":"https:\/\/www.ejercito.mil.uy\/index.php\/wp-json\/wp\/v2\/tags?post=21312"}],"curies":[{"name":"wp","href":"https:\/\/api.w.org\/{rel}","templated":true}]}}