{"id":21365,"date":"2023-05-11T11:28:50","date_gmt":"2023-05-11T14:28:50","guid":{"rendered":"https:\/\/www.ejercito.mil.uy\/?p=21365"},"modified":"2023-05-11T12:34:47","modified_gmt":"2023-05-11T15:34:47","slug":"muestra-fotografica-horacio-arredondo-y-un-proceso-de-reparacion-del-pasado-nacional","status":"publish","type":"post","link":"https:\/\/www.ejercito.mil.uy\/index.php\/2023\/05\/11\/muestra-fotografica-horacio-arredondo-y-un-proceso-de-reparacion-del-pasado-nacional\/","title":{"rendered":"Muestra fotogr\u00e1fica \u00abHoracio Arredondo y un proceso de reparaci\u00f3n del pasado nacional\u00bb"},"content":{"rendered":"\n<p class=\"has-small-font-size\">11.05.2023 &#8211; Montevideo <\/p>\n\n\n\n<div style=\"height:33px\" aria-hidden=\"true\" class=\"wp-block-spacer\"><\/div>\n\n\n\n<p class=\"has-white-color has-text-color has-background\" style=\"background-color:#024c77\">En el marco del \u00abMes de los Museos\u00bb, el Departamento de Estudios Hist\u00f3ricos del Ej\u00e9rcito del 15 al 31 de mayo, presentar\u00e1 la <strong>muestra fotogr\u00e1fica \u00abHoracio Arredondo y un proceso de reparaci\u00f3n del pasado nacional\u00bb.<\/strong><\/p>\n\n\n\n<div style=\"height:33px\" aria-hidden=\"true\" class=\"wp-block-spacer\"><\/div>\n\n\n\n<p><strong>Horario<\/strong>: lunes a viernes de 8 a 14 h<\/p>\n\n\n\n<div style=\"height:33px\" aria-hidden=\"true\" class=\"wp-block-spacer\"><\/div>\n\n\n\n<p>El 18 de mayo por el D\u00eda del Ej\u00e9rcito Nacional, tendr\u00e1 un horario especial de 10 a 18 h<\/p>\n\n\n\n<div style=\"height:33px\" aria-hidden=\"true\" class=\"wp-block-spacer\"><\/div>\n\n\n\n<p><strong>Lugar<\/strong>: Museo Militar \u00ab18 de Mayo de 1811\u00bb (Paraguay 1241 esq. Soriano).<\/p>\n\n\n\n<div style=\"height:33px\" aria-hidden=\"true\" class=\"wp-block-spacer\"><\/div>\n\n\n\n<p>Por m\u00e1s informaci\u00f3n comunicarse al tel\u00e9fono <strong>2900 19 83<\/strong>.<\/p>\n\n\n\n<div style=\"height:33px\" aria-hidden=\"true\" class=\"wp-block-spacer\"><\/div>\n\n\n\n<p>\u00a1Los esperamos! <\/p>\n\n\n\n<div style=\"height:33px\" aria-hidden=\"true\" class=\"wp-block-spacer\"><\/div>\n\n\n\n<div class=\"wp-block-coblocks-gallery-stacked\"><ul class=\"coblocks-gallery has-no-alignment has-fullwidth-images has-custom-gutter\"><li class=\"coblocks-gallery--item\"><figure class=\"coblocks-gallery--figure\"><img fetchpriority=\"high\" decoding=\"async\" width=\"1024\" height=\"1024\" alt=\"\" class=\"wp-image-21369 has-shadow-none\" data-id=\"21369\" data-imglink=\"\" data-link=\"https:\/\/www.ejercito.mil.uy\/?attachment_id=21369\" src=\"https:\/\/www.ejercito.mil.uy\/wp-content\/uploads\/2023\/05\/muestra-1024x1024.jpeg\" srcset=\"https:\/\/www.ejercito.mil.uy\/wp-content\/uploads\/2023\/05\/muestra.jpeg 1024w, https:\/\/www.ejercito.mil.uy\/wp-content\/uploads\/2023\/05\/muestra-300x300.jpeg 300w, https:\/\/www.ejercito.mil.uy\/wp-content\/uploads\/2023\/05\/muestra-150x150.jpeg 150w\" sizes=\"(max-width: 1024px) 100vw, 1024px\" \/><\/figure><\/li><\/ul><\/div>\n\n\n\n<div style=\"height:33px\" aria-hidden=\"true\" class=\"wp-block-spacer\"><\/div>\n","protected":false},"excerpt":{"rendered":"<p>11.05.2023 &#8211; En el marco del \u00abMes de los Museos\u00bb, el Departamento de Estudios Hist\u00f3ricos del Ej\u00e9rcito del 15 al 31 de mayo, presentar\u00e1 la muestra fotogr\u00e1fica \u00abHoracio Arredondo y un proceso de reparaci\u00f3n del pasado nacional\u00bb.  <\/p>\n","protected":false},"author":14,"featured_media":21366,"comment_status":"open","ping_status":"open","sticky":false,"template":"","format":"standard","meta":{"_coblocks_attr":"","_coblocks_dimensions":"","_coblocks_responsive_height":"","_coblocks_accordion_ie_support":"","_monsterinsights_skip_tracking":false,"_monsterinsights_sitenote_active":false,"_monsterinsights_sitenote_note":"","_monsterinsights_sitenote_category":0,"_uf_show_specific_survey":0,"_uf_disable_surveys":false,"footnotes":""},"categories":[2,10,14,1],"tags":[949,956,592,955],"class_list":["post-21365","post","type-post","status-publish","format-standard","has-post-thumbnail","hentry","category-blog","category-destacados","category-noticias","category-sin-categoria","tag-fotografica","tag-mes","tag-muestra","tag-museos"],"aioseo_notices":[],"_links":{"self":[{"href":"https:\/\/www.ejercito.mil.uy\/index.php\/wp-json\/wp\/v2\/posts\/21365","targetHints":{"allow":["GET"]}}],"collection":[{"href":"https:\/\/www.ejercito.mil.uy\/index.php\/wp-json\/wp\/v2\/posts"}],"about":[{"href":"https:\/\/www.ejercito.mil.uy\/index.php\/wp-json\/wp\/v2\/types\/post"}],"author":[{"embeddable":true,"href":"https:\/\/www.ejercito.mil.uy\/index.php\/wp-json\/wp\/v2\/users\/14"}],"replies":[{"embeddable":true,"href":"https:\/\/www.ejercito.mil.uy\/index.php\/wp-json\/wp\/v2\/comments?post=21365"}],"version-history":[{"count":4,"href":"https:\/\/www.ejercito.mil.uy\/index.php\/wp-json\/wp\/v2\/posts\/21365\/revisions"}],"predecessor-version":[{"id":21377,"href":"https:\/\/www.ejercito.mil.uy\/index.php\/wp-json\/wp\/v2\/posts\/21365\/revisions\/21377"}],"wp:featuredmedia":[{"embeddable":true,"href":"https:\/\/www.ejercito.mil.uy\/index.php\/wp-json\/wp\/v2\/media\/21366"}],"wp:attachment":[{"href":"https:\/\/www.ejercito.mil.uy\/index.php\/wp-json\/wp\/v2\/media?parent=21365"}],"wp:term":[{"taxonomy":"category","embeddable":true,"href":"https:\/\/www.ejercito.mil.uy\/index.php\/wp-json\/wp\/v2\/categories?post=21365"},{"taxonomy":"post_tag","embeddable":true,"href":"https:\/\/www.ejercito.mil.uy\/index.php\/wp-json\/wp\/v2\/tags?post=21365"}],"curies":[{"name":"wp","href":"https:\/\/api.w.org\/{rel}","templated":true}]}}