{"id":21380,"date":"2023-05-07T12:51:23","date_gmt":"2023-05-07T15:51:23","guid":{"rendered":"https:\/\/www.ejercito.mil.uy\/?p=21380"},"modified":"2023-05-12T13:24:53","modified_gmt":"2023-05-12T16:24:53","slug":"placa-recordatoria-del-combate-de-el-espinillo","status":"publish","type":"post","link":"https:\/\/www.ejercito.mil.uy\/index.php\/2023\/05\/07\/placa-recordatoria-del-combate-de-el-espinillo\/","title":{"rendered":"Placa recordatoria del Combate de \u00abEl Espinillo\u00bb"},"content":{"rendered":"\n<p class=\"has-small-font-size\">07.05.2023 &#8211; Soriano <\/p>\n\n\n\n<div style=\"height:33px\" aria-hidden=\"true\" class=\"wp-block-spacer\"><\/div>\n\n\n\n<p class=\"has-white-color has-text-color has-background\" style=\"background-color:#05b770\">El 23 de abril, se realiz\u00f3 la colocaci\u00f3n de una placa recordatoria del Combate de \u00abEl Espinillo\u00bb, por los hechos acaecidos el 23, 24 y 25 de Abril de 1972. <\/p>\n\n\n\n<div style=\"height:33px\" aria-hidden=\"true\" class=\"wp-block-spacer\"><\/div>\n\n\n\n<p>Este homenaje fue propuesto por integrantes del Batall\u00f3n \u201cAsencio\u201d de Infanter\u00eda N\u00b0 5 y se materializ\u00f3 con la aprobaci\u00f3n de la Junta Departamental de Soriano. <\/p>\n\n\n\n<div style=\"height:33px\" aria-hidden=\"true\" class=\"wp-block-spacer\"><\/div>\n\n\n\n<p>El Sr. Jefe del Batall\u00f3n, Tte. Cnel. Mart\u00edn L\u00f3pez agradeci\u00f3 en su alocuci\u00f3n a los que hicieron posible este homenaje y se refiri\u00f3 a los efectivos que comanda con gran honor, los que \u00abun d\u00eda como hoy, pero hace 51 a\u00f1os\u00bb, protagonizaron la operaci\u00f3n militar, que luego detall\u00f3.<\/p>\n\n\n\n<div style=\"height:33px\" aria-hidden=\"true\" class=\"wp-block-spacer\"><\/div>\n\n\n\n<p>En las primeras horas del 23 de Abril de 1972, es desplegada una Secci\u00f3n de Fusileros en Dolores, bajo el mando del Alf\u00e9rez Henry Hern\u00e1ndez, con la misi\u00f3n de realizar varios operativos en la localidad. Una vez finalizados y momentos antes de reintegrarse a la Unidad, un ciudadano de la zona denuncia que en el Paraje \u201cEspinillo\u201d, debajo del puente, 2 funcionarios policiales hab\u00edan sido reducidos por personas armadas. <\/p>\n\n\n\n<div style=\"height:33px\" aria-hidden=\"true\" class=\"wp-block-spacer\"><\/div>\n\n\n\n<p>R\u00e1pidamente la Secci\u00f3n se hace presente en el lugar constatando el hecho. De inmediato el Alf. Hern\u00e1ndez (Jefe de Secci\u00f3n) dispone una patrulla de reconocimiento, en direcci\u00f3n Este-Oeste, conformando 2 elementos de reconocimiento y seguridad, uno al Norte y el otro al Sur del Arroyo \u201cEl Espinillo\u201d, los que sufren intercambio de disparos por parte de grupos armados y como consecuencia se registran personas heridas. <\/p>\n\n\n\n<div style=\"height:33px\" aria-hidden=\"true\" class=\"wp-block-spacer\"><\/div>\n\n\n\n<p>M\u00e1s efectivos llegaron al lugar para reforzar el dispositivo y continuar con la b\u00fasqueda de los atacantes.La Operaci\u00f3n se extendi\u00f3 durante 3 jornadas, produci\u00e9ndose otro enfrentamiento en la noche del 24 de Abril. <\/p>\n\n\n\n<div style=\"height:33px\" aria-hidden=\"true\" class=\"wp-block-spacer\"><\/div>\n\n\n\n<p>En la ma\u00f1ana del 25, en un monte cercano se detienen a 2 personas fuertemente armadas, requeridas por la justicia; finalmente se ubica una fortificaci\u00f3n, construida en el interior del monte, y en ella a una tercera persona, con m\u00e1s material b\u00e9lico, herramientas y material sanitario. Una vez finalizada la Operaci\u00f3n, los efectivos se reagruparon y retornaron a la Unidad. <\/p>\n\n\n\n<div style=\"height:33px\" aria-hidden=\"true\" class=\"wp-block-spacer\"><\/div>\n\n\n\n<p>Participaron del acto el Sr. Intendente de Soriano, Guillermo Besozzi, el Sr. Comandante de la Divisi\u00f3n de Ej\u00e9rcito II, Gral. Mario Moreira, autoridades departamentales, militares, entre otros. <\/p>\n\n\n\n<div style=\"height:33px\" aria-hidden=\"true\" class=\"wp-block-spacer\"><\/div>\n\n\n\n<p>Video realizado por integrantes del <a rel=\"noreferrer noopener\" href=\"https:\/\/www.facebook.com\/profile.php?id=100069144102120&amp;__cft__[0]=AZX4M8i5usxzmZXr7CdZ077NUMAwaRJp9NHW2GLDxIZ-OYNVOEuBqxJ2GNTot_u_nO92TfpCDM0vzrzpklMPHnvgeqULp36FzqpXpTHgvQH9Yunnn22sI6OhY9oEu9V5QiQIiMw9dZHh44-opvGlrXxOhi3xPzltr5b892NjR650hravGxl6QAzgAjqmpZ6tFDA&amp;__tn__=-]K-R\" target=\"_blank\">Batall\u00f3n de Infanter\u00eda N\u00ba 5 Uy<\/a> <\/p>\n\n\n\n<div style=\"height:33px\" aria-hidden=\"true\" class=\"wp-block-spacer\"><\/div>\n\n\n\n<p>Ver video en nuestra fanpage &#8211; <a href=\"https:\/\/fb.watch\/ksNEQnslUk\/\" target=\"_blank\" rel=\"noreferrer noopener\">https:\/\/n9.cl\/7p5c0<\/a><\/p>\n","protected":false},"excerpt":{"rendered":"<p>07.05.2023 &#8211; El 23 de abril, se realiz\u00f3 la colocaci\u00f3n de una placa recordatoria del Combate de \u00abEl Espinillo\u00bb, por los hechos acaecidos el 23, 24 y 25 de Abril de 1972. <\/p>\n","protected":false},"author":14,"featured_media":21381,"comment_status":"open","ping_status":"open","sticky":false,"template":"","format":"standard","meta":{"_coblocks_attr":"","_coblocks_dimensions":"","_coblocks_responsive_height":"","_coblocks_accordion_ie_support":"","_monsterinsights_skip_tracking":false,"_monsterinsights_sitenote_active":false,"_monsterinsights_sitenote_note":"","_monsterinsights_sitenote_category":0,"_uf_show_specific_survey":0,"_uf_disable_surveys":false,"footnotes":""},"categories":[2,14,1],"tags":[145,959,41,944,960],"class_list":["post-21380","post","type-post","status-publish","format-standard","has-post-thumbnail","hentry","category-blog","category-noticias","category-sin-categoria","tag-combate","tag-espinillo","tag-historia","tag-placa","tag-recordatoria"],"aioseo_notices":[],"_links":{"self":[{"href":"https:\/\/www.ejercito.mil.uy\/index.php\/wp-json\/wp\/v2\/posts\/21380","targetHints":{"allow":["GET"]}}],"collection":[{"href":"https:\/\/www.ejercito.mil.uy\/index.php\/wp-json\/wp\/v2\/posts"}],"about":[{"href":"https:\/\/www.ejercito.mil.uy\/index.php\/wp-json\/wp\/v2\/types\/post"}],"author":[{"embeddable":true,"href":"https:\/\/www.ejercito.mil.uy\/index.php\/wp-json\/wp\/v2\/users\/14"}],"replies":[{"embeddable":true,"href":"https:\/\/www.ejercito.mil.uy\/index.php\/wp-json\/wp\/v2\/comments?post=21380"}],"version-history":[{"count":9,"href":"https:\/\/www.ejercito.mil.uy\/index.php\/wp-json\/wp\/v2\/posts\/21380\/revisions"}],"predecessor-version":[{"id":21426,"href":"https:\/\/www.ejercito.mil.uy\/index.php\/wp-json\/wp\/v2\/posts\/21380\/revisions\/21426"}],"wp:featuredmedia":[{"embeddable":true,"href":"https:\/\/www.ejercito.mil.uy\/index.php\/wp-json\/wp\/v2\/media\/21381"}],"wp:attachment":[{"href":"https:\/\/www.ejercito.mil.uy\/index.php\/wp-json\/wp\/v2\/media?parent=21380"}],"wp:term":[{"taxonomy":"category","embeddable":true,"href":"https:\/\/www.ejercito.mil.uy\/index.php\/wp-json\/wp\/v2\/categories?post=21380"},{"taxonomy":"post_tag","embeddable":true,"href":"https:\/\/www.ejercito.mil.uy\/index.php\/wp-json\/wp\/v2\/tags?post=21380"}],"curies":[{"name":"wp","href":"https:\/\/api.w.org\/{rel}","templated":true}]}}