{"id":2157,"date":"2021-04-19T12:00:00","date_gmt":"2021-04-19T15:00:00","guid":{"rendered":"https:\/\/www.ejercito.mil.uy\/?p=2157"},"modified":"2021-04-19T12:14:48","modified_gmt":"2021-04-19T15:14:48","slug":"aniversario-del-ejercito-de-brasil","status":"publish","type":"post","link":"https:\/\/www.ejercito.mil.uy\/index.php\/2021\/04\/19\/aniversario-del-ejercito-de-brasil\/","title":{"rendered":"Aniversario del Ej\u00e9rcito de Brasil"},"content":{"rendered":"\n<p style=\"font-size:14px\">19.04.2021<\/p>\n\n\n\n<div style=\"height:33px\" aria-hidden=\"true\" class=\"wp-block-spacer\"><\/div>\n\n\n\n<p>El Ej\u00e9rcito Nacional saluda a todos los efectivos del pa\u00eds hermano en su aniversario. Que los lazos de confraternidad y compromiso que unen a ambas naciones contin\u00faen fortaleci\u00e9ndose.<\/p>\n\n\n\n<div style=\"height:33px\" aria-hidden=\"true\" class=\"wp-block-spacer\"><\/div>\n\n\n\n<p>\u00a1Feliz d\u00eda <strong><a href=\"https:\/\/www.eb.mil.br\/\" data-type=\"URL\" data-id=\"https:\/\/www.eb.mil.br\/\" target=\"_blank\" rel=\"noreferrer noopener\">Ex\u00e9rcito Brasileiro<\/a><\/strong>!<\/p>\n\n\n\n<div style=\"height:33px\" aria-hidden=\"true\" class=\"wp-block-spacer\"><\/div>\n\n\n\n<p><\/p>\n\n\n\n<p>   <\/p>\n\n\n\n<p>   <\/p>\n","protected":false},"excerpt":{"rendered":"<p>19.04.2021 El Ej\u00e9rcito Nacional saluda a todos los efectivos del pa\u00eds hermano en su aniversario. Que los lazos de confraternidad y compromiso que unen a ambas naciones contin\u00faen fortaleci\u00e9ndose. \u00a1Feliz d\u00eda Ex\u00e9rcito Brasileiro!<\/p>\n","protected":false},"author":4,"featured_media":2160,"comment_status":"closed","ping_status":"open","sticky":false,"template":"","format":"standard","meta":{"_coblocks_attr":"","_coblocks_dimensions":"","_coblocks_responsive_height":"","_coblocks_accordion_ie_support":"","_monsterinsights_skip_tracking":false,"_monsterinsights_sitenote_active":false,"_monsterinsights_sitenote_note":"","_monsterinsights_sitenote_category":0,"_uf_show_specific_survey":0,"_uf_disable_surveys":false,"footnotes":""},"categories":[2,14],"tags":[41],"class_list":["post-2157","post","type-post","status-publish","format-standard","has-post-thumbnail","hentry","category-blog","category-noticias","tag-historia"],"aioseo_notices":[],"_links":{"self":[{"href":"https:\/\/www.ejercito.mil.uy\/index.php\/wp-json\/wp\/v2\/posts\/2157","targetHints":{"allow":["GET"]}}],"collection":[{"href":"https:\/\/www.ejercito.mil.uy\/index.php\/wp-json\/wp\/v2\/posts"}],"about":[{"href":"https:\/\/www.ejercito.mil.uy\/index.php\/wp-json\/wp\/v2\/types\/post"}],"author":[{"embeddable":true,"href":"https:\/\/www.ejercito.mil.uy\/index.php\/wp-json\/wp\/v2\/users\/4"}],"replies":[{"embeddable":true,"href":"https:\/\/www.ejercito.mil.uy\/index.php\/wp-json\/wp\/v2\/comments?post=2157"}],"version-history":[{"count":1,"href":"https:\/\/www.ejercito.mil.uy\/index.php\/wp-json\/wp\/v2\/posts\/2157\/revisions"}],"predecessor-version":[{"id":2159,"href":"https:\/\/www.ejercito.mil.uy\/index.php\/wp-json\/wp\/v2\/posts\/2157\/revisions\/2159"}],"wp:featuredmedia":[{"embeddable":true,"href":"https:\/\/www.ejercito.mil.uy\/index.php\/wp-json\/wp\/v2\/media\/2160"}],"wp:attachment":[{"href":"https:\/\/www.ejercito.mil.uy\/index.php\/wp-json\/wp\/v2\/media?parent=2157"}],"wp:term":[{"taxonomy":"category","embeddable":true,"href":"https:\/\/www.ejercito.mil.uy\/index.php\/wp-json\/wp\/v2\/categories?post=2157"},{"taxonomy":"post_tag","embeddable":true,"href":"https:\/\/www.ejercito.mil.uy\/index.php\/wp-json\/wp\/v2\/tags?post=2157"}],"curies":[{"name":"wp","href":"https:\/\/api.w.org\/{rel}","templated":true}]}}