{"id":21643,"date":"2023-05-20T15:12:04","date_gmt":"2023-05-20T18:12:04","guid":{"rendered":"https:\/\/www.ejercito.mil.uy\/?p=21643"},"modified":"2023-05-25T14:09:00","modified_gmt":"2023-05-25T17:09:00","slug":"reconocimiento-a-efectivos-por-salvar-la-vida-a-3-compatriotas","status":"publish","type":"post","link":"https:\/\/www.ejercito.mil.uy\/index.php\/2023\/05\/20\/reconocimiento-a-efectivos-por-salvar-la-vida-a-3-compatriotas\/","title":{"rendered":"Reconocimiento a efectivos por salvar la vida a 3 compatriotas"},"content":{"rendered":"\n<p class=\"has-small-font-size\">20.05.2023 &#8211; Melo, Cerro Largo<\/p>\n\n\n\n<div style=\"height:33px\" aria-hidden=\"true\" class=\"wp-block-spacer\"><\/div>\n\n\n\n<p class=\"has-black-color has-cyan-bluish-gray-background-color has-text-color has-background\"><strong>El Club Nacional de F\u00fatbol de Melo, en el marco de los festejos por su 35\u00b0 aniversario, realiz\u00f3 una cena show ben\u00e9fica, donde se reconoci\u00f3 a distintos actores de la sociedad melense que hayan tenido una actuaci\u00f3n destacada en beneficio de los arachanes.<\/strong><\/p>\n\n\n\n<div style=\"height:33px\" aria-hidden=\"true\" class=\"wp-block-spacer\"><\/div>\n\n\n\n<div aria-label=\"Carousel Gallery\" class=\"wp-block-coblocks-gallery-carousel\"><div class=\"coblocks-gallery-carousel-swiper-container is-cropped coblocks-gallery has-no-alignment has-caption-style-dark has-no-thumbnails\"><div class=\"has-carousel has-carousel-xlrg swiper-container\" data-swiper=\"{&quot;alignCells&quot;:false,&quot;autoPlay&quot;:true,&quot;autoPlaySpeed&quot;:&quot;5000&quot;,&quot;draggable&quot;:true,&quot;freeScroll&quot;:false,&quot;loop&quot;:true,&quot;navigation&quot;:true,&quot;pageDots&quot;:false,&quot;pauseHover&quot;:false,&quot;responsiveHeight&quot;:false,&quot;slidesPerView&quot;:1,&quot;thumbnails&quot;:false,&quot;uuid&quot;:&quot;12345&quot;}\" id=\"12345\" style=\"height:550px\"><div class=\"swiper-wrapper\"><div class=\"swiper-slide\"><div class=\"coblocks-gallery--item\" role=\"button\" tabindex=\"0\"><figure class=\"coblocks-gallery--figure\"><img fetchpriority=\"high\" decoding=\"async\" width=\"1024\" height=\"683\" alt=\"\" class=\"wp-image-21644\" data-id=\"21644\" data-link=\"https:\/\/www.ejercito.mil.uy\/?attachment_id=21644\" src=\"https:\/\/www.ejercito.mil.uy\/wp-content\/uploads\/2023\/05\/FACEBOOK-1200x800-05-1024x683.jpeg\" srcset=\"https:\/\/www.ejercito.mil.uy\/wp-content\/uploads\/2023\/05\/FACEBOOK-1200x800-05-1024x683.jpeg 1024w, https:\/\/www.ejercito.mil.uy\/wp-content\/uploads\/2023\/05\/FACEBOOK-1200x800-05-300x200.jpeg 300w, https:\/\/www.ejercito.mil.uy\/wp-content\/uploads\/2023\/05\/FACEBOOK-1200x800-05.jpeg 1200w\" sizes=\"(max-width: 1024px) 100vw, 1024px\" \/><\/figure><figcaption class=\"coblocks-gallery--caption coblocks-gallery--primary-caption\"><\/figcaption><\/div><\/div><div class=\"swiper-slide\"><div class=\"coblocks-gallery--item\" role=\"button\" tabindex=\"1\"><figure class=\"coblocks-gallery--figure\"><img decoding=\"async\" width=\"1024\" height=\"683\" alt=\"\" class=\"wp-image-21645\" data-id=\"21645\" data-link=\"https:\/\/www.ejercito.mil.uy\/?attachment_id=21645\" src=\"https:\/\/www.ejercito.mil.uy\/wp-content\/uploads\/2023\/05\/FACEBOOK-1200x800-04-1024x683.jpeg\" srcset=\"https:\/\/www.ejercito.mil.uy\/wp-content\/uploads\/2023\/05\/FACEBOOK-1200x800-04-1024x683.jpeg 1024w, https:\/\/www.ejercito.mil.uy\/wp-content\/uploads\/2023\/05\/FACEBOOK-1200x800-04-300x200.jpeg 300w, https:\/\/www.ejercito.mil.uy\/wp-content\/uploads\/2023\/05\/FACEBOOK-1200x800-04.jpeg 1200w\" sizes=\"(max-width: 1024px) 100vw, 1024px\" \/><\/figure><figcaption class=\"coblocks-gallery--caption coblocks-gallery--primary-caption\"><\/figcaption><\/div><\/div><div class=\"swiper-slide\"><div class=\"coblocks-gallery--item\" role=\"button\" tabindex=\"2\"><figure class=\"coblocks-gallery--figure\"><img decoding=\"async\" width=\"1024\" height=\"683\" alt=\"\" class=\"wp-image-21646\" data-id=\"21646\" data-link=\"https:\/\/www.ejercito.mil.uy\/?attachment_id=21646\" src=\"https:\/\/www.ejercito.mil.uy\/wp-content\/uploads\/2023\/05\/FACEBOOK-1200x800-02-1024x683.jpeg\" srcset=\"https:\/\/www.ejercito.mil.uy\/wp-content\/uploads\/2023\/05\/FACEBOOK-1200x800-02-1024x683.jpeg 1024w, https:\/\/www.ejercito.mil.uy\/wp-content\/uploads\/2023\/05\/FACEBOOK-1200x800-02-300x200.jpeg 300w, https:\/\/www.ejercito.mil.uy\/wp-content\/uploads\/2023\/05\/FACEBOOK-1200x800-02.jpeg 1200w\" sizes=\"(max-width: 1024px) 100vw, 1024px\" \/><\/figure><figcaption class=\"coblocks-gallery--caption coblocks-gallery--primary-caption\"><\/figcaption><\/div><\/div><div class=\"swiper-slide\"><div class=\"coblocks-gallery--item\" role=\"button\" tabindex=\"3\"><figure class=\"coblocks-gallery--figure\"><img loading=\"lazy\" decoding=\"async\" width=\"1024\" height=\"683\" alt=\"\" class=\"wp-image-21647\" data-id=\"21647\" data-link=\"https:\/\/www.ejercito.mil.uy\/?attachment_id=21647\" src=\"https:\/\/www.ejercito.mil.uy\/wp-content\/uploads\/2023\/05\/FACEBOOK-1200x800-01-1024x683.jpeg\" srcset=\"https:\/\/www.ejercito.mil.uy\/wp-content\/uploads\/2023\/05\/FACEBOOK-1200x800-01-1024x683.jpeg 1024w, https:\/\/www.ejercito.mil.uy\/wp-content\/uploads\/2023\/05\/FACEBOOK-1200x800-01-300x200.jpeg 300w, https:\/\/www.ejercito.mil.uy\/wp-content\/uploads\/2023\/05\/FACEBOOK-1200x800-01.jpeg 1200w\" sizes=\"(max-width: 1024px) 100vw, 1024px\" \/><\/figure><figcaption class=\"coblocks-gallery--caption coblocks-gallery--primary-caption\"><\/figcaption><\/div><\/div><\/div><button class=\"nav-button__prev\" id=\"12345-prev\"><svg class=\"icon\" style=\"transform:rotate(180deg)\"><\/svg><\/button><button class=\"nav-button__next\" id=\"12345-next\"><svg class=\"icon\"><\/svg><\/button><\/div><\/div><\/div>\n\n\n\n<div style=\"height:33px\" aria-hidden=\"true\" class=\"wp-block-spacer\"><\/div>\n\n\n\n<p>En la oportunidad, se reconoci\u00f3 a los Soldados 1\u00aa Bruno Toledo y Facundo Su\u00e1rez, pertenecientes al Regimiento \u201cPatria\u201d de Caballer\u00eda Blindado N\u00ba 8, exaltando sus valores de arrojo y valor, en ocasi\u00f3n del rescate de 3 compatriotas de las aguas del Arroyo Conventos, el pasado 24 de octubre.<\/p>\n\n\n\n<div style=\"height:33px\" aria-hidden=\"true\" class=\"wp-block-spacer\"><\/div>\n\n\n\n<p>Los efectivos tras salir de la Unidad en uso de licencia, se percataron de una situaci\u00f3n de emergencia en el Arroyo. Inmediatamente decidieron colaborar arroj\u00e1ndose al agua, salvando as\u00ed la vida de una ni\u00f1a de 11 a\u00f1os y de 2 adultos que hab\u00edan iniciado el rescate.<\/p>\n\n\n\n<div style=\"height:45px\" aria-hidden=\"true\" class=\"wp-block-spacer\"><\/div>\n\n\n\n<p>\u00a1El Ej\u00e9rcito Nacional felicita a estos efectivos por su valent\u00eda y r\u00e1pido accionar! \u00a1Muchas gracias camaradas! <\/p>\n\n\n\n<div style=\"height:33px\" aria-hidden=\"true\" class=\"wp-block-spacer\"><\/div>\n","protected":false},"excerpt":{"rendered":"<p>20.05.2023 &#8211; Se reconoci\u00f3 a los Soldados 1\u00aa Bruno Toledo y Facundo Su\u00e1rez, pertenecientes al Regimiento \u201cPatria\u201d de Caballer\u00eda Blindado N\u00ba 8, exaltando sus valores de arrojo y valor, en ocasi\u00f3n del rescate de 3 compatriotas de las aguas del Arroyo Conventos, el pasado 24 de octubre.<\/p>\n","protected":false},"author":4,"featured_media":21649,"comment_status":"open","ping_status":"open","sticky":false,"template":"","format":"standard","meta":{"_coblocks_attr":"","_coblocks_dimensions":"","_coblocks_responsive_height":"","_coblocks_accordion_ie_support":"","_monsterinsights_skip_tracking":false,"_monsterinsights_sitenote_active":false,"_monsterinsights_sitenote_note":"","_monsterinsights_sitenote_category":0,"_uf_show_specific_survey":0,"_uf_disable_surveys":false,"footnotes":""},"categories":[2,14,1],"tags":[645,101,965,63,19,854,67,649,966],"class_list":["post-21643","post","type-post","status-publish","format-standard","has-post-thumbnail","hentry","category-blog","category-noticias","category-sin-categoria","tag-compania","tag-delta","tag-eje","tag-mision","tag-mop","tag-operacion-2","tag-peacekeeper","tag-reconocimientos","tag-seguro"],"aioseo_notices":[],"_links":{"self":[{"href":"https:\/\/www.ejercito.mil.uy\/index.php\/wp-json\/wp\/v2\/posts\/21643","targetHints":{"allow":["GET"]}}],"collection":[{"href":"https:\/\/www.ejercito.mil.uy\/index.php\/wp-json\/wp\/v2\/posts"}],"about":[{"href":"https:\/\/www.ejercito.mil.uy\/index.php\/wp-json\/wp\/v2\/types\/post"}],"author":[{"embeddable":true,"href":"https:\/\/www.ejercito.mil.uy\/index.php\/wp-json\/wp\/v2\/users\/4"}],"replies":[{"embeddable":true,"href":"https:\/\/www.ejercito.mil.uy\/index.php\/wp-json\/wp\/v2\/comments?post=21643"}],"version-history":[{"count":2,"href":"https:\/\/www.ejercito.mil.uy\/index.php\/wp-json\/wp\/v2\/posts\/21643\/revisions"}],"predecessor-version":[{"id":21652,"href":"https:\/\/www.ejercito.mil.uy\/index.php\/wp-json\/wp\/v2\/posts\/21643\/revisions\/21652"}],"wp:featuredmedia":[{"embeddable":true,"href":"https:\/\/www.ejercito.mil.uy\/index.php\/wp-json\/wp\/v2\/media\/21649"}],"wp:attachment":[{"href":"https:\/\/www.ejercito.mil.uy\/index.php\/wp-json\/wp\/v2\/media?parent=21643"}],"wp:term":[{"taxonomy":"category","embeddable":true,"href":"https:\/\/www.ejercito.mil.uy\/index.php\/wp-json\/wp\/v2\/categories?post=21643"},{"taxonomy":"post_tag","embeddable":true,"href":"https:\/\/www.ejercito.mil.uy\/index.php\/wp-json\/wp\/v2\/tags?post=21643"}],"curies":[{"name":"wp","href":"https:\/\/api.w.org\/{rel}","templated":true}]}}