{"id":21728,"date":"2023-05-21T14:39:04","date_gmt":"2023-05-21T17:39:04","guid":{"rendered":"https:\/\/www.ejercito.mil.uy\/?p=21728"},"modified":"2023-05-25T09:09:52","modified_gmt":"2023-05-25T12:09:52","slug":"distincion-a-la-escuela-de-comunicaciones-del-ejercito","status":"publish","type":"post","link":"https:\/\/www.ejercito.mil.uy\/index.php\/2023\/05\/21\/distincion-a-la-escuela-de-comunicaciones-del-ejercito\/","title":{"rendered":"Distinci\u00f3n a la Escuela de Comunicaciones del Ej\u00e9rcito"},"content":{"rendered":"\n<p class=\"has-small-font-size\">21.05.2023 &#8211; Montevideo <\/p>\n\n\n\n<div style=\"height:33px\" aria-hidden=\"true\" class=\"wp-block-spacer\"><\/div>\n\n\n\n<p class=\"has-white-color has-text-color has-background\" style=\"background-color:#1f0887\">El mi\u00e9rcoles 17 de mayo, en el marco de los festejos de los 100 a\u00f1os de la radio en Uruguay, <strong>la Escuela de Comunicaciones del Ej\u00e9rcito (ECOME) recibi\u00f3 una distinci\u00f3n por parte de la Comisi\u00f3n Directiva del Museo Viviente de la Radio y las Comunicaciones del Uruguay &#8211; Jos\u00e9 Gervasio Artigas.<\/strong><\/p>\n\n\n\n<div style=\"height:33px\" aria-hidden=\"true\" class=\"wp-block-spacer\"><\/div>\n\n\n\n<figure class=\"wp-block-image size-large\"><img fetchpriority=\"high\" decoding=\"async\" width=\"1024\" height=\"683\" src=\"https:\/\/www.ejercito.mil.uy\/wp-content\/uploads\/2023\/05\/Distincion-a-la-Escuela-de-Comunicaciones-del-Ejercito-1-1024x683.jpg\" alt=\"ECOME\" class=\"wp-image-21729\" srcset=\"https:\/\/www.ejercito.mil.uy\/wp-content\/uploads\/2023\/05\/Distincion-a-la-Escuela-de-Comunicaciones-del-Ejercito-1-1024x683.jpg 1024w, https:\/\/www.ejercito.mil.uy\/wp-content\/uploads\/2023\/05\/Distincion-a-la-Escuela-de-Comunicaciones-del-Ejercito-1-300x200.jpg 300w, https:\/\/www.ejercito.mil.uy\/wp-content\/uploads\/2023\/05\/Distincion-a-la-Escuela-de-Comunicaciones-del-Ejercito-1.jpg 1200w\" sizes=\"(max-width: 1024px) 100vw, 1024px\" \/><\/figure>\n\n\n\n<div style=\"height:44px\" aria-hidden=\"true\" class=\"wp-block-spacer\"><\/div>\n\n\n\n<p>Esta actividad se realiz\u00f3 en la Sala \u00abJos\u00e9 Enrique Rod\u00f3\u00bb del Ateneo de Montevideo y cont\u00f3 con la participaci\u00f3n de destacados comunicadores, autoridades de la Unidad Reguladora de Servicios de Comunicaciones y la Directora de Radiodifusi\u00f3n del Uruguay.<\/p>\n\n\n\n<div style=\"height:33px\" aria-hidden=\"true\" class=\"wp-block-spacer\"><\/div>\n\n\n\n<p>La ECOME tiene como prop\u00f3sito formar y especializar al alumno, el cual pertenecer\u00e1 al Arma de Comunicaciones, capacit\u00e1ndolo para su desempe\u00f1o en las \u00e1reas de comunicaciones, electr\u00f3nica, antenista e inform\u00e1tica.<\/p>\n\n\n\n<div style=\"height:33px\" aria-hidden=\"true\" class=\"wp-block-spacer\"><\/div>\n\n\n\n<p class=\"has-medium-font-size\"><strong>\u00a1Felicitaciones! <\/strong><\/p>\n\n\n\n<div style=\"height:33px\" aria-hidden=\"true\" class=\"wp-block-spacer\"><\/div>\n\n\n\n<div aria-label=\"Carousel Gallery\" class=\"wp-block-coblocks-gallery-carousel\"><div class=\"coblocks-gallery-carousel-swiper-container is-cropped coblocks-gallery has-no-alignment has-caption-style-dark has-no-thumbnails\"><div class=\"has-carousel has-carousel-xlrg swiper-container\" data-swiper=\"{&quot;alignCells&quot;:false,&quot;autoPlay&quot;:true,&quot;autoPlaySpeed&quot;:&quot;5000&quot;,&quot;draggable&quot;:true,&quot;freeScroll&quot;:false,&quot;loop&quot;:true,&quot;navigation&quot;:true,&quot;pageDots&quot;:false,&quot;pauseHover&quot;:false,&quot;responsiveHeight&quot;:false,&quot;slidesPerView&quot;:1,&quot;thumbnails&quot;:false,&quot;uuid&quot;:&quot;12345&quot;}\" id=\"12345\" style=\"height:550px\"><div class=\"swiper-wrapper\"><div class=\"swiper-slide\"><div class=\"coblocks-gallery--item\" role=\"button\" tabindex=\"0\"><figure class=\"coblocks-gallery--figure\"><img decoding=\"async\" width=\"1024\" height=\"683\" alt=\"\" class=\"wp-image-21730\" data-id=\"21730\" data-link=\"https:\/\/www.ejercito.mil.uy\/?attachment_id=21730\" src=\"https:\/\/www.ejercito.mil.uy\/wp-content\/uploads\/2023\/05\/Distincion-a-la-Escuela-de-Comunicaciones-del-Ejercito-2-1024x683.jpg\" srcset=\"https:\/\/www.ejercito.mil.uy\/wp-content\/uploads\/2023\/05\/Distincion-a-la-Escuela-de-Comunicaciones-del-Ejercito-2-1024x683.jpg 1024w, https:\/\/www.ejercito.mil.uy\/wp-content\/uploads\/2023\/05\/Distincion-a-la-Escuela-de-Comunicaciones-del-Ejercito-2-300x200.jpg 300w, https:\/\/www.ejercito.mil.uy\/wp-content\/uploads\/2023\/05\/Distincion-a-la-Escuela-de-Comunicaciones-del-Ejercito-2.jpg 1200w\" sizes=\"(max-width: 1024px) 100vw, 1024px\" \/><\/figure><figcaption class=\"coblocks-gallery--caption coblocks-gallery--primary-caption\"><\/figcaption><\/div><\/div><div class=\"swiper-slide\"><div class=\"coblocks-gallery--item\" role=\"button\" tabindex=\"1\"><figure class=\"coblocks-gallery--figure\"><img decoding=\"async\" width=\"1024\" height=\"683\" alt=\"\" class=\"wp-image-21731\" data-id=\"21731\" data-link=\"https:\/\/www.ejercito.mil.uy\/?attachment_id=21731\" src=\"https:\/\/www.ejercito.mil.uy\/wp-content\/uploads\/2023\/05\/Distincion-a-la-Escuela-de-Comunicaciones-del-Ejercito-3-1024x683.jpg\" srcset=\"https:\/\/www.ejercito.mil.uy\/wp-content\/uploads\/2023\/05\/Distincion-a-la-Escuela-de-Comunicaciones-del-Ejercito-3-1024x683.jpg 1024w, https:\/\/www.ejercito.mil.uy\/wp-content\/uploads\/2023\/05\/Distincion-a-la-Escuela-de-Comunicaciones-del-Ejercito-3-300x200.jpg 300w, https:\/\/www.ejercito.mil.uy\/wp-content\/uploads\/2023\/05\/Distincion-a-la-Escuela-de-Comunicaciones-del-Ejercito-3.jpg 1200w\" sizes=\"(max-width: 1024px) 100vw, 1024px\" \/><\/figure><figcaption class=\"coblocks-gallery--caption coblocks-gallery--primary-caption\"><\/figcaption><\/div><\/div><div class=\"swiper-slide\"><div class=\"coblocks-gallery--item\" role=\"button\" tabindex=\"2\"><figure class=\"coblocks-gallery--figure\"><img loading=\"lazy\" decoding=\"async\" width=\"1024\" height=\"683\" alt=\"\" class=\"wp-image-21732\" data-id=\"21732\" data-link=\"https:\/\/www.ejercito.mil.uy\/?attachment_id=21732\" src=\"https:\/\/www.ejercito.mil.uy\/wp-content\/uploads\/2023\/05\/Distincion-a-la-Escuela-de-Comunicaciones-del-Ejercito-4-1024x683.jpg\" srcset=\"https:\/\/www.ejercito.mil.uy\/wp-content\/uploads\/2023\/05\/Distincion-a-la-Escuela-de-Comunicaciones-del-Ejercito-4-1024x683.jpg 1024w, https:\/\/www.ejercito.mil.uy\/wp-content\/uploads\/2023\/05\/Distincion-a-la-Escuela-de-Comunicaciones-del-Ejercito-4-300x200.jpg 300w, https:\/\/www.ejercito.mil.uy\/wp-content\/uploads\/2023\/05\/Distincion-a-la-Escuela-de-Comunicaciones-del-Ejercito-4.jpg 1200w\" sizes=\"(max-width: 1024px) 100vw, 1024px\" \/><\/figure><figcaption class=\"coblocks-gallery--caption coblocks-gallery--primary-caption\"><\/figcaption><\/div><\/div><div class=\"swiper-slide\"><div class=\"coblocks-gallery--item\" role=\"button\" tabindex=\"3\"><figure class=\"coblocks-gallery--figure\"><img loading=\"lazy\" decoding=\"async\" width=\"1024\" height=\"683\" alt=\"\" class=\"wp-image-21733\" data-id=\"21733\" data-link=\"https:\/\/www.ejercito.mil.uy\/?attachment_id=21733\" src=\"https:\/\/www.ejercito.mil.uy\/wp-content\/uploads\/2023\/05\/Distincion-a-la-Escuela-de-Comunicaciones-del-Ejercito-5-1024x683.jpg\" srcset=\"https:\/\/www.ejercito.mil.uy\/wp-content\/uploads\/2023\/05\/Distincion-a-la-Escuela-de-Comunicaciones-del-Ejercito-5-1024x683.jpg 1024w, https:\/\/www.ejercito.mil.uy\/wp-content\/uploads\/2023\/05\/Distincion-a-la-Escuela-de-Comunicaciones-del-Ejercito-5-300x200.jpg 300w, https:\/\/www.ejercito.mil.uy\/wp-content\/uploads\/2023\/05\/Distincion-a-la-Escuela-de-Comunicaciones-del-Ejercito-5.jpg 1200w\" sizes=\"(max-width: 1024px) 100vw, 1024px\" \/><\/figure><figcaption class=\"coblocks-gallery--caption coblocks-gallery--primary-caption\"><\/figcaption><\/div><\/div><\/div><button class=\"nav-button__prev\" id=\"12345-prev\"><svg class=\"icon\" style=\"transform:rotate(180deg)\"><\/svg><\/button><button class=\"nav-button__next\" id=\"12345-next\"><svg class=\"icon\"><\/svg><\/button><\/div><\/div><\/div>\n","protected":false},"excerpt":{"rendered":"<p>20.05.2023 &#8211; El mi\u00e9rcoles 17 de mayo, en el marco de los festejos de los 100 a\u00f1os de la radio en Uruguay, la Escuela de Comunicaciones del Ej\u00e9rcito (ECOME) recibi\u00f3 una distinci\u00f3n por parte de la Comisi\u00f3n Directiva del Museo Viviente de la Radio y las Comunicaciones del Uruguay &#8211; Jos\u00e9 Gervasio Artigas.  <\/p>\n","protected":false},"author":4,"featured_media":21731,"comment_status":"open","ping_status":"open","sticky":false,"template":"","format":"standard","meta":{"_coblocks_attr":"","_coblocks_dimensions":"","_coblocks_responsive_height":"","_coblocks_accordion_ie_support":"","_monsterinsights_skip_tracking":false,"_monsterinsights_sitenote_active":false,"_monsterinsights_sitenote_note":"","_monsterinsights_sitenote_category":0,"_uf_show_specific_survey":0,"_uf_disable_surveys":false,"footnotes":""},"categories":[2,14,1],"tags":[60,837,251,643],"class_list":["post-21728","post","type-post","status-publish","format-standard","has-post-thumbnail","hentry","category-blog","category-noticias","category-sin-categoria","tag-comunicaciones","tag-distincion","tag-ecome","tag-radio"],"aioseo_notices":[],"_links":{"self":[{"href":"https:\/\/www.ejercito.mil.uy\/index.php\/wp-json\/wp\/v2\/posts\/21728","targetHints":{"allow":["GET"]}}],"collection":[{"href":"https:\/\/www.ejercito.mil.uy\/index.php\/wp-json\/wp\/v2\/posts"}],"about":[{"href":"https:\/\/www.ejercito.mil.uy\/index.php\/wp-json\/wp\/v2\/types\/post"}],"author":[{"embeddable":true,"href":"https:\/\/www.ejercito.mil.uy\/index.php\/wp-json\/wp\/v2\/users\/4"}],"replies":[{"embeddable":true,"href":"https:\/\/www.ejercito.mil.uy\/index.php\/wp-json\/wp\/v2\/comments?post=21728"}],"version-history":[{"count":3,"href":"https:\/\/www.ejercito.mil.uy\/index.php\/wp-json\/wp\/v2\/posts\/21728\/revisions"}],"predecessor-version":[{"id":21745,"href":"https:\/\/www.ejercito.mil.uy\/index.php\/wp-json\/wp\/v2\/posts\/21728\/revisions\/21745"}],"wp:featuredmedia":[{"embeddable":true,"href":"https:\/\/www.ejercito.mil.uy\/index.php\/wp-json\/wp\/v2\/media\/21731"}],"wp:attachment":[{"href":"https:\/\/www.ejercito.mil.uy\/index.php\/wp-json\/wp\/v2\/media?parent=21728"}],"wp:term":[{"taxonomy":"category","embeddable":true,"href":"https:\/\/www.ejercito.mil.uy\/index.php\/wp-json\/wp\/v2\/categories?post=21728"},{"taxonomy":"post_tag","embeddable":true,"href":"https:\/\/www.ejercito.mil.uy\/index.php\/wp-json\/wp\/v2\/tags?post=21728"}],"curies":[{"name":"wp","href":"https:\/\/api.w.org\/{rel}","templated":true}]}}