{"id":21735,"date":"2023-05-22T14:55:05","date_gmt":"2023-05-22T17:55:05","guid":{"rendered":"https:\/\/www.ejercito.mil.uy\/?p=21735"},"modified":"2023-05-24T14:55:11","modified_gmt":"2023-05-24T17:55:11","slug":"jornada-de-instruccion-de-la-compania-de-fusileros-blindados-cobra","status":"publish","type":"post","link":"https:\/\/www.ejercito.mil.uy\/index.php\/2023\/05\/22\/jornada-de-instruccion-de-la-compania-de-fusileros-blindados-cobra\/","title":{"rendered":"Jornada de instrucci\u00f3n de la Compa\u00f1\u00eda de Fusileros Blindados \u00abCobra\u00bb"},"content":{"rendered":"\n<p class=\"has-small-font-size\">22.05.2023 &#8211;  Durazno <\/p>\n\n\n\n<div style=\"height:33px\" aria-hidden=\"true\" class=\"wp-block-spacer\"><\/div>\n\n\n\n<p class=\"has-white-color has-text-color has-background\" style=\"background-color:#144218\">El 11 de mayo, se realiz\u00f3 una <strong>jornada de instrucci\u00f3n de la Compa\u00f1\u00eda de Fusileros Blindados \u00abCobra\u00bb<\/strong>, perteneciente al <a rel=\"noreferrer noopener\" href=\"https:\/\/www.facebook.com\/batalloninfanteria13Uy?__cft__[0]=AZXDpDPSOBfxa7IUQrLHd2vRMzQ4L0lNjsqlhdyJmSZYzGgA7619yKrfTBgXkxefuQCLYiK47iZ1v4T3vHbO4Dny4aLKBmD3HyO8h4RyMDPk_RzRAiErk7Sfd9hU70m2ObT8GiEYVB3mGs23uuUQg3nZV95K2EF7FrrMS94KSjrkipRJ9l8oXfhJKa50BLfNczM&amp;__tn__=-]K-R\" target=\"_blank\">Batall\u00f3n de Infanter\u00eda Blindado N\u00ba13 Uy<\/a> (Durazno).<\/p>\n\n\n\n<div style=\"height:33px\" aria-hidden=\"true\" class=\"wp-block-spacer\"><\/div>\n\n\n\n<p>Los efectivos realizaron diversas actividades:<\/p>\n\n\n\n<div style=\"height:33px\" aria-hidden=\"true\" class=\"wp-block-spacer\"><\/div>\n\n\n\n<p>&#8211; conductores: instrucci\u00f3n de conceptos elementales del motor, funcionamientos de los sistemas de inyecci\u00f3n, lubricaci\u00f3n y refrigeraci\u00f3n en el Veh\u00edculo de Combate de Infanter\u00eda M-1<\/p>\n\n\n\n<div style=\"height:33px\" aria-hidden=\"true\" class=\"wp-block-spacer\"><\/div>\n\n\n\n<p>&#8211; tiradores: capacitaci\u00f3n para identificar los instrumentos de control de tiro, sistema de mira y descripci\u00f3n de funcionamiento del sistema de torreta <\/p>\n\n\n\n<div style=\"height:33px\" aria-hidden=\"true\" class=\"wp-block-spacer\"><\/div>\n\n\n\n<p>&#8211; fusileros blindados: embarque y desembarque del M-1, apreciaci\u00f3n de distancia, orientaci\u00f3n de carta y determinaci\u00f3n de coordenadas para ubicarse en el terreno<\/p>\n\n\n\n<div style=\"height:33px\" aria-hidden=\"true\" class=\"wp-block-spacer\"><\/div>\n\n\n\n<p>\u00a1Mantener a nuestro personal instruido es fundamental! <\/p>\n\n\n\n<div style=\"height:33px\" aria-hidden=\"true\" class=\"wp-block-spacer\"><\/div>\n\n\n\n<div aria-label=\"Carousel Gallery\" class=\"wp-block-coblocks-gallery-carousel\"><div class=\"coblocks-gallery-carousel-swiper-container is-cropped coblocks-gallery has-no-alignment has-caption-style-dark has-no-thumbnails\"><div class=\"has-carousel has-carousel-xlrg swiper-container\" data-swiper=\"{&quot;alignCells&quot;:false,&quot;autoPlay&quot;:true,&quot;autoPlaySpeed&quot;:&quot;5000&quot;,&quot;draggable&quot;:true,&quot;freeScroll&quot;:false,&quot;loop&quot;:true,&quot;navigation&quot;:true,&quot;pageDots&quot;:false,&quot;pauseHover&quot;:false,&quot;responsiveHeight&quot;:false,&quot;slidesPerView&quot;:1,&quot;thumbnails&quot;:false,&quot;uuid&quot;:&quot;12345&quot;}\" id=\"12345\" style=\"height:550px\"><div class=\"swiper-wrapper\"><div class=\"swiper-slide\"><div class=\"coblocks-gallery--item\" role=\"button\" tabindex=\"0\"><figure class=\"coblocks-gallery--figure\"><img fetchpriority=\"high\" decoding=\"async\" width=\"1024\" height=\"683\" alt=\"\" class=\"wp-image-21739\" data-id=\"21739\" data-link=\"https:\/\/www.ejercito.mil.uy\/?attachment_id=21739\" src=\"https:\/\/www.ejercito.mil.uy\/wp-content\/uploads\/2023\/05\/347841965_1392677621522375_5243830325618376728_n-1024x683.jpg\" srcset=\"https:\/\/www.ejercito.mil.uy\/wp-content\/uploads\/2023\/05\/347841965_1392677621522375_5243830325618376728_n-1024x683.jpg 1024w, https:\/\/www.ejercito.mil.uy\/wp-content\/uploads\/2023\/05\/347841965_1392677621522375_5243830325618376728_n-300x200.jpg 300w, https:\/\/www.ejercito.mil.uy\/wp-content\/uploads\/2023\/05\/347841965_1392677621522375_5243830325618376728_n.jpg 1200w\" sizes=\"(max-width: 1024px) 100vw, 1024px\" \/><\/figure><figcaption class=\"coblocks-gallery--caption coblocks-gallery--primary-caption\"><\/figcaption><\/div><\/div><div class=\"swiper-slide\"><div class=\"coblocks-gallery--item\" role=\"button\" tabindex=\"1\"><figure class=\"coblocks-gallery--figure\"><img decoding=\"async\" width=\"1024\" height=\"683\" alt=\"\" class=\"wp-image-21740\" data-id=\"21740\" data-link=\"https:\/\/www.ejercito.mil.uy\/?attachment_id=21740\" src=\"https:\/\/www.ejercito.mil.uy\/wp-content\/uploads\/2023\/05\/348431428_633947204900782_7497722414094749406_n-1024x683.jpg\" srcset=\"https:\/\/www.ejercito.mil.uy\/wp-content\/uploads\/2023\/05\/348431428_633947204900782_7497722414094749406_n-1024x683.jpg 1024w, https:\/\/www.ejercito.mil.uy\/wp-content\/uploads\/2023\/05\/348431428_633947204900782_7497722414094749406_n-300x200.jpg 300w, https:\/\/www.ejercito.mil.uy\/wp-content\/uploads\/2023\/05\/348431428_633947204900782_7497722414094749406_n.jpg 1200w\" sizes=\"(max-width: 1024px) 100vw, 1024px\" \/><\/figure><figcaption class=\"coblocks-gallery--caption coblocks-gallery--primary-caption\"><\/figcaption><\/div><\/div><div class=\"swiper-slide\"><div class=\"coblocks-gallery--item\" role=\"button\" tabindex=\"2\"><figure class=\"coblocks-gallery--figure\"><img decoding=\"async\" width=\"1024\" height=\"683\" alt=\"\" class=\"wp-image-21738\" data-id=\"21738\" data-link=\"https:\/\/www.ejercito.mil.uy\/?attachment_id=21738\" src=\"https:\/\/www.ejercito.mil.uy\/wp-content\/uploads\/2023\/05\/348451017_225555883545568_3300586814266619127_n-1024x683.jpg\" srcset=\"https:\/\/www.ejercito.mil.uy\/wp-content\/uploads\/2023\/05\/348451017_225555883545568_3300586814266619127_n-1024x683.jpg 1024w, https:\/\/www.ejercito.mil.uy\/wp-content\/uploads\/2023\/05\/348451017_225555883545568_3300586814266619127_n-300x200.jpg 300w, https:\/\/www.ejercito.mil.uy\/wp-content\/uploads\/2023\/05\/348451017_225555883545568_3300586814266619127_n.jpg 1200w\" sizes=\"(max-width: 1024px) 100vw, 1024px\" \/><\/figure><figcaption class=\"coblocks-gallery--caption coblocks-gallery--primary-caption\"><\/figcaption><\/div><\/div><\/div><button class=\"nav-button__prev\" id=\"12345-prev\"><svg class=\"icon\" style=\"transform:rotate(180deg)\"><\/svg><\/button><button class=\"nav-button__next\" id=\"12345-next\"><svg class=\"icon\"><\/svg><\/button><\/div><\/div><\/div>\n","protected":false},"excerpt":{"rendered":"<p>22.05.2023 &#8211; El 11 de mayo, se realiz\u00f3 una jornada de instrucci\u00f3n de la Compa\u00f1\u00eda de Fusileros Blindados \u00abCobra\u00bb perteneciente al Batall\u00f3n de Infanter\u00eda Blindando N\u00b0 13. <\/p>\n","protected":false},"author":4,"featured_media":21737,"comment_status":"open","ping_status":"open","sticky":false,"template":"","format":"standard","meta":{"_coblocks_attr":"","_coblocks_dimensions":"","_coblocks_responsive_height":"","_coblocks_accordion_ie_support":"","_monsterinsights_skip_tracking":false,"_monsterinsights_sitenote_active":false,"_monsterinsights_sitenote_note":"","_monsterinsights_sitenote_category":0,"_uf_show_specific_survey":0,"_uf_disable_surveys":false,"footnotes":""},"categories":[2,14,1],"tags":[976,645,855,975,71,13,977,978],"class_list":["post-21735","post","type-post","status-publish","format-standard","has-post-thumbnail","hentry","category-blog","category-noticias","category-sin-categoria","tag-cobra","tag-compania","tag-condcutores","tag-fusileros","tag-infanteria","tag-instruccion","tag-tiradores","tag-vehiculo"],"aioseo_notices":[],"_links":{"self":[{"href":"https:\/\/www.ejercito.mil.uy\/index.php\/wp-json\/wp\/v2\/posts\/21735","targetHints":{"allow":["GET"]}}],"collection":[{"href":"https:\/\/www.ejercito.mil.uy\/index.php\/wp-json\/wp\/v2\/posts"}],"about":[{"href":"https:\/\/www.ejercito.mil.uy\/index.php\/wp-json\/wp\/v2\/types\/post"}],"author":[{"embeddable":true,"href":"https:\/\/www.ejercito.mil.uy\/index.php\/wp-json\/wp\/v2\/users\/4"}],"replies":[{"embeddable":true,"href":"https:\/\/www.ejercito.mil.uy\/index.php\/wp-json\/wp\/v2\/comments?post=21735"}],"version-history":[{"count":1,"href":"https:\/\/www.ejercito.mil.uy\/index.php\/wp-json\/wp\/v2\/posts\/21735\/revisions"}],"predecessor-version":[{"id":21741,"href":"https:\/\/www.ejercito.mil.uy\/index.php\/wp-json\/wp\/v2\/posts\/21735\/revisions\/21741"}],"wp:featuredmedia":[{"embeddable":true,"href":"https:\/\/www.ejercito.mil.uy\/index.php\/wp-json\/wp\/v2\/media\/21737"}],"wp:attachment":[{"href":"https:\/\/www.ejercito.mil.uy\/index.php\/wp-json\/wp\/v2\/media?parent=21735"}],"wp:term":[{"taxonomy":"category","embeddable":true,"href":"https:\/\/www.ejercito.mil.uy\/index.php\/wp-json\/wp\/v2\/categories?post=21735"},{"taxonomy":"post_tag","embeddable":true,"href":"https:\/\/www.ejercito.mil.uy\/index.php\/wp-json\/wp\/v2\/tags?post=21735"}],"curies":[{"name":"wp","href":"https:\/\/api.w.org\/{rel}","templated":true}]}}