{"id":2182,"date":"2021-04-16T09:33:00","date_gmt":"2021-04-16T12:33:00","guid":{"rendered":"https:\/\/www.ejercito.mil.uy\/?p=2182"},"modified":"2021-04-20T09:46:01","modified_gmt":"2021-04-20T12:46:01","slug":"la-fuerza-no-se-detiene","status":"publish","type":"post","link":"https:\/\/www.ejercito.mil.uy\/index.php\/2021\/04\/16\/la-fuerza-no-se-detiene\/","title":{"rendered":"La Fuerza no se detiene"},"content":{"rendered":"\n<p class=\"wp-block-paragraph\" style=\"font-size:14px\">15.04.2021<\/p>\n\n\n\n<div style=\"height:33px\" aria-hidden=\"true\" class=\"wp-block-spacer\"><\/div>\n\n\n\n<p class=\"wp-block-paragraph\">Con <strong>La Fuerza de todos<\/strong>, \u00a1salir adelante es m\u00e1s f\u00e1cil! Porque <a href=\"https:\/\/www.facebook.com\/hashtag\/juntospodemos?__eep__=6&amp;__cft__[0]=AZUbGP-ArzWeJI-adAV7Z5wonjub-klV0BT5cgpJNEfBygCs3vfhFxpi1LdKGPbU66Od0nn3_YF6ebWj9teovrLp6zv-vdry6khKJzfjgWlcgIZ7Y2HebXoQbZ_3_jgOnBTFlFhhGPrYrYlqLS9UoOb7WV7xqbplxpMoHguHO4BE9ov7aC4A41A3JaAdJm08Ivs&amp;__tn__=*NK-R\" target=\"_blank\" rel=\"noreferrer noopener\"><strong>#JuntosPodemos<\/strong><\/a><\/p>\n\n\n\n<div style=\"height:33px\" aria-hidden=\"true\" class=\"wp-block-spacer\"><\/div>\n\n\n\n<p class=\"wp-block-paragraph\">El <a rel=\"noreferrer noopener\" href=\"https:\/\/www.facebook.com\/Batall%C3%B3n-Gral-Leandro-G%C3%B3mez-de-Infanter%C3%ADa-Mec-N8-356122647931114\/?__cft__[0]=AZUbGP-ArzWeJI-adAV7Z5wonjub-klV0BT5cgpJNEfBygCs3vfhFxpi1LdKGPbU66Od0nn3_YF6ebWj9teovrLp6zv-vdry6khKJzfjgWlcgIZ7Y2HebXoQbZ_3_jgOnBTFlFhhGPrYrYlqLS9UoOb7WV7xqbplxpMoHguHO4BE9ov7aC4A41A3JaAdJm08Ivs&amp;__tn__=kK-R\" target=\"_blank\"><strong>Batall\u00f3n \u00abGral. Leandro G\u00f3mez\u00bb de Infanter\u00eda Mec. N<\/strong><\/a><strong><a rel=\"noreferrer noopener\" href=\"https:\/\/www.facebook.com\/Batall%C3%B3n-Gral-Leandro-G%C3%B3mez-de-Infanter%C3%ADa-Mec-N8-356122647931114\/?__cft__[0]=AZUbGP-ArzWeJI-adAV7Z5wonjub-klV0BT5cgpJNEfBygCs3vfhFxpi1LdKGPbU66Od0nn3_YF6ebWj9teovrLp6zv-vdry6khKJzfjgWlcgIZ7Y2HebXoQbZ_3_jgOnBTFlFhhGPrYrYlqLS9UoOb7WV7xqbplxpMoHguHO4BE9ov7aC4A41A3JaAdJm08Ivs&amp;__tn__=kK-R\" target=\"_blank\">\u00b0<\/a><\/strong><a rel=\"noreferrer noopener\" href=\"https:\/\/www.facebook.com\/Batall%C3%B3n-Gral-Leandro-G%C3%B3mez-de-Infanter%C3%ADa-Mec-N8-356122647931114\/?__cft__[0]=AZUbGP-ArzWeJI-adAV7Z5wonjub-klV0BT5cgpJNEfBygCs3vfhFxpi1LdKGPbU66Od0nn3_YF6ebWj9teovrLp6zv-vdry6khKJzfjgWlcgIZ7Y2HebXoQbZ_3_jgOnBTFlFhhGPrYrYlqLS9UoOb7WV7xqbplxpMoHguHO4BE9ov7aC4A41A3JaAdJm08Ivs&amp;__tn__=kK-R\" target=\"_blank\"><strong> 8<\/strong><\/a> apoy\u00f3 con carpas al <strong>Centro Auxiliar de Guich\u00f3n<\/strong>, que fueron utilizadas como salas de espera durante una jornada de <strong>vacunaci\u00f3n rural<\/strong> contra el COVID19.<\/p>\n\n\n\n<div style=\"height:33px\" aria-hidden=\"true\" class=\"wp-block-spacer\"><\/div>\n\n\n\n<p class=\"wp-block-paragraph\">Por otra parte, el <a rel=\"noreferrer noopener\" href=\"https:\/\/www.facebook.com\/Grupo-Las-Piedras-de-Artiller%C3%ADa-105mm-No-3-265830100750399\/?__cft__[0]=AZUbGP-ArzWeJI-adAV7Z5wonjub-klV0BT5cgpJNEfBygCs3vfhFxpi1LdKGPbU66Od0nn3_YF6ebWj9teovrLp6zv-vdry6khKJzfjgWlcgIZ7Y2HebXoQbZ_3_jgOnBTFlFhhGPrYrYlqLS9UoOb7WV7xqbplxpMoHguHO4BE9ov7aC4A41A3JaAdJm08Ivs&amp;__tn__=kK-R\" target=\"_blank\"><strong>Grupo \u00abLas Piedras\u00bb de Artiller\u00eda 105mm N<\/strong><\/a><strong><a rel=\"noreferrer noopener\" href=\"https:\/\/www.facebook.com\/Grupo-Las-Piedras-de-Artiller%C3%ADa-105mm-No-3-265830100750399\/?__cft__[0]=AZUbGP-ArzWeJI-adAV7Z5wonjub-klV0BT5cgpJNEfBygCs3vfhFxpi1LdKGPbU66Od0nn3_YF6ebWj9teovrLp6zv-vdry6khKJzfjgWlcgIZ7Y2HebXoQbZ_3_jgOnBTFlFhhGPrYrYlqLS9UoOb7WV7xqbplxpMoHguHO4BE9ov7aC4A41A3JaAdJm08Ivs&amp;__tn__=kK-R\" target=\"_blank\">\u00b0<\/a><\/strong><a rel=\"noreferrer noopener\" href=\"https:\/\/www.facebook.com\/Grupo-Las-Piedras-de-Artiller%C3%ADa-105mm-No-3-265830100750399\/?__cft__[0]=AZUbGP-ArzWeJI-adAV7Z5wonjub-klV0BT5cgpJNEfBygCs3vfhFxpi1LdKGPbU66Od0nn3_YF6ebWj9teovrLp6zv-vdry6khKJzfjgWlcgIZ7Y2HebXoQbZ_3_jgOnBTFlFhhGPrYrYlqLS9UoOb7WV7xqbplxpMoHguHO4BE9ov7aC4A41A3JaAdJm08Ivs&amp;__tn__=kK-R\" target=\"_blank\"><strong> 3<\/strong><\/a> apoy\u00f3 con personal a la <strong>Oficina Territorial del Ministerio de Desarrollo Social<\/strong> de <strong>Paso de los Toros<\/strong>, en la descarga de 262 canastas alimenticias que ser\u00e1n distribuidas a los compatriotas m\u00e1s vulnerables de la ciudad.<\/p>\n\n\n\n<div style=\"height:33px\" aria-hidden=\"true\" class=\"wp-block-spacer\"><\/div>\n\n\n\n<p class=\"wp-block-paragraph\">En cambio, efectivos del<strong> <a href=\"https:\/\/www.facebook.com\/Batall%C3%B3n-de-Infanter%C3%ADa-Blindado-N%C2%BA13-508257066003601\/?__cft__[0]=AZUbGP-ArzWeJI-adAV7Z5wonjub-klV0BT5cgpJNEfBygCs3vfhFxpi1LdKGPbU66Od0nn3_YF6ebWj9teovrLp6zv-vdry6khKJzfjgWlcgIZ7Y2HebXoQbZ_3_jgOnBTFlFhhGPrYrYlqLS9UoOb7WV7xqbplxpMoHguHO4BE9ov7aC4A41A3JaAdJm08Ivs&amp;__tn__=kK-R\" target=\"_blank\" rel=\"noreferrer noopener\">Batall\u00f3n de Infanter\u00eda Blindado N\u00ba 13<\/a><\/strong> previamente a hacerse cargo del <strong>Servicio de Guardia de C\u00e1rcel del INR N\u00b0 3 \u00abPenal de Libertad\u00bb<\/strong>, realizaron la desinfecci\u00f3n de todas las instalaciones que iba a utilizar el personal, para asegurar una correcta higiene y as\u00ed cumplir con las medidas sanitarias vigentes.<\/p>\n\n\n\n<div style=\"height:33px\" aria-hidden=\"true\" class=\"wp-block-spacer\"><\/div>\n\n\n\n<div class=\"wp-block-coblocks-gallery-carousel coblocks-animate\" data-coblocks-animation=\"slideInLeft\"><div class=\"is-cropped coblocks-gallery has-caption-style-dark has-horizontal-gutter has-lightbox\"><div class=\"has-carousel has-carousel-lrg\" style=\"height:400px\" data-flickity=\"{&quot;autoPlay&quot;:3000,&quot;draggable&quot;:true,&quot;pageDots&quot;:false,&quot;prevNextButtons&quot;:true,&quot;wrapAround&quot;:true,&quot;cellAlign&quot;:&quot;center&quot;,&quot;pauseAutoPlayOnHover&quot;:false,&quot;freeScroll&quot;:true,&quot;arrowShape&quot;:{&quot;x0&quot;:10,&quot;x1&quot;:60,&quot;y1&quot;:50,&quot;x2&quot;:65,&quot;y2&quot;:45,&quot;x3&quot;:20},&quot;thumbnails&quot;:false,&quot;responsiveHeight&quot;:false}\"><div class=\"coblocks-gallery--item\"><figure class=\"coblocks-gallery--figure has-margin-left-5 has-margin-left-mobile-5 has-margin-right-5 has-margin-right-mobile-5\"><img loading=\"lazy\" decoding=\"async\" width=\"1024\" height=\"683\" src=\"https:\/\/www.ejercito.mil.uy\/wp-content\/uploads\/2021\/04\/Apoyos-2-1024x683.jpg\" alt=\"\" data-id=\"2183\" data-link=\"https:\/\/www.ejercito.mil.uy\/?attachment_id=2183\" class=\"wp-image-2183\" srcset=\"https:\/\/www.ejercito.mil.uy\/wp-content\/uploads\/2021\/04\/Apoyos-2-1024x683.jpg 1024w, https:\/\/www.ejercito.mil.uy\/wp-content\/uploads\/2021\/04\/Apoyos-2-300x200.jpg 300w, https:\/\/www.ejercito.mil.uy\/wp-content\/uploads\/2021\/04\/Apoyos-2.jpg 1200w\" sizes=\"auto, (max-width: 1024px) 100vw, 1024px\" \/><\/figure><\/div><div class=\"coblocks-gallery--item\"><figure class=\"coblocks-gallery--figure has-margin-left-5 has-margin-left-mobile-5 has-margin-right-5 has-margin-right-mobile-5\"><img loading=\"lazy\" decoding=\"async\" width=\"1024\" height=\"683\" src=\"https:\/\/www.ejercito.mil.uy\/wp-content\/uploads\/2021\/04\/Apoyos-3-1-1024x683.jpg\" alt=\"\" data-id=\"2187\" data-link=\"https:\/\/www.ejercito.mil.uy\/?attachment_id=2187\" class=\"wp-image-2187\" srcset=\"https:\/\/www.ejercito.mil.uy\/wp-content\/uploads\/2021\/04\/Apoyos-3-1-1024x683.jpg 1024w, https:\/\/www.ejercito.mil.uy\/wp-content\/uploads\/2021\/04\/Apoyos-3-1-300x200.jpg 300w, https:\/\/www.ejercito.mil.uy\/wp-content\/uploads\/2021\/04\/Apoyos-3-1.jpg 1200w\" sizes=\"auto, (max-width: 1024px) 100vw, 1024px\" \/><\/figure><\/div><div class=\"coblocks-gallery--item\"><figure class=\"coblocks-gallery--figure has-margin-left-5 has-margin-left-mobile-5 has-margin-right-5 has-margin-right-mobile-5\"><img loading=\"lazy\" decoding=\"async\" width=\"1024\" height=\"683\" src=\"https:\/\/www.ejercito.mil.uy\/wp-content\/uploads\/2021\/04\/Apoyos-4-1-1024x683.jpg\" alt=\"\" data-id=\"2189\" data-link=\"https:\/\/www.ejercito.mil.uy\/?attachment_id=2189\" class=\"wp-image-2189\" srcset=\"https:\/\/www.ejercito.mil.uy\/wp-content\/uploads\/2021\/04\/Apoyos-4-1-1024x683.jpg 1024w, https:\/\/www.ejercito.mil.uy\/wp-content\/uploads\/2021\/04\/Apoyos-4-1-300x200.jpg 300w, https:\/\/www.ejercito.mil.uy\/wp-content\/uploads\/2021\/04\/Apoyos-4-1.jpg 1200w\" sizes=\"auto, (max-width: 1024px) 100vw, 1024px\" \/><\/figure><\/div><div class=\"coblocks-gallery--item\"><figure class=\"coblocks-gallery--figure has-margin-left-5 has-margin-left-mobile-5 has-margin-right-5 has-margin-right-mobile-5\"><img loading=\"lazy\" decoding=\"async\" width=\"1024\" height=\"683\" src=\"https:\/\/www.ejercito.mil.uy\/wp-content\/uploads\/2021\/04\/Apoyos-5-1-1024x683.jpg\" alt=\"\" data-id=\"2190\" data-link=\"https:\/\/www.ejercito.mil.uy\/?attachment_id=2190\" class=\"wp-image-2190\" srcset=\"https:\/\/www.ejercito.mil.uy\/wp-content\/uploads\/2021\/04\/Apoyos-5-1-1024x683.jpg 1024w, https:\/\/www.ejercito.mil.uy\/wp-content\/uploads\/2021\/04\/Apoyos-5-1-300x200.jpg 300w, https:\/\/www.ejercito.mil.uy\/wp-content\/uploads\/2021\/04\/Apoyos-5-1.jpg 1200w\" sizes=\"auto, (max-width: 1024px) 100vw, 1024px\" \/><\/figure><\/div><\/div><\/div><\/div>\n\n\n\n<p class=\"wp-block-paragraph\"><\/p>\n\n\n\n<p class=\"wp-block-paragraph\">   <\/p>\n\n\n\n<p class=\"wp-block-paragraph\">   <\/p>\n","protected":false},"excerpt":{"rendered":"<p>15.04.2021 Con La Fuerza de todos, \u00a1salir adelante es m\u00e1s f\u00e1cil! Porque #JuntosPodemos El Batall\u00f3n \u00abGral. Leandro G\u00f3mez\u00bb de Infanter\u00eda Mec. N\u00b0 8 apoy\u00f3 con carpas al Centro Auxiliar de Guich\u00f3n, que fueron utilizadas como salas de espera durante una jornada de vacunaci\u00f3n rural contra el COVID19. Por otra parte, el Grupo \u00abLas Piedras\u00bb de <a href=\"https:\/\/www.ejercito.mil.uy\/index.php\/2021\/04\/16\/la-fuerza-no-se-detiene\/\" class=\"more-link\">&#8230;<span class=\"screen-reader-text\">  La Fuerza no se detiene<\/span><\/a><\/p>\n","protected":false},"author":4,"featured_media":2191,"comment_status":"closed","ping_status":"open","sticky":false,"template":"","format":"standard","meta":{"_coblocks_attr":"","_coblocks_dimensions":"","_coblocks_responsive_height":"","_coblocks_accordion_ie_support":"","_monsterinsights_skip_tracking":false,"_uf_show_specific_survey":0,"_uf_disable_surveys":false,"footnotes":""},"categories":[2,14],"tags":[36,27,32,29,25,23],"class_list":["post-2182","post","type-post","status-publish","format-standard","has-post-thumbnail","hentry","category-blog","category-noticias","tag-alimentacion","tag-apoyo","tag-bienestar","tag-comunidad","tag-covid","tag-vacunacion"],"aioseo_notices":[],"aioseo_head":"\n\t\t<!-- All in One SEO 5.0.1.1 - aioseo.com -->\n\t<meta name=\"description\" content=\"15.04.2021 Con La Fuerza de todos, \u00a1salir adelante es m\u00e1s f\u00e1cil! Porque #JuntosPodemos El Batall\u00f3n &quot;Gral. Leandro G\u00f3mez&quot; de Infanter\u00eda Mec. N\u00b0 8 apoy\u00f3 con carpas al Centro Auxiliar de Guich\u00f3n, que fueron utilizadas como salas de espera durante una jornada de vacunaci\u00f3n rural contra el COVID19. Por otra parte, el Grupo &quot;Las Piedras&quot; de\" \/>\n\t<meta name=\"robots\" content=\"max-image-preview:large\" \/>\n\t<meta name=\"author\" content=\"Alejandro Castro\"\/>\n\t<link rel=\"canonical\" href=\"https:\/\/www.ejercito.mil.uy\/index.php\/2021\/04\/16\/la-fuerza-no-se-detiene\/\" \/>\n\t<meta name=\"generator\" content=\"All in One SEO (AIOSEO) 5.0.1.1\" \/>\n\t\t<meta property=\"og:locale\" content=\"es_ES\" \/>\n\t\t<meta property=\"og:site_name\" content=\"Ej\u00e9rcito Nacional - La Fuerza de todos\" \/>\n\t\t<meta property=\"og:type\" content=\"article\" \/>\n\t\t<meta property=\"og:title\" content=\"La Fuerza no se detiene - Ej\u00e9rcito Nacional\" \/>\n\t\t<meta property=\"og:description\" content=\"15.04.2021 Con La Fuerza de todos, \u00a1salir adelante es m\u00e1s f\u00e1cil! Porque #JuntosPodemos El Batall\u00f3n &quot;Gral. Leandro G\u00f3mez&quot; de Infanter\u00eda Mec. N\u00b0 8 apoy\u00f3 con carpas al Centro Auxiliar de Guich\u00f3n, que fueron utilizadas como salas de espera durante una jornada de vacunaci\u00f3n rural contra el COVID19. Por otra parte, el Grupo &quot;Las Piedras&quot; de\" \/>\n\t\t<meta property=\"og:url\" content=\"https:\/\/www.ejercito.mil.uy\/index.php\/2021\/04\/16\/la-fuerza-no-se-detiene\/\" \/>\n\t\t<meta property=\"og:image\" content=\"https:\/\/www.ejercito.mil.uy\/wp-content\/uploads\/2022\/01\/Escudo_EN_URUGUAY.png\" \/>\n\t\t<meta property=\"og:image:secure_url\" content=\"https:\/\/www.ejercito.mil.uy\/wp-content\/uploads\/2022\/01\/Escudo_EN_URUGUAY.png\" \/>\n\t\t<meta property=\"og:image:width\" content=\"134\" \/>\n\t\t<meta property=\"og:image:height\" content=\"119\" \/>\n\t\t<meta property=\"article:published_time\" content=\"2021-04-16T12:33:00+00:00\" \/>\n\t\t<meta property=\"article:modified_time\" content=\"2021-04-20T12:46:01+00:00\" \/>\n\t\t<meta name=\"twitter:card\" content=\"summary_large_image\" \/>\n\t\t<meta name=\"twitter:title\" content=\"La Fuerza no se detiene - Ej\u00e9rcito Nacional\" \/>\n\t\t<meta name=\"twitter:description\" content=\"15.04.2021 Con La Fuerza de todos, \u00a1salir adelante es m\u00e1s f\u00e1cil! Porque #JuntosPodemos El Batall\u00f3n &quot;Gral. Leandro G\u00f3mez&quot; de Infanter\u00eda Mec. N\u00b0 8 apoy\u00f3 con carpas al Centro Auxiliar de Guich\u00f3n, que fueron utilizadas como salas de espera durante una jornada de vacunaci\u00f3n rural contra el COVID19. Por otra parte, el Grupo &quot;Las Piedras&quot; de\" \/>\n\t\t<meta name=\"twitter:image\" content=\"https:\/\/www.ejercito.mil.uy\/wp-content\/uploads\/2022\/01\/Escudo_EN_URUGUAY.png\" \/>\n\t\t<script type=\"application\/ld+json\" class=\"aioseo-schema\">\n\t\t\t{\"@context\":\"https:\\\/\\\/schema.org\",\"@graph\":[{\"@type\":\"BlogPosting\",\"@id\":\"https:\\\/\\\/www.ejercito.mil.uy\\\/index.php\\\/2021\\\/04\\\/16\\\/la-fuerza-no-se-detiene\\\/#blogposting\",\"name\":\"La Fuerza no se detiene - Ej\\u00e9rcito Nacional\",\"headline\":\"La Fuerza no se detiene\",\"author\":{\"@id\":\"https:\\\/\\\/www.ejercito.mil.uy\\\/index.php\\\/author\\\/acastro\\\/#author\"},\"publisher\":{\"@id\":\"https:\\\/\\\/www.ejercito.mil.uy\\\/#organization\"},\"image\":{\"@type\":\"ImageObject\",\"url\":\"https:\\\/\\\/www.ejercito.mil.uy\\\/wp-content\\\/uploads\\\/2021\\\/04\\\/Apoyos-1.jpg\",\"width\":1200,\"height\":800},\"datePublished\":\"2021-04-16T09:33:00-03:00\",\"dateModified\":\"2021-04-20T09:46:01-03:00\",\"inLanguage\":\"es-UY\",\"mainEntityOfPage\":{\"@id\":\"https:\\\/\\\/www.ejercito.mil.uy\\\/index.php\\\/2021\\\/04\\\/16\\\/la-fuerza-no-se-detiene\\\/#webpage\"},\"isPartOf\":{\"@id\":\"https:\\\/\\\/www.ejercito.mil.uy\\\/index.php\\\/2021\\\/04\\\/16\\\/la-fuerza-no-se-detiene\\\/#webpage\"},\"articleSection\":\"Blog, Noticias, alimentaci\\u00f3n, apoyo, bienestar, comunidad, covid, vacunacion\"},{\"@type\":\"BreadcrumbList\",\"@id\":\"https:\\\/\\\/www.ejercito.mil.uy\\\/index.php\\\/2021\\\/04\\\/16\\\/la-fuerza-no-se-detiene\\\/#breadcrumblist\",\"itemListElement\":[{\"@type\":\"ListItem\",\"@id\":\"https:\\\/\\\/www.ejercito.mil.uy#listItem\",\"position\":1,\"name\":\"Home\",\"item\":\"https:\\\/\\\/www.ejercito.mil.uy\",\"nextItem\":{\"@type\":\"ListItem\",\"@id\":\"https:\\\/\\\/www.ejercito.mil.uy\\\/index.php\\\/category\\\/destacados\\\/#listItem\",\"name\":\"Destacados\"}},{\"@type\":\"ListItem\",\"@id\":\"https:\\\/\\\/www.ejercito.mil.uy\\\/index.php\\\/category\\\/destacados\\\/#listItem\",\"position\":2,\"name\":\"Destacados\",\"item\":\"https:\\\/\\\/www.ejercito.mil.uy\\\/index.php\\\/category\\\/destacados\\\/\",\"nextItem\":{\"@type\":\"ListItem\",\"@id\":\"https:\\\/\\\/www.ejercito.mil.uy\\\/index.php\\\/category\\\/destacados\\\/noticias\\\/#listItem\",\"name\":\"Noticias\"},\"previousItem\":{\"@type\":\"ListItem\",\"@id\":\"https:\\\/\\\/www.ejercito.mil.uy#listItem\",\"name\":\"Home\"}},{\"@type\":\"ListItem\",\"@id\":\"https:\\\/\\\/www.ejercito.mil.uy\\\/index.php\\\/category\\\/destacados\\\/noticias\\\/#listItem\",\"position\":3,\"name\":\"Noticias\",\"item\":\"https:\\\/\\\/www.ejercito.mil.uy\\\/index.php\\\/category\\\/destacados\\\/noticias\\\/\",\"nextItem\":{\"@type\":\"ListItem\",\"@id\":\"https:\\\/\\\/www.ejercito.mil.uy\\\/index.php\\\/2021\\\/04\\\/16\\\/la-fuerza-no-se-detiene\\\/#listItem\",\"name\":\"La Fuerza no se detiene\"},\"previousItem\":{\"@type\":\"ListItem\",\"@id\":\"https:\\\/\\\/www.ejercito.mil.uy\\\/index.php\\\/category\\\/destacados\\\/#listItem\",\"name\":\"Destacados\"}},{\"@type\":\"ListItem\",\"@id\":\"https:\\\/\\\/www.ejercito.mil.uy\\\/index.php\\\/2021\\\/04\\\/16\\\/la-fuerza-no-se-detiene\\\/#listItem\",\"position\":4,\"name\":\"La Fuerza no se detiene\",\"previousItem\":{\"@type\":\"ListItem\",\"@id\":\"https:\\\/\\\/www.ejercito.mil.uy\\\/index.php\\\/category\\\/destacados\\\/noticias\\\/#listItem\",\"name\":\"Noticias\"}}]},{\"@type\":\"Organization\",\"@id\":\"https:\\\/\\\/www.ejercito.mil.uy\\\/#organization\",\"name\":\"Ej\\u00e9rcito Nacional\",\"description\":\"La Fuerza de todos\",\"url\":\"https:\\\/\\\/www.ejercito.mil.uy\\\/\",\"logo\":{\"@type\":\"ImageObject\",\"url\":\"https:\\\/\\\/www.ejercito.mil.uy\\\/wp-content\\\/uploads\\\/2022\\\/01\\\/Escudo_EN_URUGUAY.png\",\"@id\":\"https:\\\/\\\/www.ejercito.mil.uy\\\/index.php\\\/2021\\\/04\\\/16\\\/la-fuerza-no-se-detiene\\\/#organizationLogo\",\"width\":134,\"height\":119},\"image\":{\"@id\":\"https:\\\/\\\/www.ejercito.mil.uy\\\/index.php\\\/2021\\\/04\\\/16\\\/la-fuerza-no-se-detiene\\\/#organizationLogo\"}},{\"@type\":\"Person\",\"@id\":\"https:\\\/\\\/www.ejercito.mil.uy\\\/index.php\\\/author\\\/acastro\\\/#author\",\"url\":\"https:\\\/\\\/www.ejercito.mil.uy\\\/index.php\\\/author\\\/acastro\\\/\",\"name\":\"Alejandro Castro\",\"image\":{\"@type\":\"ImageObject\",\"@id\":\"https:\\\/\\\/www.ejercito.mil.uy\\\/index.php\\\/2021\\\/04\\\/16\\\/la-fuerza-no-se-detiene\\\/#authorImage\",\"url\":\"https:\\\/\\\/secure.gravatar.com\\\/avatar\\\/89bb77d4bf696501dd94ca89e6794e1787eaffba7c7197528d249e15bd099f68?s=96&d=mm&r=g\",\"width\":96,\"height\":96,\"caption\":\"Alejandro Castro\"}},{\"@type\":\"WebPage\",\"@id\":\"https:\\\/\\\/www.ejercito.mil.uy\\\/index.php\\\/2021\\\/04\\\/16\\\/la-fuerza-no-se-detiene\\\/#webpage\",\"url\":\"https:\\\/\\\/www.ejercito.mil.uy\\\/index.php\\\/2021\\\/04\\\/16\\\/la-fuerza-no-se-detiene\\\/\",\"name\":\"La Fuerza no se detiene - Ej\\u00e9rcito Nacional\",\"description\":\"15.04.2021 Con La Fuerza de todos, \\u00a1salir adelante es m\\u00e1s f\\u00e1cil! Porque #JuntosPodemos El Batall\\u00f3n \\\"Gral. Leandro G\\u00f3mez\\\" de Infanter\\u00eda Mec. N\\u00b0 8 apoy\\u00f3 con carpas al Centro Auxiliar de Guich\\u00f3n, que fueron utilizadas como salas de espera durante una jornada de vacunaci\\u00f3n rural contra el COVID19. Por otra parte, el Grupo \\\"Las Piedras\\\" de\",\"inLanguage\":\"es-UY\",\"isPartOf\":{\"@id\":\"https:\\\/\\\/www.ejercito.mil.uy\\\/#website\"},\"breadcrumb\":{\"@id\":\"https:\\\/\\\/www.ejercito.mil.uy\\\/index.php\\\/2021\\\/04\\\/16\\\/la-fuerza-no-se-detiene\\\/#breadcrumblist\"},\"author\":{\"@id\":\"https:\\\/\\\/www.ejercito.mil.uy\\\/index.php\\\/author\\\/acastro\\\/#author\"},\"creator\":{\"@id\":\"https:\\\/\\\/www.ejercito.mil.uy\\\/index.php\\\/author\\\/acastro\\\/#author\"},\"image\":{\"@type\":\"ImageObject\",\"url\":\"https:\\\/\\\/www.ejercito.mil.uy\\\/wp-content\\\/uploads\\\/2021\\\/04\\\/Apoyos-1.jpg\",\"@id\":\"https:\\\/\\\/www.ejercito.mil.uy\\\/index.php\\\/2021\\\/04\\\/16\\\/la-fuerza-no-se-detiene\\\/#mainImage\",\"width\":1200,\"height\":800},\"primaryImageOfPage\":{\"@id\":\"https:\\\/\\\/www.ejercito.mil.uy\\\/index.php\\\/2021\\\/04\\\/16\\\/la-fuerza-no-se-detiene\\\/#mainImage\"},\"datePublished\":\"2021-04-16T09:33:00-03:00\",\"dateModified\":\"2021-04-20T09:46:01-03:00\"},{\"@type\":\"WebSite\",\"@id\":\"https:\\\/\\\/www.ejercito.mil.uy\\\/#website\",\"url\":\"https:\\\/\\\/www.ejercito.mil.uy\\\/\",\"name\":\"Ej\\u00e9rcito Nacional\",\"description\":\"La Fuerza de todos\",\"inLanguage\":\"es-UY\",\"publisher\":{\"@id\":\"https:\\\/\\\/www.ejercito.mil.uy\\\/#organization\"}}]}\n\t\t<\/script>\n\t\t<!-- All in One SEO -->\n\n","aioseo_head_json":{"title":"La Fuerza no se detiene - Ej\u00e9rcito Nacional","description":"15.04.2021 Con La Fuerza de todos, \u00a1salir adelante es m\u00e1s f\u00e1cil! Porque #JuntosPodemos El Batall\u00f3n \"Gral. Leandro G\u00f3mez\" de Infanter\u00eda Mec. N\u00b0 8 apoy\u00f3 con carpas al Centro Auxiliar de Guich\u00f3n, que fueron utilizadas como salas de espera durante una jornada de vacunaci\u00f3n rural contra el COVID19. Por otra parte, el Grupo \"Las Piedras\" de","canonical_url":"https:\/\/www.ejercito.mil.uy\/index.php\/2021\/04\/16\/la-fuerza-no-se-detiene\/","robots":"max-image-preview:large","keywords":"","webmasterTools":{"miscellaneous":""},"schema":{"@context":"https:\/\/schema.org","@graph":[{"@type":"BlogPosting","@id":"https:\/\/www.ejercito.mil.uy\/index.php\/2021\/04\/16\/la-fuerza-no-se-detiene\/#blogposting","name":"La Fuerza no se detiene - Ej\u00e9rcito Nacional","headline":"La Fuerza no se detiene","author":{"@id":"https:\/\/www.ejercito.mil.uy\/index.php\/author\/acastro\/#author"},"publisher":{"@id":"https:\/\/www.ejercito.mil.uy\/#organization"},"image":{"@type":"ImageObject","url":"https:\/\/www.ejercito.mil.uy\/wp-content\/uploads\/2021\/04\/Apoyos-1.jpg","width":1200,"height":800},"datePublished":"2021-04-16T09:33:00-03:00","dateModified":"2021-04-20T09:46:01-03:00","inLanguage":"es-UY","mainEntityOfPage":{"@id":"https:\/\/www.ejercito.mil.uy\/index.php\/2021\/04\/16\/la-fuerza-no-se-detiene\/#webpage"},"isPartOf":{"@id":"https:\/\/www.ejercito.mil.uy\/index.php\/2021\/04\/16\/la-fuerza-no-se-detiene\/#webpage"},"articleSection":"Blog, Noticias, alimentaci\u00f3n, apoyo, bienestar, comunidad, covid, vacunacion"},{"@type":"BreadcrumbList","@id":"https:\/\/www.ejercito.mil.uy\/index.php\/2021\/04\/16\/la-fuerza-no-se-detiene\/#breadcrumblist","itemListElement":[{"@type":"ListItem","@id":"https:\/\/www.ejercito.mil.uy#listItem","position":1,"name":"Home","item":"https:\/\/www.ejercito.mil.uy","nextItem":{"@type":"ListItem","@id":"https:\/\/www.ejercito.mil.uy\/index.php\/category\/destacados\/#listItem","name":"Destacados"}},{"@type":"ListItem","@id":"https:\/\/www.ejercito.mil.uy\/index.php\/category\/destacados\/#listItem","position":2,"name":"Destacados","item":"https:\/\/www.ejercito.mil.uy\/index.php\/category\/destacados\/","nextItem":{"@type":"ListItem","@id":"https:\/\/www.ejercito.mil.uy\/index.php\/category\/destacados\/noticias\/#listItem","name":"Noticias"},"previousItem":{"@type":"ListItem","@id":"https:\/\/www.ejercito.mil.uy#listItem","name":"Home"}},{"@type":"ListItem","@id":"https:\/\/www.ejercito.mil.uy\/index.php\/category\/destacados\/noticias\/#listItem","position":3,"name":"Noticias","item":"https:\/\/www.ejercito.mil.uy\/index.php\/category\/destacados\/noticias\/","nextItem":{"@type":"ListItem","@id":"https:\/\/www.ejercito.mil.uy\/index.php\/2021\/04\/16\/la-fuerza-no-se-detiene\/#listItem","name":"La Fuerza no se detiene"},"previousItem":{"@type":"ListItem","@id":"https:\/\/www.ejercito.mil.uy\/index.php\/category\/destacados\/#listItem","name":"Destacados"}},{"@type":"ListItem","@id":"https:\/\/www.ejercito.mil.uy\/index.php\/2021\/04\/16\/la-fuerza-no-se-detiene\/#listItem","position":4,"name":"La Fuerza no se detiene","previousItem":{"@type":"ListItem","@id":"https:\/\/www.ejercito.mil.uy\/index.php\/category\/destacados\/noticias\/#listItem","name":"Noticias"}}]},{"@type":"Organization","@id":"https:\/\/www.ejercito.mil.uy\/#organization","name":"Ej\u00e9rcito Nacional","description":"La Fuerza de todos","url":"https:\/\/www.ejercito.mil.uy\/","logo":{"@type":"ImageObject","url":"https:\/\/www.ejercito.mil.uy\/wp-content\/uploads\/2022\/01\/Escudo_EN_URUGUAY.png","@id":"https:\/\/www.ejercito.mil.uy\/index.php\/2021\/04\/16\/la-fuerza-no-se-detiene\/#organizationLogo","width":134,"height":119},"image":{"@id":"https:\/\/www.ejercito.mil.uy\/index.php\/2021\/04\/16\/la-fuerza-no-se-detiene\/#organizationLogo"}},{"@type":"Person","@id":"https:\/\/www.ejercito.mil.uy\/index.php\/author\/acastro\/#author","url":"https:\/\/www.ejercito.mil.uy\/index.php\/author\/acastro\/","name":"Alejandro Castro","image":{"@type":"ImageObject","@id":"https:\/\/www.ejercito.mil.uy\/index.php\/2021\/04\/16\/la-fuerza-no-se-detiene\/#authorImage","url":"https:\/\/secure.gravatar.com\/avatar\/89bb77d4bf696501dd94ca89e6794e1787eaffba7c7197528d249e15bd099f68?s=96&d=mm&r=g","width":96,"height":96,"caption":"Alejandro Castro"}},{"@type":"WebPage","@id":"https:\/\/www.ejercito.mil.uy\/index.php\/2021\/04\/16\/la-fuerza-no-se-detiene\/#webpage","url":"https:\/\/www.ejercito.mil.uy\/index.php\/2021\/04\/16\/la-fuerza-no-se-detiene\/","name":"La Fuerza no se detiene - Ej\u00e9rcito Nacional","description":"15.04.2021 Con La Fuerza de todos, \u00a1salir adelante es m\u00e1s f\u00e1cil! Porque #JuntosPodemos El Batall\u00f3n \"Gral. Leandro G\u00f3mez\" de Infanter\u00eda Mec. N\u00b0 8 apoy\u00f3 con carpas al Centro Auxiliar de Guich\u00f3n, que fueron utilizadas como salas de espera durante una jornada de vacunaci\u00f3n rural contra el COVID19. Por otra parte, el Grupo \"Las Piedras\" de","inLanguage":"es-UY","isPartOf":{"@id":"https:\/\/www.ejercito.mil.uy\/#website"},"breadcrumb":{"@id":"https:\/\/www.ejercito.mil.uy\/index.php\/2021\/04\/16\/la-fuerza-no-se-detiene\/#breadcrumblist"},"author":{"@id":"https:\/\/www.ejercito.mil.uy\/index.php\/author\/acastro\/#author"},"creator":{"@id":"https:\/\/www.ejercito.mil.uy\/index.php\/author\/acastro\/#author"},"image":{"@type":"ImageObject","url":"https:\/\/www.ejercito.mil.uy\/wp-content\/uploads\/2021\/04\/Apoyos-1.jpg","@id":"https:\/\/www.ejercito.mil.uy\/index.php\/2021\/04\/16\/la-fuerza-no-se-detiene\/#mainImage","width":1200,"height":800},"primaryImageOfPage":{"@id":"https:\/\/www.ejercito.mil.uy\/index.php\/2021\/04\/16\/la-fuerza-no-se-detiene\/#mainImage"},"datePublished":"2021-04-16T09:33:00-03:00","dateModified":"2021-04-20T09:46:01-03:00"},{"@type":"WebSite","@id":"https:\/\/www.ejercito.mil.uy\/#website","url":"https:\/\/www.ejercito.mil.uy\/","name":"Ej\u00e9rcito Nacional","description":"La Fuerza de todos","inLanguage":"es-UY","publisher":{"@id":"https:\/\/www.ejercito.mil.uy\/#organization"}}]},"og:locale":"es_ES","og:site_name":"Ej\u00e9rcito Nacional - La Fuerza de todos","og:type":"article","og:title":"La Fuerza no se detiene - Ej\u00e9rcito Nacional","og:description":"15.04.2021 Con La Fuerza de todos, \u00a1salir adelante es m\u00e1s f\u00e1cil! Porque #JuntosPodemos El Batall\u00f3n &quot;Gral. Leandro G\u00f3mez&quot; de Infanter\u00eda Mec. N\u00b0 8 apoy\u00f3 con carpas al Centro Auxiliar de Guich\u00f3n, que fueron utilizadas como salas de espera durante una jornada de vacunaci\u00f3n rural contra el COVID19. Por otra parte, el Grupo &quot;Las Piedras&quot; de","og:url":"https:\/\/www.ejercito.mil.uy\/index.php\/2021\/04\/16\/la-fuerza-no-se-detiene\/","og:image":"https:\/\/www.ejercito.mil.uy\/wp-content\/uploads\/2022\/01\/Escudo_EN_URUGUAY.png","og:image:secure_url":"https:\/\/www.ejercito.mil.uy\/wp-content\/uploads\/2022\/01\/Escudo_EN_URUGUAY.png","og:image:width":134,"og:image:height":119,"article:published_time":"2021-04-16T12:33:00+00:00","article:modified_time":"2021-04-20T12:46:01+00:00","twitter:card":"summary_large_image","twitter:title":"La Fuerza no se detiene - Ej\u00e9rcito Nacional","twitter:description":"15.04.2021 Con La Fuerza de todos, \u00a1salir adelante es m\u00e1s f\u00e1cil! Porque #JuntosPodemos El Batall\u00f3n &quot;Gral. Leandro G\u00f3mez&quot; de Infanter\u00eda Mec. N\u00b0 8 apoy\u00f3 con carpas al Centro Auxiliar de Guich\u00f3n, que fueron utilizadas como salas de espera durante una jornada de vacunaci\u00f3n rural contra el COVID19. Por otra parte, el Grupo &quot;Las Piedras&quot; de","twitter:image":"https:\/\/www.ejercito.mil.uy\/wp-content\/uploads\/2022\/01\/Escudo_EN_URUGUAY.png"},"aioseo_meta_data":{"post_id":"2182","title":null,"description":null,"keywords":null,"keyphrases":null,"primary_term":null,"canonical_url":null,"og_title":null,"og_description":null,"og_object_type":"default","og_image_type":"default","og_image_url":null,"og_image_width":null,"og_image_height":null,"og_image_custom_url":null,"og_image_custom_fields":null,"og_video":null,"og_custom_url":null,"og_article_section":null,"og_article_tags":null,"twitter_use_og":false,"twitter_card":"default","twitter_image_type":"default","twitter_image_url":null,"twitter_image_custom_url":null,"twitter_image_custom_fields":null,"twitter_title":null,"twitter_description":null,"schema":{"blockGraphs":[],"customGraphs":[],"default":{"data":{"Article":[],"Course":[],"Dataset":[],"FAQPage":[],"Movie":[],"Person":[],"Product":[],"ProductReview":[],"Car":[],"Recipe":[],"Service":[],"SoftwareApplication":[],"WebPage":[]},"graphName":"","isEnabled":true},"graphs":[]},"schema_type":"default","schema_type_options":null,"pillar_content":false,"robots_default":true,"robots_noindex":false,"robots_noarchive":false,"robots_nosnippet":false,"robots_nofollow":false,"robots_noimageindex":false,"robots_noodp":false,"robots_notranslate":false,"robots_max_snippet":null,"robots_max_videopreview":null,"robots_max_imagepreview":"large","priority":null,"frequency":null,"local_seo":null,"breadcrumb_settings":null,"limit_modified_date":false,"ai":null,"created":"2025-08-30 01:46:28","updated":"2025-08-30 01:46:28","seo_analyzer_scan_date":null,"focus_keyword":null,"additional_keywords":null,"truseo_locale":null},"aioseo_breadcrumb":"<div class=\"aioseo-breadcrumbs\"><span class=\"aioseo-breadcrumb\">\n\t\t\t<a href=\"https:\/\/www.ejercito.mil.uy\" title=\"Home\">Home<\/a>\n\t\t<\/span><span class=\"aioseo-breadcrumb-separator\">&raquo;<\/span><span class=\"aioseo-breadcrumb\">\n\t\t\t<a href=\"https:\/\/www.ejercito.mil.uy\/index.php\/category\/destacados\/\" title=\"Destacados\">Destacados<\/a>\n\t\t<\/span><span class=\"aioseo-breadcrumb-separator\">&raquo;<\/span><span class=\"aioseo-breadcrumb\">\n\t\t\t<a href=\"https:\/\/www.ejercito.mil.uy\/index.php\/category\/destacados\/noticias\/\" title=\"Noticias\">Noticias<\/a>\n\t\t<\/span><span class=\"aioseo-breadcrumb-separator\">&raquo;<\/span><span class=\"aioseo-breadcrumb\">\n\t\t\tLa Fuerza no se detiene\n\t\t<\/span><\/div>","aioseo_breadcrumb_json":[{"label":"Home","link":"https:\/\/www.ejercito.mil.uy"},{"label":"Destacados","link":"https:\/\/www.ejercito.mil.uy\/index.php\/category\/destacados\/"},{"label":"Noticias","link":"https:\/\/www.ejercito.mil.uy\/index.php\/category\/destacados\/noticias\/"},{"label":"La Fuerza no se detiene","link":"https:\/\/www.ejercito.mil.uy\/index.php\/2021\/04\/16\/la-fuerza-no-se-detiene\/"}],"_links":{"self":[{"href":"https:\/\/www.ejercito.mil.uy\/index.php\/wp-json\/wp\/v2\/posts\/2182","targetHints":{"allow":["GET"]}}],"collection":[{"href":"https:\/\/www.ejercito.mil.uy\/index.php\/wp-json\/wp\/v2\/posts"}],"about":[{"href":"https:\/\/www.ejercito.mil.uy\/index.php\/wp-json\/wp\/v2\/types\/post"}],"author":[{"embeddable":true,"href":"https:\/\/www.ejercito.mil.uy\/index.php\/wp-json\/wp\/v2\/users\/4"}],"replies":[{"embeddable":true,"href":"https:\/\/www.ejercito.mil.uy\/index.php\/wp-json\/wp\/v2\/comments?post=2182"}],"version-history":[{"count":2,"href":"https:\/\/www.ejercito.mil.uy\/index.php\/wp-json\/wp\/v2\/posts\/2182\/revisions"}],"predecessor-version":[{"id":2227,"href":"https:\/\/www.ejercito.mil.uy\/index.php\/wp-json\/wp\/v2\/posts\/2182\/revisions\/2227"}],"wp:featuredmedia":[{"embeddable":true,"href":"https:\/\/www.ejercito.mil.uy\/index.php\/wp-json\/wp\/v2\/media\/2191"}],"wp:attachment":[{"href":"https:\/\/www.ejercito.mil.uy\/index.php\/wp-json\/wp\/v2\/media?parent=2182"}],"wp:term":[{"taxonomy":"category","embeddable":true,"href":"https:\/\/www.ejercito.mil.uy\/index.php\/wp-json\/wp\/v2\/categories?post=2182"},{"taxonomy":"post_tag","embeddable":true,"href":"https:\/\/www.ejercito.mil.uy\/index.php\/wp-json\/wp\/v2\/tags?post=2182"}],"curies":[{"name":"wp","href":"https:\/\/api.w.org\/{rel}","templated":true}]}}