{"id":22022,"date":"2023-05-30T09:46:56","date_gmt":"2023-05-30T12:46:56","guid":{"rendered":"https:\/\/www.ejercito.mil.uy\/?p=22022"},"modified":"2023-05-31T10:17:52","modified_gmt":"2023-05-31T13:17:52","slug":"campana-de-armamento-de-tiro-colectivo-e-individual-marcha-a-pie-y-empleo-de-granadas-de-mano","status":"publish","type":"post","link":"https:\/\/www.ejercito.mil.uy\/index.php\/2023\/05\/30\/campana-de-armamento-de-tiro-colectivo-e-individual-marcha-a-pie-y-empleo-de-granadas-de-mano\/","title":{"rendered":"Campa\u00f1a de armamento de tiro colectivo e individual, marcha a pie y empleo de granadas de mano"},"content":{"rendered":"\n<p style=\"font-size:14px\">30.05.2023 &#8211; Campo Militar N\u00ba 6 \u00abAbra de Castellanos\u00bb (Lavalleja)<\/p>\n\n\n\n<div style=\"height:31px\" aria-hidden=\"true\" class=\"wp-block-spacer\"><\/div>\n\n\n\n<p class=\"has-white-color has-vivid-red-background-color has-text-color has-background has-medium-font-size\"><strong>Entre el 22 y 24 de mayo, el Grupo de Artiller\u00eda de Defensa Antia\u00e9rea N\u00b0 1 realiz\u00f3 una \ud835\udc1c\ud835\udc1a\ud835\udc26\ud835\udc29\ud835\udc1a\ud835\udc27\u0303\ud835\udc1a \ud835\udc1d\ud835\udc1e \ud835\udc1a\ud835\udc2b\ud835\udc26\ud835\udc1a\ud835\udc26\ud835\udc1e\ud835\udc27\ud835\udc2d\ud835\udc28 \ud835\udc1d\ud835\udc1e \ud835\udc2d\ud835\udc22\ud835\udc2b\ud835\udc28 \ud835\udc1c\ud835\udc28\ud835\udc25\ud835\udc1e\ud835\udc1c\ud835\udc2d\ud835\udc22\ud835\udc2f\ud835\udc28 \ud835\udc1e \ud835\udc22\ud835\udc27\ud835\udc1d\ud835\udc22\ud835\udc2f\ud835\udc22\ud835\udc1d\ud835\udc2e\ud835\udc1a\ud835\udc25, \ud835\udc26\ud835\udc1a\ud835\udc2b\ud835\udc1c\ud835\udc21\ud835\udc1a \ud835\udc1a \ud835\udc29\ud835\udc22\ud835\udc1e \ud835\udc32 \ud835\udc1e\ud835\udc26\ud835\udc29\ud835\udc25\ud835\udc1e\ud835\udc28 \ud835\udc1d\ud835\udc1e \ud835\udc20\ud835\udc2b\ud835\udc1a\ud835\udc27\ud835\udc1a\ud835\udc1d\ud835\udc1a\ud835\udc2c \ud835\udc1d\ud835\udc1e \ud835\udc26\ud835\udc1a\ud835\udc27\ud835\udc28, en el Campo Militar N\u00b0 6 \u00abAbra de Castellanos\u00bb (Lavalleja).<\/strong><\/p>\n\n\n\n<div style=\"height:50px\" aria-hidden=\"true\" class=\"wp-block-spacer\"><\/div>\n\n\n\n<p>La actividad est\u00e1 enmarcada en el Plan Anual de Instrucci\u00f3n y Entrenamiento de la Secci\u00f3n de Fuerza de Respuesta Inmediata de la Unidad.<\/p>\n\n\n\n<div style=\"height:50px\" aria-hidden=\"true\" class=\"wp-block-spacer\"><\/div>\n\n\n\n<p> Los efectivos hicieron tiro con las siguientes ametralladoras:<\/p>\n\n\n\n<p>&#8211; Browning.50<\/p>\n\n\n\n<p>&#8211; MAG<\/p>\n\n\n\n<p>&#8211; MG3 A1<\/p>\n\n\n\n<p>&#8211; FAP 7 &#8211; 62&#215;51<\/p>\n\n\n\n<p>&#8211; Steyr AUG 5 &#8211; 56&#215;45<\/p>\n\n\n\n<div style=\"height:50px\" aria-hidden=\"true\" class=\"wp-block-spacer\"><\/div>\n\n\n\n<p> Granada de mano:<\/p>\n\n\n\n<p>&#8211; granadas de humo GL-302<\/p>\n\n\n\n<p>&#8211; granadas HE 40&#215;46<\/p>\n\n\n\n<div style=\"height:50px\" aria-hidden=\"true\" class=\"wp-block-spacer\"><\/div>\n\n\n\n<p> Marcha administrativa a pie de 8 km<\/p>\n\n\n\n<div style=\"height:50px\" aria-hidden=\"true\" class=\"wp-block-spacer\"><\/div>\n\n\n\n<div aria-label=\"Carousel Gallery\" class=\"wp-block-coblocks-gallery-carousel alignfull\"><div class=\"coblocks-gallery-carousel-swiper-container is-cropped coblocks-gallery has-caption-style-dark has-horizontal-gutter has-no-thumbnails\"><div class=\"has-carousel has-carousel-lrg swiper-container\" data-swiper=\"{&quot;alignCells&quot;:false,&quot;autoPlay&quot;:true,&quot;autoPlaySpeed&quot;:3000,&quot;draggable&quot;:false,&quot;freeScroll&quot;:false,&quot;loop&quot;:false,&quot;navigation&quot;:true,&quot;pageDots&quot;:false,&quot;pauseHover&quot;:false,&quot;responsiveHeight&quot;:false,&quot;slidesPerView&quot;:2,&quot;thumbnails&quot;:false,&quot;uuid&quot;:&quot;12345&quot;}\" id=\"12345\" style=\"height:400px\"><div class=\"swiper-wrapper\"><div class=\"swiper-slide\"><div class=\"coblocks-gallery--item\" role=\"button\" tabindex=\"0\"><figure class=\"coblocks-gallery--figure has-margin-left-5 has-margin-left-mobile-5 has-margin-right-5 has-margin-right-mobile-5\"><img fetchpriority=\"high\" decoding=\"async\" width=\"1024\" height=\"683\" alt=\"\" class=\"wp-image-22024\" data-id=\"22024\" data-link=\"https:\/\/www.ejercito.mil.uy\/?attachment_id=22024\" src=\"https:\/\/www.ejercito.mil.uy\/wp-content\/uploads\/2023\/05\/350137675_3487804528142670_6029824492196941185_n-1024x683.jpg\" srcset=\"https:\/\/www.ejercito.mil.uy\/wp-content\/uploads\/2023\/05\/350137675_3487804528142670_6029824492196941185_n-1024x683.jpg 1024w, https:\/\/www.ejercito.mil.uy\/wp-content\/uploads\/2023\/05\/350137675_3487804528142670_6029824492196941185_n-300x200.jpg 300w, https:\/\/www.ejercito.mil.uy\/wp-content\/uploads\/2023\/05\/350137675_3487804528142670_6029824492196941185_n.jpg 1200w\" sizes=\"(max-width: 1024px) 100vw, 1024px\" \/><\/figure><figcaption class=\"coblocks-gallery--caption coblocks-gallery--primary-caption\"><\/figcaption><\/div><\/div><div class=\"swiper-slide\"><div class=\"coblocks-gallery--item\" role=\"button\" tabindex=\"1\"><figure class=\"coblocks-gallery--figure has-margin-left-5 has-margin-left-mobile-5 has-margin-right-5 has-margin-right-mobile-5\"><img decoding=\"async\" width=\"1024\" height=\"683\" alt=\"\" class=\"wp-image-22030\" data-id=\"22030\" data-link=\"https:\/\/www.ejercito.mil.uy\/?attachment_id=22030\" src=\"https:\/\/www.ejercito.mil.uy\/wp-content\/uploads\/2023\/05\/350327891_710136324248239_1420245069097119464_n-1024x683.jpg\" srcset=\"https:\/\/www.ejercito.mil.uy\/wp-content\/uploads\/2023\/05\/350327891_710136324248239_1420245069097119464_n-1024x683.jpg 1024w, https:\/\/www.ejercito.mil.uy\/wp-content\/uploads\/2023\/05\/350327891_710136324248239_1420245069097119464_n-300x200.jpg 300w, https:\/\/www.ejercito.mil.uy\/wp-content\/uploads\/2023\/05\/350327891_710136324248239_1420245069097119464_n.jpg 1200w\" sizes=\"(max-width: 1024px) 100vw, 1024px\" \/><\/figure><figcaption class=\"coblocks-gallery--caption coblocks-gallery--primary-caption\"><\/figcaption><\/div><\/div><div class=\"swiper-slide\"><div class=\"coblocks-gallery--item\" role=\"button\" tabindex=\"2\"><figure class=\"coblocks-gallery--figure has-margin-left-5 has-margin-left-mobile-5 has-margin-right-5 has-margin-right-mobile-5\"><img decoding=\"async\" width=\"1024\" height=\"683\" alt=\"\" class=\"wp-image-22029\" data-id=\"22029\" data-link=\"https:\/\/www.ejercito.mil.uy\/?attachment_id=22029\" src=\"https:\/\/www.ejercito.mil.uy\/wp-content\/uploads\/2023\/05\/350124773_553713346953514_5782675495015421820_n-1024x683.jpg\" srcset=\"https:\/\/www.ejercito.mil.uy\/wp-content\/uploads\/2023\/05\/350124773_553713346953514_5782675495015421820_n-1024x683.jpg 1024w, https:\/\/www.ejercito.mil.uy\/wp-content\/uploads\/2023\/05\/350124773_553713346953514_5782675495015421820_n-300x200.jpg 300w, https:\/\/www.ejercito.mil.uy\/wp-content\/uploads\/2023\/05\/350124773_553713346953514_5782675495015421820_n.jpg 1200w\" sizes=\"(max-width: 1024px) 100vw, 1024px\" \/><\/figure><figcaption class=\"coblocks-gallery--caption coblocks-gallery--primary-caption\"><\/figcaption><\/div><\/div><div class=\"swiper-slide\"><div class=\"coblocks-gallery--item\" role=\"button\" tabindex=\"3\"><figure class=\"coblocks-gallery--figure has-margin-left-5 has-margin-left-mobile-5 has-margin-right-5 has-margin-right-mobile-5\"><img loading=\"lazy\" decoding=\"async\" width=\"1024\" height=\"683\" alt=\"\" class=\"wp-image-22028\" data-id=\"22028\" data-link=\"https:\/\/www.ejercito.mil.uy\/?attachment_id=22028\" src=\"https:\/\/www.ejercito.mil.uy\/wp-content\/uploads\/2023\/05\/350116720_1689381734843950_3480775493660016340_n-1024x683.jpg\" srcset=\"https:\/\/www.ejercito.mil.uy\/wp-content\/uploads\/2023\/05\/350116720_1689381734843950_3480775493660016340_n-1024x683.jpg 1024w, https:\/\/www.ejercito.mil.uy\/wp-content\/uploads\/2023\/05\/350116720_1689381734843950_3480775493660016340_n-300x200.jpg 300w, https:\/\/www.ejercito.mil.uy\/wp-content\/uploads\/2023\/05\/350116720_1689381734843950_3480775493660016340_n.jpg 1200w\" sizes=\"(max-width: 1024px) 100vw, 1024px\" \/><\/figure><figcaption class=\"coblocks-gallery--caption coblocks-gallery--primary-caption\"><\/figcaption><\/div><\/div><div class=\"swiper-slide\"><div class=\"coblocks-gallery--item\" role=\"button\" tabindex=\"4\"><figure class=\"coblocks-gallery--figure has-margin-left-5 has-margin-left-mobile-5 has-margin-right-5 has-margin-right-mobile-5\"><img loading=\"lazy\" decoding=\"async\" width=\"1024\" height=\"683\" alt=\"\" class=\"wp-image-22027\" data-id=\"22027\" data-link=\"https:\/\/www.ejercito.mil.uy\/?attachment_id=22027\" src=\"https:\/\/www.ejercito.mil.uy\/wp-content\/uploads\/2023\/05\/350124773_787625332968424_6077806225012454285_n-1024x683.jpg\" srcset=\"https:\/\/www.ejercito.mil.uy\/wp-content\/uploads\/2023\/05\/350124773_787625332968424_6077806225012454285_n-1024x683.jpg 1024w, https:\/\/www.ejercito.mil.uy\/wp-content\/uploads\/2023\/05\/350124773_787625332968424_6077806225012454285_n-300x200.jpg 300w, https:\/\/www.ejercito.mil.uy\/wp-content\/uploads\/2023\/05\/350124773_787625332968424_6077806225012454285_n.jpg 1200w\" sizes=\"(max-width: 1024px) 100vw, 1024px\" \/><\/figure><figcaption class=\"coblocks-gallery--caption coblocks-gallery--primary-caption\"><\/figcaption><\/div><\/div><div class=\"swiper-slide\"><div class=\"coblocks-gallery--item\" role=\"button\" tabindex=\"5\"><figure class=\"coblocks-gallery--figure has-margin-left-5 has-margin-left-mobile-5 has-margin-right-5 has-margin-right-mobile-5\"><img loading=\"lazy\" decoding=\"async\" width=\"1024\" height=\"683\" alt=\"\" class=\"wp-image-22026\" data-id=\"22026\" data-link=\"https:\/\/www.ejercito.mil.uy\/?attachment_id=22026\" src=\"https:\/\/www.ejercito.mil.uy\/wp-content\/uploads\/2023\/05\/350669331_630808715315219_8719827451128517929_n-1024x683.jpg\" srcset=\"https:\/\/www.ejercito.mil.uy\/wp-content\/uploads\/2023\/05\/350669331_630808715315219_8719827451128517929_n-1024x683.jpg 1024w, https:\/\/www.ejercito.mil.uy\/wp-content\/uploads\/2023\/05\/350669331_630808715315219_8719827451128517929_n-300x200.jpg 300w, https:\/\/www.ejercito.mil.uy\/wp-content\/uploads\/2023\/05\/350669331_630808715315219_8719827451128517929_n.jpg 1200w\" sizes=\"(max-width: 1024px) 100vw, 1024px\" \/><\/figure><figcaption class=\"coblocks-gallery--caption coblocks-gallery--primary-caption\"><\/figcaption><\/div><\/div><div class=\"swiper-slide\"><div class=\"coblocks-gallery--item\" role=\"button\" tabindex=\"6\"><figure class=\"coblocks-gallery--figure has-margin-left-5 has-margin-left-mobile-5 has-margin-right-5 has-margin-right-mobile-5\"><img loading=\"lazy\" decoding=\"async\" width=\"1024\" height=\"683\" alt=\"\" class=\"wp-image-22025\" data-id=\"22025\" data-link=\"https:\/\/www.ejercito.mil.uy\/?attachment_id=22025\" src=\"https:\/\/www.ejercito.mil.uy\/wp-content\/uploads\/2023\/05\/350333946_258321286856528_115053402316445670_n-1024x683.jpg\" srcset=\"https:\/\/www.ejercito.mil.uy\/wp-content\/uploads\/2023\/05\/350333946_258321286856528_115053402316445670_n-1024x683.jpg 1024w, https:\/\/www.ejercito.mil.uy\/wp-content\/uploads\/2023\/05\/350333946_258321286856528_115053402316445670_n-300x200.jpg 300w, https:\/\/www.ejercito.mil.uy\/wp-content\/uploads\/2023\/05\/350333946_258321286856528_115053402316445670_n.jpg 1200w\" sizes=\"(max-width: 1024px) 100vw, 1024px\" \/><\/figure><figcaption class=\"coblocks-gallery--caption coblocks-gallery--primary-caption\"><\/figcaption><\/div><\/div><\/div><button class=\"nav-button__prev\" id=\"12345-prev\"><svg class=\"icon\" style=\"transform:rotate(180deg)\"><\/svg><\/button><button class=\"nav-button__next\" id=\"12345-next\"><svg class=\"icon\"><\/svg><\/button><\/div><\/div><\/div>\n","protected":false},"excerpt":{"rendered":"<p>30.05.2023 &#8211; Entre el 22 y 24 de mayo, el Grupo de Artiller\u00eda de Defensa Antia\u00e9rea N\u00b0 1 realiz\u00f3 una campa\u00f1a en el Campo Militar N\u00b0 6 \u00abAbra de Castellanos\u00bb (Lavalleja).<\/p>\n","protected":false},"author":4,"featured_media":22023,"comment_status":"open","ping_status":"open","sticky":false,"template":"","format":"standard","meta":{"_coblocks_attr":"","_coblocks_dimensions":"","_coblocks_responsive_height":"","_coblocks_accordion_ie_support":"","_monsterinsights_skip_tracking":false,"_monsterinsights_sitenote_active":false,"_monsterinsights_sitenote_note":"","_monsterinsights_sitenote_category":0,"_uf_show_specific_survey":0,"_uf_disable_surveys":false,"footnotes":""},"categories":[2,14],"tags":[135,70,69,35,13,564],"class_list":["post-22022","post","type-post","status-publish","format-standard","has-post-thumbnail","hentry","category-blog","category-noticias","tag-artilleria","tag-curso","tag-ensenanza","tag-entrenamiento","tag-instruccion","tag-maniobras"],"aioseo_notices":[],"_links":{"self":[{"href":"https:\/\/www.ejercito.mil.uy\/index.php\/wp-json\/wp\/v2\/posts\/22022","targetHints":{"allow":["GET"]}}],"collection":[{"href":"https:\/\/www.ejercito.mil.uy\/index.php\/wp-json\/wp\/v2\/posts"}],"about":[{"href":"https:\/\/www.ejercito.mil.uy\/index.php\/wp-json\/wp\/v2\/types\/post"}],"author":[{"embeddable":true,"href":"https:\/\/www.ejercito.mil.uy\/index.php\/wp-json\/wp\/v2\/users\/4"}],"replies":[{"embeddable":true,"href":"https:\/\/www.ejercito.mil.uy\/index.php\/wp-json\/wp\/v2\/comments?post=22022"}],"version-history":[{"count":5,"href":"https:\/\/www.ejercito.mil.uy\/index.php\/wp-json\/wp\/v2\/posts\/22022\/revisions"}],"predecessor-version":[{"id":22045,"href":"https:\/\/www.ejercito.mil.uy\/index.php\/wp-json\/wp\/v2\/posts\/22022\/revisions\/22045"}],"wp:featuredmedia":[{"embeddable":true,"href":"https:\/\/www.ejercito.mil.uy\/index.php\/wp-json\/wp\/v2\/media\/22023"}],"wp:attachment":[{"href":"https:\/\/www.ejercito.mil.uy\/index.php\/wp-json\/wp\/v2\/media?parent=22022"}],"wp:term":[{"taxonomy":"category","embeddable":true,"href":"https:\/\/www.ejercito.mil.uy\/index.php\/wp-json\/wp\/v2\/categories?post=22022"},{"taxonomy":"post_tag","embeddable":true,"href":"https:\/\/www.ejercito.mil.uy\/index.php\/wp-json\/wp\/v2\/tags?post=22022"}],"curies":[{"name":"wp","href":"https:\/\/api.w.org\/{rel}","templated":true}]}}