{"id":22113,"date":"2023-06-01T13:15:08","date_gmt":"2023-06-01T16:15:08","guid":{"rendered":"https:\/\/www.ejercito.mil.uy\/?p=22113"},"modified":"2023-06-02T16:12:46","modified_gmt":"2023-06-02T19:12:46","slug":"visitas-del-publico-a-nuestros-batallones","status":"publish","type":"post","link":"https:\/\/www.ejercito.mil.uy\/index.php\/2023\/06\/01\/visitas-del-publico-a-nuestros-batallones\/","title":{"rendered":"Visitas del p\u00fablico a nuestros Batallones"},"content":{"rendered":"\n<p class=\"has-small-font-size\">01.06.2023<\/p>\n\n\n\n<div style=\"height:50px\" aria-hidden=\"true\" class=\"wp-block-spacer\"><\/div>\n\n\n\n<p>En el marco de las actividades previstas para el mes de mayo, por el 212\u00b0 aniversario del Ej\u00e9rcito Nacional, algunas Unidades del interior del pa\u00eds, abrieron sus puertas al p\u00fablico.<\/p>\n\n\n\n<div style=\"height:50px\" aria-hidden=\"true\" class=\"wp-block-spacer\"><\/div>\n\n\n\n<p>Por su parte, el <a href=\"https:\/\/www.facebook.com\/batallon7?__cft__[0]=AZUEfoJRPHEuz-fvpfhQEYVIxsn9dXkkZtDK9L6s5wPjNVwlXu82Wh-PyYofFugRviV4hM93G8lxRZ1k1Iw_9ctzZlwlqBPDub6vhFWuZ6Wi2jNYCeSVwM9LR_l9ldN9mWPPWCd7yJYNGG47v39RS_3t7TFhKu_AdE5fgVhKTJxtII_f5jf96yfh4SuLT01pe8o&amp;__tn__=-]K-R\">Batall\u00f3n \u00abItuzaing\u00f3\u00bb de Infanter\u00eda 7<\/a> (Salto), recibi\u00f3 la visita de 110 ni\u00f1os de la Escuela N\u00ba 78 \u201cHoracio Quiroga\u201d, quienes recorrieron la Unidad, se les mostr\u00f3 distintas actividades que realizan nuestros efectivos. Adem\u00e1s disfrutaron de una colaci\u00f3n en el comedor del Batall\u00f3n. Finalizando, se expuso el dibujo del ni\u00f1o ganador del concurso \u00abGral. Jos\u00e9 Gervasio Artigas y la Batalla de Las Piedras\u00bb, que fue premiado con una bicicleta.<\/p>\n\n\n\n<div style=\"height:50px\" aria-hidden=\"true\" class=\"wp-block-spacer\"><\/div>\n\n\n\n<p>Asimismo, entre el 27 y 29 de mayo, el Batall\u00f3n \u201cRinc\u00f3n\u201d de Infanter\u00eda Mecanizado N\u00ba 9 (Fray Bentos) cont\u00f3 con distintas actividades abiertas a toda la familia, demostraciones del Plantel de Perros de la Unidad, exposici\u00f3n en stands y concurso de dibujos de alumnos de educaci\u00f3n primaria.<\/p>\n\n\n\n<div style=\"height:50px\" aria-hidden=\"true\" class=\"wp-block-spacer\"><\/div>\n\n\n\n<div aria-label=\"Carousel Gallery\" class=\"wp-block-coblocks-gallery-carousel alignfull\"><div class=\"coblocks-gallery-carousel-swiper-container is-cropped coblocks-gallery has-caption-style-dark has-horizontal-gutter has-no-thumbnails\"><div class=\"has-carousel has-carousel-lrg swiper-container\" data-swiper=\"{&quot;alignCells&quot;:false,&quot;autoPlay&quot;:true,&quot;autoPlaySpeed&quot;:3000,&quot;draggable&quot;:false,&quot;freeScroll&quot;:false,&quot;loop&quot;:false,&quot;navigation&quot;:true,&quot;pageDots&quot;:false,&quot;pauseHover&quot;:false,&quot;responsiveHeight&quot;:false,&quot;slidesPerView&quot;:2,&quot;thumbnails&quot;:false,&quot;uuid&quot;:&quot;12345&quot;}\" id=\"12345\" style=\"height:400px\"><div class=\"swiper-wrapper\"><div class=\"swiper-slide\"><div class=\"coblocks-gallery--item\" role=\"button\"><figure class=\"coblocks-gallery--figure has-margin-left-5 has-margin-left-mobile-5 has-margin-right-5 has-margin-right-mobile-5\"><img fetchpriority=\"high\" decoding=\"async\" width=\"1024\" height=\"683\" alt=\"\" class=\"wp-image-22120\" data-id=\"22120\" data-link=\"https:\/\/www.ejercito.mil.uy\/?attachment_id=22120\" src=\"https:\/\/www.ejercito.mil.uy\/wp-content\/uploads\/2023\/06\/349116373_934790557795785_2929419093837274440_n-1-1024x683.jpg\" srcset=\"https:\/\/www.ejercito.mil.uy\/wp-content\/uploads\/2023\/06\/349116373_934790557795785_2929419093837274440_n-1-1024x683.jpg 1024w, https:\/\/www.ejercito.mil.uy\/wp-content\/uploads\/2023\/06\/349116373_934790557795785_2929419093837274440_n-1-300x200.jpg 300w, https:\/\/www.ejercito.mil.uy\/wp-content\/uploads\/2023\/06\/349116373_934790557795785_2929419093837274440_n-1.jpg 1200w\" sizes=\"(max-width: 1024px) 100vw, 1024px\" \/><\/figure><figcaption class=\"coblocks-gallery--caption coblocks-gallery--primary-caption\"><\/figcaption><\/div><\/div><div class=\"swiper-slide\"><div class=\"coblocks-gallery--item\" role=\"button\"><figure class=\"coblocks-gallery--figure has-margin-left-5 has-margin-left-mobile-5 has-margin-right-5 has-margin-right-mobile-5\"><img decoding=\"async\" width=\"1024\" height=\"683\" alt=\"\" class=\"wp-image-22121\" data-id=\"22121\" data-link=\"https:\/\/www.ejercito.mil.uy\/?attachment_id=22121\" src=\"https:\/\/www.ejercito.mil.uy\/wp-content\/uploads\/2023\/06\/350781223_798830458158704_7871067139463447909_n-1-1024x683.jpg\" srcset=\"https:\/\/www.ejercito.mil.uy\/wp-content\/uploads\/2023\/06\/350781223_798830458158704_7871067139463447909_n-1-1024x683.jpg 1024w, https:\/\/www.ejercito.mil.uy\/wp-content\/uploads\/2023\/06\/350781223_798830458158704_7871067139463447909_n-1-300x200.jpg 300w, https:\/\/www.ejercito.mil.uy\/wp-content\/uploads\/2023\/06\/350781223_798830458158704_7871067139463447909_n-1.jpg 1200w\" sizes=\"(max-width: 1024px) 100vw, 1024px\" \/><\/figure><figcaption class=\"coblocks-gallery--caption coblocks-gallery--primary-caption\"><\/figcaption><\/div><\/div><div class=\"swiper-slide\"><div class=\"coblocks-gallery--item\" role=\"button\"><figure class=\"coblocks-gallery--figure has-margin-left-5 has-margin-left-mobile-5 has-margin-right-5 has-margin-right-mobile-5\"><img decoding=\"async\" width=\"1024\" height=\"683\" alt=\"\" class=\"wp-image-22122\" data-id=\"22122\" data-link=\"https:\/\/www.ejercito.mil.uy\/?attachment_id=22122\" src=\"https:\/\/www.ejercito.mil.uy\/wp-content\/uploads\/2023\/06\/350787718_155046010787671_2689306127553508840_n-1-1024x683.jpg\" srcset=\"https:\/\/www.ejercito.mil.uy\/wp-content\/uploads\/2023\/06\/350787718_155046010787671_2689306127553508840_n-1-1024x683.jpg 1024w, https:\/\/www.ejercito.mil.uy\/wp-content\/uploads\/2023\/06\/350787718_155046010787671_2689306127553508840_n-1-300x200.jpg 300w, https:\/\/www.ejercito.mil.uy\/wp-content\/uploads\/2023\/06\/350787718_155046010787671_2689306127553508840_n-1.jpg 1200w\" sizes=\"(max-width: 1024px) 100vw, 1024px\" \/><\/figure><figcaption class=\"coblocks-gallery--caption coblocks-gallery--primary-caption\"><\/figcaption><\/div><\/div><div class=\"swiper-slide\"><div class=\"coblocks-gallery--item\" role=\"button\"><figure class=\"coblocks-gallery--figure has-margin-left-5 has-margin-left-mobile-5 has-margin-right-5 has-margin-right-mobile-5\"><img loading=\"lazy\" decoding=\"async\" width=\"1024\" height=\"683\" alt=\"\" class=\"wp-image-22123\" data-id=\"22123\" data-link=\"https:\/\/www.ejercito.mil.uy\/?attachment_id=22123\" src=\"https:\/\/www.ejercito.mil.uy\/wp-content\/uploads\/2023\/06\/350794967_6189728034481242_5920152923702032044_n-1-1024x683.jpg\" srcset=\"https:\/\/www.ejercito.mil.uy\/wp-content\/uploads\/2023\/06\/350794967_6189728034481242_5920152923702032044_n-1-1024x683.jpg 1024w, https:\/\/www.ejercito.mil.uy\/wp-content\/uploads\/2023\/06\/350794967_6189728034481242_5920152923702032044_n-1-300x200.jpg 300w, https:\/\/www.ejercito.mil.uy\/wp-content\/uploads\/2023\/06\/350794967_6189728034481242_5920152923702032044_n-1.jpg 1200w\" sizes=\"(max-width: 1024px) 100vw, 1024px\" \/><\/figure><figcaption class=\"coblocks-gallery--caption coblocks-gallery--primary-caption\"><\/figcaption><\/div><\/div><div class=\"swiper-slide\"><div class=\"coblocks-gallery--item\" role=\"button\"><figure class=\"coblocks-gallery--figure has-margin-left-5 has-margin-left-mobile-5 has-margin-right-5 has-margin-right-mobile-5\"><img loading=\"lazy\" decoding=\"async\" width=\"1024\" height=\"683\" alt=\"\" class=\"wp-image-22124\" data-id=\"22124\" data-link=\"https:\/\/www.ejercito.mil.uy\/?attachment_id=22124\" src=\"https:\/\/www.ejercito.mil.uy\/wp-content\/uploads\/2023\/06\/350938733_1452299672255528_4547346823351449485_n-1-1024x683.jpg\" srcset=\"https:\/\/www.ejercito.mil.uy\/wp-content\/uploads\/2023\/06\/350938733_1452299672255528_4547346823351449485_n-1-1024x683.jpg 1024w, https:\/\/www.ejercito.mil.uy\/wp-content\/uploads\/2023\/06\/350938733_1452299672255528_4547346823351449485_n-1-300x200.jpg 300w, https:\/\/www.ejercito.mil.uy\/wp-content\/uploads\/2023\/06\/350938733_1452299672255528_4547346823351449485_n-1.jpg 1200w\" sizes=\"(max-width: 1024px) 100vw, 1024px\" \/><\/figure><figcaption class=\"coblocks-gallery--caption coblocks-gallery--primary-caption\"><\/figcaption><\/div><\/div><\/div><button class=\"nav-button__prev\" id=\"12345-prev\"><\/button><button class=\"nav-button__next\" id=\"12345-next\"><\/button><\/div><\/div><\/div>\n\n\n\n<p><\/p>\n","protected":false},"excerpt":{"rendered":"<p>01.06.2023 &#8211; En el marco de las actividades previstas para el mes de mayo, por el 212\u00b0 aniversario del Ej\u00e9rcito Nacional, algunas Unidades del interior del pa\u00eds, abrieron sus puertas al p\u00fablico.<\/p>\n","protected":false},"author":15,"featured_media":22114,"comment_status":"open","ping_status":"open","sticky":false,"template":"","format":"standard","meta":{"_coblocks_attr":"","_coblocks_dimensions":"","_coblocks_responsive_height":"","_coblocks_accordion_ie_support":"","_monsterinsights_skip_tracking":false,"_monsterinsights_sitenote_active":false,"_monsterinsights_sitenote_note":"","_monsterinsights_sitenote_category":0,"_uf_show_specific_survey":0,"_uf_disable_surveys":false,"footnotes":""},"categories":[2,14,1],"tags":[992,991,522,993,990,107,165,46],"class_list":["post-22113","post","type-post","status-publish","format-standard","has-post-thumbnail","hentry","category-blog","category-noticias","category-sin-categoria","tag-actividadesabiertas","tag-batalladelaspiedras","tag-concurso","tag-demostraciones","tag-dibujos","tag-escuela","tag-ninos","tag-visita"],"aioseo_notices":[],"_links":{"self":[{"href":"https:\/\/www.ejercito.mil.uy\/index.php\/wp-json\/wp\/v2\/posts\/22113","targetHints":{"allow":["GET"]}}],"collection":[{"href":"https:\/\/www.ejercito.mil.uy\/index.php\/wp-json\/wp\/v2\/posts"}],"about":[{"href":"https:\/\/www.ejercito.mil.uy\/index.php\/wp-json\/wp\/v2\/types\/post"}],"author":[{"embeddable":true,"href":"https:\/\/www.ejercito.mil.uy\/index.php\/wp-json\/wp\/v2\/users\/15"}],"replies":[{"embeddable":true,"href":"https:\/\/www.ejercito.mil.uy\/index.php\/wp-json\/wp\/v2\/comments?post=22113"}],"version-history":[{"count":3,"href":"https:\/\/www.ejercito.mil.uy\/index.php\/wp-json\/wp\/v2\/posts\/22113\/revisions"}],"predecessor-version":[{"id":22136,"href":"https:\/\/www.ejercito.mil.uy\/index.php\/wp-json\/wp\/v2\/posts\/22113\/revisions\/22136"}],"wp:featuredmedia":[{"embeddable":true,"href":"https:\/\/www.ejercito.mil.uy\/index.php\/wp-json\/wp\/v2\/media\/22114"}],"wp:attachment":[{"href":"https:\/\/www.ejercito.mil.uy\/index.php\/wp-json\/wp\/v2\/media?parent=22113"}],"wp:term":[{"taxonomy":"category","embeddable":true,"href":"https:\/\/www.ejercito.mil.uy\/index.php\/wp-json\/wp\/v2\/categories?post=22113"},{"taxonomy":"post_tag","embeddable":true,"href":"https:\/\/www.ejercito.mil.uy\/index.php\/wp-json\/wp\/v2\/tags?post=22113"}],"curies":[{"name":"wp","href":"https:\/\/api.w.org\/{rel}","templated":true}]}}