{"id":2215,"date":"2021-04-11T10:20:00","date_gmt":"2021-04-11T13:20:00","guid":{"rendered":"https:\/\/www.ejercito.mil.uy\/?p=2215"},"modified":"2021-04-20T11:09:36","modified_gmt":"2021-04-20T14:09:36","slug":"fuertes-lluvias","status":"publish","type":"post","link":"https:\/\/www.ejercito.mil.uy\/index.php\/2021\/04\/11\/fuertes-lluvias\/","title":{"rendered":"Fuertes lluvias"},"content":{"rendered":"\n<p class=\"wp-block-paragraph\" style=\"font-size:14px\">11.04.2021 &#8211; Paso de los Toros &#8211; Tacuaremb\u00f3<\/p>\n\n\n\n<div style=\"height:33px\" aria-hidden=\"true\" class=\"wp-block-spacer\"><\/div>\n\n\n\n<p class=\"wp-block-paragraph\">El pasado s\u00e1bado 10 de abril, se activ\u00f3 la <strong>Secci\u00f3n de Apoyo a Emergencias<\/strong> del <a href=\"https:\/\/www.facebook.com\/Grupo-Las-Piedras-de-Artiller%C3%ADa-105mm-No-3-265830100750399\/?__cft__[0]=AZWYrlvu9ewFVHzwdRjVAeUNKloQxkCedw3Ds3SqnaqcFDO7Y5v1EqkrGMzAN3IGaw8t5pE4RylCJa0knfcWB-pzWyOOMWPIctHBvBIK1FcR32mZDzkqN-wScEYi5rmQrkAuERCIh6P8DtJhx3Eu2nzeUBqwG0umeALUUNNpwhTuU4Ez6Gno04nfb8Z2lZPGWv0&amp;__tn__=kK-R\" target=\"_blank\" rel=\"noreferrer noopener\"><strong>Grupo \u00abLas Piedras\u00bb de Artiller\u00eda 105mm N\u00b0 3<\/strong><\/a> para colaborar con personal de la Unidad, que se vio afectado por las intensas lluvias que se registraron en <strong>Paso de los Toros<\/strong>.<\/p>\n\n\n\n<div style=\"height:33px\" aria-hidden=\"true\" class=\"wp-block-spacer\"><\/div>\n\n\n\n<p class=\"wp-block-paragraph\">Los efectivos evacuaron a dos de sus camaradas con sus respectivas familias y pertenencias.<\/p>\n\n\n\n<div style=\"height:33px\" aria-hidden=\"true\" class=\"wp-block-spacer\"><\/div>\n\n\n\n<figure class=\"wp-block-gallery columns-2 is-cropped coblocks-animate wp-block-gallery-1 is-layout-flex wp-block-gallery-is-layout-flex\" data-coblocks-animation=\"slideInLeft\"><ul class=\"blocks-gallery-grid\"><li class=\"blocks-gallery-item\"><figure><img loading=\"lazy\" decoding=\"async\" width=\"1024\" height=\"683\" src=\"https:\/\/www.ejercito.mil.uy\/wp-content\/uploads\/2021\/04\/Apoyo-1-4-1024x683.jpg\" alt=\"\" data-id=\"2220\" data-link=\"https:\/\/www.ejercito.mil.uy\/?attachment_id=2220\" class=\"wp-image-2220\" srcset=\"https:\/\/www.ejercito.mil.uy\/wp-content\/uploads\/2021\/04\/Apoyo-1-4-1024x683.jpg 1024w, https:\/\/www.ejercito.mil.uy\/wp-content\/uploads\/2021\/04\/Apoyo-1-4-300x200.jpg 300w, https:\/\/www.ejercito.mil.uy\/wp-content\/uploads\/2021\/04\/Apoyo-1-4.jpg 1200w\" sizes=\"auto, (max-width: 1024px) 100vw, 1024px\" \/><\/figure><\/li><li class=\"blocks-gallery-item\"><figure><img loading=\"lazy\" decoding=\"async\" width=\"1024\" height=\"683\" src=\"https:\/\/www.ejercito.mil.uy\/wp-content\/uploads\/2021\/04\/Apoyo-2-5-1024x683.jpg\" alt=\"\" data-id=\"2221\" data-link=\"https:\/\/www.ejercito.mil.uy\/?attachment_id=2221\" class=\"wp-image-2221\" srcset=\"https:\/\/www.ejercito.mil.uy\/wp-content\/uploads\/2021\/04\/Apoyo-2-5-1024x683.jpg 1024w, https:\/\/www.ejercito.mil.uy\/wp-content\/uploads\/2021\/04\/Apoyo-2-5-300x200.jpg 300w, https:\/\/www.ejercito.mil.uy\/wp-content\/uploads\/2021\/04\/Apoyo-2-5.jpg 1200w\" sizes=\"auto, (max-width: 1024px) 100vw, 1024px\" \/><\/figure><\/li><\/ul><\/figure>\n\n\n\n<p class=\"wp-block-paragraph\"><\/p>\n","protected":false},"excerpt":{"rendered":"<p>11.04.2021 &#8211; Paso de los Toros &#8211; Tacuaremb\u00f3 El pasado s\u00e1bado 10 de abril, se activ\u00f3 la Secci\u00f3n de Apoyo a Emergencias del Grupo \u00abLas Piedras\u00bb de Artiller\u00eda 105mm N\u00b0 3 para colaborar con personal de la Unidad, que se vio afectado por las intensas lluvias que se registraron en Paso de los Toros. Los <a href=\"https:\/\/www.ejercito.mil.uy\/index.php\/2021\/04\/11\/fuertes-lluvias\/\" class=\"more-link\">&#8230;<span class=\"screen-reader-text\">  Fuertes lluvias<\/span><\/a><\/p>\n","protected":false},"author":4,"featured_media":2219,"comment_status":"closed","ping_status":"open","sticky":false,"template":"","format":"standard","meta":{"_coblocks_attr":"","_coblocks_dimensions":"","_coblocks_responsive_height":"","_coblocks_accordion_ie_support":"","_monsterinsights_skip_tracking":false,"_uf_show_specific_survey":0,"_uf_disable_surveys":false,"footnotes":""},"categories":[2,14],"tags":[32,29,49],"class_list":["post-2215","post","type-post","status-publish","format-standard","has-post-thumbnail","hentry","category-blog","category-noticias","tag-bienestar","tag-comunidad","tag-inundaciones"],"aioseo_notices":[],"aioseo_head":"\n\t\t<!-- All in One SEO 5.0.1.1 - aioseo.com -->\n\t<meta name=\"description\" content=\"11.04.2021 - Paso de los Toros - Tacuaremb\u00f3 El pasado s\u00e1bado 10 de abril, se activ\u00f3 la Secci\u00f3n de Apoyo a Emergencias del Grupo &quot;Las Piedras&quot; de Artiller\u00eda 105mm N\u00b0 3 para colaborar con personal de la Unidad, que se vio afectado por las intensas lluvias que se registraron en Paso de los Toros. Los\" \/>\n\t<meta name=\"robots\" content=\"max-image-preview:large\" \/>\n\t<meta name=\"author\" content=\"Alejandro Castro\"\/>\n\t<link rel=\"canonical\" href=\"https:\/\/www.ejercito.mil.uy\/index.php\/2021\/04\/11\/fuertes-lluvias\/\" \/>\n\t<meta name=\"generator\" content=\"All in One SEO (AIOSEO) 5.0.1.1\" \/>\n\t\t<meta property=\"og:locale\" content=\"es_ES\" \/>\n\t\t<meta property=\"og:site_name\" content=\"Ej\u00e9rcito Nacional - La Fuerza de todos\" \/>\n\t\t<meta property=\"og:type\" content=\"article\" \/>\n\t\t<meta property=\"og:title\" content=\"Fuertes lluvias - Ej\u00e9rcito Nacional\" \/>\n\t\t<meta property=\"og:description\" content=\"11.04.2021 - Paso de los Toros - Tacuaremb\u00f3 El pasado s\u00e1bado 10 de abril, se activ\u00f3 la Secci\u00f3n de Apoyo a Emergencias del Grupo &quot;Las Piedras&quot; de Artiller\u00eda 105mm N\u00b0 3 para colaborar con personal de la Unidad, que se vio afectado por las intensas lluvias que se registraron en Paso de los Toros. Los\" \/>\n\t\t<meta property=\"og:url\" content=\"https:\/\/www.ejercito.mil.uy\/index.php\/2021\/04\/11\/fuertes-lluvias\/\" \/>\n\t\t<meta property=\"og:image\" content=\"https:\/\/www.ejercito.mil.uy\/wp-content\/uploads\/2022\/01\/Escudo_EN_URUGUAY.png\" \/>\n\t\t<meta property=\"og:image:secure_url\" content=\"https:\/\/www.ejercito.mil.uy\/wp-content\/uploads\/2022\/01\/Escudo_EN_URUGUAY.png\" \/>\n\t\t<meta property=\"og:image:width\" content=\"134\" \/>\n\t\t<meta property=\"og:image:height\" content=\"119\" \/>\n\t\t<meta property=\"article:published_time\" content=\"2021-04-11T13:20:00+00:00\" \/>\n\t\t<meta property=\"article:modified_time\" content=\"2021-04-20T14:09:36+00:00\" \/>\n\t\t<meta name=\"twitter:card\" content=\"summary_large_image\" \/>\n\t\t<meta name=\"twitter:title\" content=\"Fuertes lluvias - Ej\u00e9rcito Nacional\" \/>\n\t\t<meta name=\"twitter:description\" content=\"11.04.2021 - Paso de los Toros - Tacuaremb\u00f3 El pasado s\u00e1bado 10 de abril, se activ\u00f3 la Secci\u00f3n de Apoyo a Emergencias del Grupo &quot;Las Piedras&quot; de Artiller\u00eda 105mm N\u00b0 3 para colaborar con personal de la Unidad, que se vio afectado por las intensas lluvias que se registraron en Paso de los Toros. Los\" \/>\n\t\t<meta name=\"twitter:image\" content=\"https:\/\/www.ejercito.mil.uy\/wp-content\/uploads\/2022\/01\/Escudo_EN_URUGUAY.png\" \/>\n\t\t<script type=\"application\/ld+json\" class=\"aioseo-schema\">\n\t\t\t{\"@context\":\"https:\\\/\\\/schema.org\",\"@graph\":[{\"@type\":\"BlogPosting\",\"@id\":\"https:\\\/\\\/www.ejercito.mil.uy\\\/index.php\\\/2021\\\/04\\\/11\\\/fuertes-lluvias\\\/#blogposting\",\"name\":\"Fuertes lluvias - Ej\\u00e9rcito Nacional\",\"headline\":\"Fuertes lluvias\",\"author\":{\"@id\":\"https:\\\/\\\/www.ejercito.mil.uy\\\/index.php\\\/author\\\/acastro\\\/#author\"},\"publisher\":{\"@id\":\"https:\\\/\\\/www.ejercito.mil.uy\\\/#organization\"},\"image\":{\"@type\":\"ImageObject\",\"url\":\"https:\\\/\\\/www.ejercito.mil.uy\\\/wp-content\\\/uploads\\\/2021\\\/04\\\/Apoyo-3-6.jpg\",\"width\":1200,\"height\":800,\"caption\":\"Inundaciones\"},\"datePublished\":\"2021-04-11T10:20:00-03:00\",\"dateModified\":\"2021-04-20T11:09:36-03:00\",\"inLanguage\":\"es-UY\",\"mainEntityOfPage\":{\"@id\":\"https:\\\/\\\/www.ejercito.mil.uy\\\/index.php\\\/2021\\\/04\\\/11\\\/fuertes-lluvias\\\/#webpage\"},\"isPartOf\":{\"@id\":\"https:\\\/\\\/www.ejercito.mil.uy\\\/index.php\\\/2021\\\/04\\\/11\\\/fuertes-lluvias\\\/#webpage\"},\"articleSection\":\"Blog, Noticias, bienestar, comunidad, inundaciones\"},{\"@type\":\"BreadcrumbList\",\"@id\":\"https:\\\/\\\/www.ejercito.mil.uy\\\/index.php\\\/2021\\\/04\\\/11\\\/fuertes-lluvias\\\/#breadcrumblist\",\"itemListElement\":[{\"@type\":\"ListItem\",\"@id\":\"https:\\\/\\\/www.ejercito.mil.uy#listItem\",\"position\":1,\"name\":\"Home\",\"item\":\"https:\\\/\\\/www.ejercito.mil.uy\",\"nextItem\":{\"@type\":\"ListItem\",\"@id\":\"https:\\\/\\\/www.ejercito.mil.uy\\\/index.php\\\/category\\\/destacados\\\/#listItem\",\"name\":\"Destacados\"}},{\"@type\":\"ListItem\",\"@id\":\"https:\\\/\\\/www.ejercito.mil.uy\\\/index.php\\\/category\\\/destacados\\\/#listItem\",\"position\":2,\"name\":\"Destacados\",\"item\":\"https:\\\/\\\/www.ejercito.mil.uy\\\/index.php\\\/category\\\/destacados\\\/\",\"nextItem\":{\"@type\":\"ListItem\",\"@id\":\"https:\\\/\\\/www.ejercito.mil.uy\\\/index.php\\\/category\\\/destacados\\\/noticias\\\/#listItem\",\"name\":\"Noticias\"},\"previousItem\":{\"@type\":\"ListItem\",\"@id\":\"https:\\\/\\\/www.ejercito.mil.uy#listItem\",\"name\":\"Home\"}},{\"@type\":\"ListItem\",\"@id\":\"https:\\\/\\\/www.ejercito.mil.uy\\\/index.php\\\/category\\\/destacados\\\/noticias\\\/#listItem\",\"position\":3,\"name\":\"Noticias\",\"item\":\"https:\\\/\\\/www.ejercito.mil.uy\\\/index.php\\\/category\\\/destacados\\\/noticias\\\/\",\"nextItem\":{\"@type\":\"ListItem\",\"@id\":\"https:\\\/\\\/www.ejercito.mil.uy\\\/index.php\\\/2021\\\/04\\\/11\\\/fuertes-lluvias\\\/#listItem\",\"name\":\"Fuertes lluvias\"},\"previousItem\":{\"@type\":\"ListItem\",\"@id\":\"https:\\\/\\\/www.ejercito.mil.uy\\\/index.php\\\/category\\\/destacados\\\/#listItem\",\"name\":\"Destacados\"}},{\"@type\":\"ListItem\",\"@id\":\"https:\\\/\\\/www.ejercito.mil.uy\\\/index.php\\\/2021\\\/04\\\/11\\\/fuertes-lluvias\\\/#listItem\",\"position\":4,\"name\":\"Fuertes lluvias\",\"previousItem\":{\"@type\":\"ListItem\",\"@id\":\"https:\\\/\\\/www.ejercito.mil.uy\\\/index.php\\\/category\\\/destacados\\\/noticias\\\/#listItem\",\"name\":\"Noticias\"}}]},{\"@type\":\"Organization\",\"@id\":\"https:\\\/\\\/www.ejercito.mil.uy\\\/#organization\",\"name\":\"Ej\\u00e9rcito Nacional\",\"description\":\"La Fuerza de todos\",\"url\":\"https:\\\/\\\/www.ejercito.mil.uy\\\/\",\"logo\":{\"@type\":\"ImageObject\",\"url\":\"https:\\\/\\\/www.ejercito.mil.uy\\\/wp-content\\\/uploads\\\/2022\\\/01\\\/Escudo_EN_URUGUAY.png\",\"@id\":\"https:\\\/\\\/www.ejercito.mil.uy\\\/index.php\\\/2021\\\/04\\\/11\\\/fuertes-lluvias\\\/#organizationLogo\",\"width\":134,\"height\":119},\"image\":{\"@id\":\"https:\\\/\\\/www.ejercito.mil.uy\\\/index.php\\\/2021\\\/04\\\/11\\\/fuertes-lluvias\\\/#organizationLogo\"}},{\"@type\":\"Person\",\"@id\":\"https:\\\/\\\/www.ejercito.mil.uy\\\/index.php\\\/author\\\/acastro\\\/#author\",\"url\":\"https:\\\/\\\/www.ejercito.mil.uy\\\/index.php\\\/author\\\/acastro\\\/\",\"name\":\"Alejandro Castro\",\"image\":{\"@type\":\"ImageObject\",\"@id\":\"https:\\\/\\\/www.ejercito.mil.uy\\\/index.php\\\/2021\\\/04\\\/11\\\/fuertes-lluvias\\\/#authorImage\",\"url\":\"https:\\\/\\\/secure.gravatar.com\\\/avatar\\\/89bb77d4bf696501dd94ca89e6794e1787eaffba7c7197528d249e15bd099f68?s=96&d=mm&r=g\",\"width\":96,\"height\":96,\"caption\":\"Alejandro Castro\"}},{\"@type\":\"WebPage\",\"@id\":\"https:\\\/\\\/www.ejercito.mil.uy\\\/index.php\\\/2021\\\/04\\\/11\\\/fuertes-lluvias\\\/#webpage\",\"url\":\"https:\\\/\\\/www.ejercito.mil.uy\\\/index.php\\\/2021\\\/04\\\/11\\\/fuertes-lluvias\\\/\",\"name\":\"Fuertes lluvias - Ej\\u00e9rcito Nacional\",\"description\":\"11.04.2021 - Paso de los Toros - Tacuaremb\\u00f3 El pasado s\\u00e1bado 10 de abril, se activ\\u00f3 la Secci\\u00f3n de Apoyo a Emergencias del Grupo \\\"Las Piedras\\\" de Artiller\\u00eda 105mm N\\u00b0 3 para colaborar con personal de la Unidad, que se vio afectado por las intensas lluvias que se registraron en Paso de los Toros. Los\",\"inLanguage\":\"es-UY\",\"isPartOf\":{\"@id\":\"https:\\\/\\\/www.ejercito.mil.uy\\\/#website\"},\"breadcrumb\":{\"@id\":\"https:\\\/\\\/www.ejercito.mil.uy\\\/index.php\\\/2021\\\/04\\\/11\\\/fuertes-lluvias\\\/#breadcrumblist\"},\"author\":{\"@id\":\"https:\\\/\\\/www.ejercito.mil.uy\\\/index.php\\\/author\\\/acastro\\\/#author\"},\"creator\":{\"@id\":\"https:\\\/\\\/www.ejercito.mil.uy\\\/index.php\\\/author\\\/acastro\\\/#author\"},\"image\":{\"@type\":\"ImageObject\",\"url\":\"https:\\\/\\\/www.ejercito.mil.uy\\\/wp-content\\\/uploads\\\/2021\\\/04\\\/Apoyo-3-6.jpg\",\"@id\":\"https:\\\/\\\/www.ejercito.mil.uy\\\/index.php\\\/2021\\\/04\\\/11\\\/fuertes-lluvias\\\/#mainImage\",\"width\":1200,\"height\":800,\"caption\":\"Inundaciones\"},\"primaryImageOfPage\":{\"@id\":\"https:\\\/\\\/www.ejercito.mil.uy\\\/index.php\\\/2021\\\/04\\\/11\\\/fuertes-lluvias\\\/#mainImage\"},\"datePublished\":\"2021-04-11T10:20:00-03:00\",\"dateModified\":\"2021-04-20T11:09:36-03:00\"},{\"@type\":\"WebSite\",\"@id\":\"https:\\\/\\\/www.ejercito.mil.uy\\\/#website\",\"url\":\"https:\\\/\\\/www.ejercito.mil.uy\\\/\",\"name\":\"Ej\\u00e9rcito Nacional\",\"description\":\"La Fuerza de todos\",\"inLanguage\":\"es-UY\",\"publisher\":{\"@id\":\"https:\\\/\\\/www.ejercito.mil.uy\\\/#organization\"}}]}\n\t\t<\/script>\n\t\t<!-- All in One SEO -->\n\n","aioseo_head_json":{"title":"Fuertes lluvias - Ej\u00e9rcito Nacional","description":"11.04.2021 - Paso de los Toros - Tacuaremb\u00f3 El pasado s\u00e1bado 10 de abril, se activ\u00f3 la Secci\u00f3n de Apoyo a Emergencias del Grupo \"Las Piedras\" de Artiller\u00eda 105mm N\u00b0 3 para colaborar con personal de la Unidad, que se vio afectado por las intensas lluvias que se registraron en Paso de los Toros. Los","canonical_url":"https:\/\/www.ejercito.mil.uy\/index.php\/2021\/04\/11\/fuertes-lluvias\/","robots":"max-image-preview:large","keywords":"","webmasterTools":{"miscellaneous":""},"schema":{"@context":"https:\/\/schema.org","@graph":[{"@type":"BlogPosting","@id":"https:\/\/www.ejercito.mil.uy\/index.php\/2021\/04\/11\/fuertes-lluvias\/#blogposting","name":"Fuertes lluvias - Ej\u00e9rcito Nacional","headline":"Fuertes lluvias","author":{"@id":"https:\/\/www.ejercito.mil.uy\/index.php\/author\/acastro\/#author"},"publisher":{"@id":"https:\/\/www.ejercito.mil.uy\/#organization"},"image":{"@type":"ImageObject","url":"https:\/\/www.ejercito.mil.uy\/wp-content\/uploads\/2021\/04\/Apoyo-3-6.jpg","width":1200,"height":800,"caption":"Inundaciones"},"datePublished":"2021-04-11T10:20:00-03:00","dateModified":"2021-04-20T11:09:36-03:00","inLanguage":"es-UY","mainEntityOfPage":{"@id":"https:\/\/www.ejercito.mil.uy\/index.php\/2021\/04\/11\/fuertes-lluvias\/#webpage"},"isPartOf":{"@id":"https:\/\/www.ejercito.mil.uy\/index.php\/2021\/04\/11\/fuertes-lluvias\/#webpage"},"articleSection":"Blog, Noticias, bienestar, comunidad, inundaciones"},{"@type":"BreadcrumbList","@id":"https:\/\/www.ejercito.mil.uy\/index.php\/2021\/04\/11\/fuertes-lluvias\/#breadcrumblist","itemListElement":[{"@type":"ListItem","@id":"https:\/\/www.ejercito.mil.uy#listItem","position":1,"name":"Home","item":"https:\/\/www.ejercito.mil.uy","nextItem":{"@type":"ListItem","@id":"https:\/\/www.ejercito.mil.uy\/index.php\/category\/destacados\/#listItem","name":"Destacados"}},{"@type":"ListItem","@id":"https:\/\/www.ejercito.mil.uy\/index.php\/category\/destacados\/#listItem","position":2,"name":"Destacados","item":"https:\/\/www.ejercito.mil.uy\/index.php\/category\/destacados\/","nextItem":{"@type":"ListItem","@id":"https:\/\/www.ejercito.mil.uy\/index.php\/category\/destacados\/noticias\/#listItem","name":"Noticias"},"previousItem":{"@type":"ListItem","@id":"https:\/\/www.ejercito.mil.uy#listItem","name":"Home"}},{"@type":"ListItem","@id":"https:\/\/www.ejercito.mil.uy\/index.php\/category\/destacados\/noticias\/#listItem","position":3,"name":"Noticias","item":"https:\/\/www.ejercito.mil.uy\/index.php\/category\/destacados\/noticias\/","nextItem":{"@type":"ListItem","@id":"https:\/\/www.ejercito.mil.uy\/index.php\/2021\/04\/11\/fuertes-lluvias\/#listItem","name":"Fuertes lluvias"},"previousItem":{"@type":"ListItem","@id":"https:\/\/www.ejercito.mil.uy\/index.php\/category\/destacados\/#listItem","name":"Destacados"}},{"@type":"ListItem","@id":"https:\/\/www.ejercito.mil.uy\/index.php\/2021\/04\/11\/fuertes-lluvias\/#listItem","position":4,"name":"Fuertes lluvias","previousItem":{"@type":"ListItem","@id":"https:\/\/www.ejercito.mil.uy\/index.php\/category\/destacados\/noticias\/#listItem","name":"Noticias"}}]},{"@type":"Organization","@id":"https:\/\/www.ejercito.mil.uy\/#organization","name":"Ej\u00e9rcito Nacional","description":"La Fuerza de todos","url":"https:\/\/www.ejercito.mil.uy\/","logo":{"@type":"ImageObject","url":"https:\/\/www.ejercito.mil.uy\/wp-content\/uploads\/2022\/01\/Escudo_EN_URUGUAY.png","@id":"https:\/\/www.ejercito.mil.uy\/index.php\/2021\/04\/11\/fuertes-lluvias\/#organizationLogo","width":134,"height":119},"image":{"@id":"https:\/\/www.ejercito.mil.uy\/index.php\/2021\/04\/11\/fuertes-lluvias\/#organizationLogo"}},{"@type":"Person","@id":"https:\/\/www.ejercito.mil.uy\/index.php\/author\/acastro\/#author","url":"https:\/\/www.ejercito.mil.uy\/index.php\/author\/acastro\/","name":"Alejandro Castro","image":{"@type":"ImageObject","@id":"https:\/\/www.ejercito.mil.uy\/index.php\/2021\/04\/11\/fuertes-lluvias\/#authorImage","url":"https:\/\/secure.gravatar.com\/avatar\/89bb77d4bf696501dd94ca89e6794e1787eaffba7c7197528d249e15bd099f68?s=96&d=mm&r=g","width":96,"height":96,"caption":"Alejandro Castro"}},{"@type":"WebPage","@id":"https:\/\/www.ejercito.mil.uy\/index.php\/2021\/04\/11\/fuertes-lluvias\/#webpage","url":"https:\/\/www.ejercito.mil.uy\/index.php\/2021\/04\/11\/fuertes-lluvias\/","name":"Fuertes lluvias - Ej\u00e9rcito Nacional","description":"11.04.2021 - Paso de los Toros - Tacuaremb\u00f3 El pasado s\u00e1bado 10 de abril, se activ\u00f3 la Secci\u00f3n de Apoyo a Emergencias del Grupo \"Las Piedras\" de Artiller\u00eda 105mm N\u00b0 3 para colaborar con personal de la Unidad, que se vio afectado por las intensas lluvias que se registraron en Paso de los Toros. Los","inLanguage":"es-UY","isPartOf":{"@id":"https:\/\/www.ejercito.mil.uy\/#website"},"breadcrumb":{"@id":"https:\/\/www.ejercito.mil.uy\/index.php\/2021\/04\/11\/fuertes-lluvias\/#breadcrumblist"},"author":{"@id":"https:\/\/www.ejercito.mil.uy\/index.php\/author\/acastro\/#author"},"creator":{"@id":"https:\/\/www.ejercito.mil.uy\/index.php\/author\/acastro\/#author"},"image":{"@type":"ImageObject","url":"https:\/\/www.ejercito.mil.uy\/wp-content\/uploads\/2021\/04\/Apoyo-3-6.jpg","@id":"https:\/\/www.ejercito.mil.uy\/index.php\/2021\/04\/11\/fuertes-lluvias\/#mainImage","width":1200,"height":800,"caption":"Inundaciones"},"primaryImageOfPage":{"@id":"https:\/\/www.ejercito.mil.uy\/index.php\/2021\/04\/11\/fuertes-lluvias\/#mainImage"},"datePublished":"2021-04-11T10:20:00-03:00","dateModified":"2021-04-20T11:09:36-03:00"},{"@type":"WebSite","@id":"https:\/\/www.ejercito.mil.uy\/#website","url":"https:\/\/www.ejercito.mil.uy\/","name":"Ej\u00e9rcito Nacional","description":"La Fuerza de todos","inLanguage":"es-UY","publisher":{"@id":"https:\/\/www.ejercito.mil.uy\/#organization"}}]},"og:locale":"es_ES","og:site_name":"Ej\u00e9rcito Nacional - La Fuerza de todos","og:type":"article","og:title":"Fuertes lluvias - Ej\u00e9rcito Nacional","og:description":"11.04.2021 - Paso de los Toros - Tacuaremb\u00f3 El pasado s\u00e1bado 10 de abril, se activ\u00f3 la Secci\u00f3n de Apoyo a Emergencias del Grupo &quot;Las Piedras&quot; de Artiller\u00eda 105mm N\u00b0 3 para colaborar con personal de la Unidad, que se vio afectado por las intensas lluvias que se registraron en Paso de los Toros. Los","og:url":"https:\/\/www.ejercito.mil.uy\/index.php\/2021\/04\/11\/fuertes-lluvias\/","og:image":"https:\/\/www.ejercito.mil.uy\/wp-content\/uploads\/2022\/01\/Escudo_EN_URUGUAY.png","og:image:secure_url":"https:\/\/www.ejercito.mil.uy\/wp-content\/uploads\/2022\/01\/Escudo_EN_URUGUAY.png","og:image:width":134,"og:image:height":119,"article:published_time":"2021-04-11T13:20:00+00:00","article:modified_time":"2021-04-20T14:09:36+00:00","twitter:card":"summary_large_image","twitter:title":"Fuertes lluvias - Ej\u00e9rcito Nacional","twitter:description":"11.04.2021 - Paso de los Toros - Tacuaremb\u00f3 El pasado s\u00e1bado 10 de abril, se activ\u00f3 la Secci\u00f3n de Apoyo a Emergencias del Grupo &quot;Las Piedras&quot; de Artiller\u00eda 105mm N\u00b0 3 para colaborar con personal de la Unidad, que se vio afectado por las intensas lluvias que se registraron en Paso de los Toros. Los","twitter:image":"https:\/\/www.ejercito.mil.uy\/wp-content\/uploads\/2022\/01\/Escudo_EN_URUGUAY.png"},"aioseo_meta_data":{"post_id":"2215","title":null,"description":null,"keywords":null,"keyphrases":null,"primary_term":null,"canonical_url":null,"og_title":null,"og_description":null,"og_object_type":"default","og_image_type":"default","og_image_url":null,"og_image_width":null,"og_image_height":null,"og_image_custom_url":null,"og_image_custom_fields":null,"og_video":null,"og_custom_url":null,"og_article_section":null,"og_article_tags":null,"twitter_use_og":false,"twitter_card":"default","twitter_image_type":"default","twitter_image_url":null,"twitter_image_custom_url":null,"twitter_image_custom_fields":null,"twitter_title":null,"twitter_description":null,"schema":{"blockGraphs":[],"customGraphs":[],"default":{"data":{"Article":[],"Course":[],"Dataset":[],"FAQPage":[],"Movie":[],"Person":[],"Product":[],"ProductReview":[],"Car":[],"Recipe":[],"Service":[],"SoftwareApplication":[],"WebPage":[]},"graphName":"","isEnabled":true},"graphs":[]},"schema_type":"default","schema_type_options":null,"pillar_content":false,"robots_default":true,"robots_noindex":false,"robots_noarchive":false,"robots_nosnippet":false,"robots_nofollow":false,"robots_noimageindex":false,"robots_noodp":false,"robots_notranslate":false,"robots_max_snippet":null,"robots_max_videopreview":null,"robots_max_imagepreview":"large","priority":null,"frequency":null,"local_seo":null,"breadcrumb_settings":null,"limit_modified_date":false,"ai":null,"created":"2025-08-30 01:46:28","updated":"2025-08-30 01:46:28","seo_analyzer_scan_date":null,"focus_keyword":null,"additional_keywords":null,"truseo_locale":null},"aioseo_breadcrumb":"<div class=\"aioseo-breadcrumbs\"><span class=\"aioseo-breadcrumb\">\n\t\t\t<a href=\"https:\/\/www.ejercito.mil.uy\" title=\"Home\">Home<\/a>\n\t\t<\/span><span class=\"aioseo-breadcrumb-separator\">&raquo;<\/span><span class=\"aioseo-breadcrumb\">\n\t\t\t<a href=\"https:\/\/www.ejercito.mil.uy\/index.php\/category\/destacados\/\" title=\"Destacados\">Destacados<\/a>\n\t\t<\/span><span class=\"aioseo-breadcrumb-separator\">&raquo;<\/span><span class=\"aioseo-breadcrumb\">\n\t\t\t<a href=\"https:\/\/www.ejercito.mil.uy\/index.php\/category\/destacados\/noticias\/\" title=\"Noticias\">Noticias<\/a>\n\t\t<\/span><span class=\"aioseo-breadcrumb-separator\">&raquo;<\/span><span class=\"aioseo-breadcrumb\">\n\t\t\tFuertes lluvias\n\t\t<\/span><\/div>","aioseo_breadcrumb_json":[{"label":"Home","link":"https:\/\/www.ejercito.mil.uy"},{"label":"Destacados","link":"https:\/\/www.ejercito.mil.uy\/index.php\/category\/destacados\/"},{"label":"Noticias","link":"https:\/\/www.ejercito.mil.uy\/index.php\/category\/destacados\/noticias\/"},{"label":"Fuertes lluvias","link":"https:\/\/www.ejercito.mil.uy\/index.php\/2021\/04\/11\/fuertes-lluvias\/"}],"_links":{"self":[{"href":"https:\/\/www.ejercito.mil.uy\/index.php\/wp-json\/wp\/v2\/posts\/2215","targetHints":{"allow":["GET"]}}],"collection":[{"href":"https:\/\/www.ejercito.mil.uy\/index.php\/wp-json\/wp\/v2\/posts"}],"about":[{"href":"https:\/\/www.ejercito.mil.uy\/index.php\/wp-json\/wp\/v2\/types\/post"}],"author":[{"embeddable":true,"href":"https:\/\/www.ejercito.mil.uy\/index.php\/wp-json\/wp\/v2\/users\/4"}],"replies":[{"embeddable":true,"href":"https:\/\/www.ejercito.mil.uy\/index.php\/wp-json\/wp\/v2\/comments?post=2215"}],"version-history":[{"count":1,"href":"https:\/\/www.ejercito.mil.uy\/index.php\/wp-json\/wp\/v2\/posts\/2215\/revisions"}],"predecessor-version":[{"id":2222,"href":"https:\/\/www.ejercito.mil.uy\/index.php\/wp-json\/wp\/v2\/posts\/2215\/revisions\/2222"}],"wp:featuredmedia":[{"embeddable":true,"href":"https:\/\/www.ejercito.mil.uy\/index.php\/wp-json\/wp\/v2\/media\/2219"}],"wp:attachment":[{"href":"https:\/\/www.ejercito.mil.uy\/index.php\/wp-json\/wp\/v2\/media?parent=2215"}],"wp:term":[{"taxonomy":"category","embeddable":true,"href":"https:\/\/www.ejercito.mil.uy\/index.php\/wp-json\/wp\/v2\/categories?post=2215"},{"taxonomy":"post_tag","embeddable":true,"href":"https:\/\/www.ejercito.mil.uy\/index.php\/wp-json\/wp\/v2\/tags?post=2215"}],"curies":[{"name":"wp","href":"https:\/\/api.w.org\/{rel}","templated":true}]}}