{"id":2230,"date":"2021-04-19T09:20:00","date_gmt":"2021-04-19T12:20:00","guid":{"rendered":"https:\/\/www.ejercito.mil.uy\/?p=2230"},"modified":"2021-04-30T15:22:09","modified_gmt":"2021-04-30T18:22:09","slug":"documental-urubatt-20-anos-en-la-republica-democratica-del-congo-2","status":"publish","type":"post","link":"https:\/\/www.ejercito.mil.uy\/index.php\/2021\/04\/19\/documental-urubatt-20-anos-en-la-republica-democratica-del-congo-2\/","title":{"rendered":"Documental \u00abURUBATT: 20 a\u00f1os en la Rep\u00fablica Democr\u00e1tica del Congo\u00bb"},"content":{"rendered":"\n<div style=\"height:33px\" aria-hidden=\"true\" class=\"wp-block-spacer\"><\/div>\n\n\n\n<figure class=\"wp-block-image size-large\"><a href=\"https:\/\/www.youtube.com\/watch?v=fF_TioRwwtc\"><img fetchpriority=\"high\" decoding=\"async\" width=\"1024\" height=\"683\" src=\"https:\/\/www.ejercito.mil.uy\/wp-content\/uploads\/2021\/04\/RDCongo20-1024x683.jpg\" alt=\"RDCongo\" class=\"wp-image-2174\" srcset=\"https:\/\/www.ejercito.mil.uy\/wp-content\/uploads\/2021\/04\/RDCongo20-1024x683.jpg 1024w, https:\/\/www.ejercito.mil.uy\/wp-content\/uploads\/2021\/04\/RDCongo20-300x200.jpg 300w, https:\/\/www.ejercito.mil.uy\/wp-content\/uploads\/2021\/04\/RDCongo20.jpg 1200w\" sizes=\"(max-width: 1024px) 100vw, 1024px\" \/><\/a><figcaption>RDCongo<\/figcaption><\/figure>\n\n\n\n<div style=\"height:33px\" aria-hidden=\"true\" class=\"wp-block-spacer mt-0\"><\/div>\n\n\n\n<p style=\"font-size:14px\">19.04.2021<\/p>\n\n\n\n<div style=\"height:33px\" aria-hidden=\"true\" class=\"wp-block-spacer\"><\/div>\n\n\n\n<p>Los invitamos a ver el documental \u00abURUBATT: 20 a\u00f1os en la Rep\u00fablica Democr\u00e1tica del Congo\u00bb.<\/p>\n\n\n\n<div style=\"height:33px\" aria-hidden=\"true\" class=\"wp-block-spacer\"><\/div>\n\n\n\n<p>Este fue realizado con la intenci\u00f3n de mostrar el trabajo ininterrumpido por parte de las tropas uruguayas en tierras africanas, buscando recordar las historias de valor, coraje, entrega y sacrificio que nuestros hombres y mujeres protagonizan d\u00eda a d\u00eda.<\/p>\n\n\n\n<p>   <\/p>\n\n\n\n<p>   <\/p>\n","protected":false},"excerpt":{"rendered":"<p>19.04.2021 Los invitamos a ver el documental \u00abURUBATT: 20 a\u00f1os en la Rep\u00fablica Democr\u00e1tica del Congo\u00bb. Este fue realizado con la intenci\u00f3n de mostrar el trabajo ininterrumpido por parte de las tropas uruguayas en tierras africanas, buscando recordar las historias de valor, coraje, entrega y sacrificio que nuestros hombres y mujeres protagonizan d\u00eda a d\u00eda.<\/p>\n","protected":false},"author":4,"featured_media":0,"comment_status":"closed","ping_status":"open","sticky":false,"template":"","format":"standard","meta":{"_coblocks_attr":"","_coblocks_dimensions":"","_coblocks_responsive_height":"","_coblocks_accordion_ie_support":"","_monsterinsights_skip_tracking":false,"_monsterinsights_sitenote_active":false,"_monsterinsights_sitenote_note":"","_monsterinsights_sitenote_category":0,"_uf_show_specific_survey":0,"_uf_disable_surveys":false,"footnotes":""},"categories":[2,14],"tags":[41,19,31],"class_list":["post-2230","post","type-post","status-publish","format-standard","hentry","category-blog","category-noticias","tag-historia","tag-mop","tag-rdcongo"],"aioseo_notices":[],"_links":{"self":[{"href":"https:\/\/www.ejercito.mil.uy\/index.php\/wp-json\/wp\/v2\/posts\/2230","targetHints":{"allow":["GET"]}}],"collection":[{"href":"https:\/\/www.ejercito.mil.uy\/index.php\/wp-json\/wp\/v2\/posts"}],"about":[{"href":"https:\/\/www.ejercito.mil.uy\/index.php\/wp-json\/wp\/v2\/types\/post"}],"author":[{"embeddable":true,"href":"https:\/\/www.ejercito.mil.uy\/index.php\/wp-json\/wp\/v2\/users\/4"}],"replies":[{"embeddable":true,"href":"https:\/\/www.ejercito.mil.uy\/index.php\/wp-json\/wp\/v2\/comments?post=2230"}],"version-history":[{"count":4,"href":"https:\/\/www.ejercito.mil.uy\/index.php\/wp-json\/wp\/v2\/posts\/2230\/revisions"}],"predecessor-version":[{"id":2577,"href":"https:\/\/www.ejercito.mil.uy\/index.php\/wp-json\/wp\/v2\/posts\/2230\/revisions\/2577"}],"wp:attachment":[{"href":"https:\/\/www.ejercito.mil.uy\/index.php\/wp-json\/wp\/v2\/media?parent=2230"}],"wp:term":[{"taxonomy":"category","embeddable":true,"href":"https:\/\/www.ejercito.mil.uy\/index.php\/wp-json\/wp\/v2\/categories?post=2230"},{"taxonomy":"post_tag","embeddable":true,"href":"https:\/\/www.ejercito.mil.uy\/index.php\/wp-json\/wp\/v2\/tags?post=2230"}],"curies":[{"name":"wp","href":"https:\/\/api.w.org\/{rel}","templated":true}]}}