{"id":2231,"date":"2021-04-20T12:00:42","date_gmt":"2021-04-20T15:00:42","guid":{"rendered":"https:\/\/www.ejercito.mil.uy\/?p=2231"},"modified":"2021-04-21T17:32:29","modified_gmt":"2021-04-21T20:32:29","slug":"celebracion-de-un-nuevo-aniversario-del-desembarco-de-los-treinta-y-tres-orientales","status":"publish","type":"post","link":"https:\/\/www.ejercito.mil.uy\/index.php\/2021\/04\/20\/celebracion-de-un-nuevo-aniversario-del-desembarco-de-los-treinta-y-tres-orientales\/","title":{"rendered":"Celebraci\u00f3n de un nuevo aniversario del Desembarco de los Treinta y Tres Orientales"},"content":{"rendered":"\n<p style=\"font-size:14px\">20.04.2021<\/p>\n\n\n\n<div style=\"height:33px\" aria-hidden=\"true\" class=\"wp-block-spacer\"><\/div>\n\n\n\n<p>Compartimos im\u00e1genes sobre la celebraci\u00f3n de un nuevo aniversario del <strong>Desembarco de los Treinta y Tres Orientales<\/strong>, por parte de los efectivos desplegados en el exterior:<\/p>\n\n\n\n<div style=\"height:33px\" aria-hidden=\"true\" class=\"wp-block-spacer\"><\/div>\n\n\n\n<p><img decoding=\"async\" height=\"16\" width=\"16\" alt=\"\u2705\" src=\"https:\/\/static.xx.fbcdn.net\/images\/emoji.php\/v9\/t33\/1\/16\/2705.png\"> <strong>Batall\u00f3n de Infanter\u00eda \u00abUruguay IV\u00bb &#8211; MONUSCO<\/strong> &#8211; Rep\u00fablica Democr\u00e1tica del Congo<\/p>\n\n\n\n<div style=\"height:33px\" aria-hidden=\"true\" class=\"wp-block-spacer\"><\/div>\n\n\n\n<div class=\"wp-block-coblocks-gallery-carousel coblocks-animate\" data-coblocks-animation=\"slideInLeft\"><div class=\"is-cropped coblocks-gallery has-no-alignment has-caption-style-dark has-horizontal-gutter\"><div class=\"has-carousel has-carousel-lrg\" style=\"height:400px\" data-flickity=\"{&quot;autoPlay&quot;:3000,&quot;draggable&quot;:true,&quot;pageDots&quot;:false,&quot;prevNextButtons&quot;:true,&quot;wrapAround&quot;:true,&quot;cellAlign&quot;:&quot;center&quot;,&quot;pauseAutoPlayOnHover&quot;:false,&quot;freeScroll&quot;:true,&quot;arrowShape&quot;:{&quot;x0&quot;:10,&quot;x1&quot;:60,&quot;y1&quot;:50,&quot;x2&quot;:65,&quot;y2&quot;:45,&quot;x3&quot;:20},&quot;thumbnails&quot;:false,&quot;responsiveHeight&quot;:false}\"><div class=\"coblocks-gallery--item\"><figure class=\"coblocks-gallery--figure has-margin-left-5 has-margin-left-mobile-5 has-margin-right-5 has-margin-right-mobile-5\"><img fetchpriority=\"high\" decoding=\"async\" width=\"1024\" height=\"683\" src=\"https:\/\/www.ejercito.mil.uy\/wp-content\/uploads\/2021\/04\/Treinta_y_Tres_Orientales-2-1-1024x683.jpg\" alt=\"\" data-id=\"2247\" data-link=\"https:\/\/www.ejercito.mil.uy\/?attachment_id=2247\" class=\"wp-image-2247\" srcset=\"https:\/\/www.ejercito.mil.uy\/wp-content\/uploads\/2021\/04\/Treinta_y_Tres_Orientales-2-1-1024x683.jpg 1024w, https:\/\/www.ejercito.mil.uy\/wp-content\/uploads\/2021\/04\/Treinta_y_Tres_Orientales-2-1-300x200.jpg 300w, https:\/\/www.ejercito.mil.uy\/wp-content\/uploads\/2021\/04\/Treinta_y_Tres_Orientales-2-1.jpg 1200w\" sizes=\"(max-width: 1024px) 100vw, 1024px\" \/><\/figure><\/div><div class=\"coblocks-gallery--item\"><figure class=\"coblocks-gallery--figure has-margin-left-5 has-margin-left-mobile-5 has-margin-right-5 has-margin-right-mobile-5\"><img decoding=\"async\" width=\"1024\" height=\"683\" src=\"https:\/\/www.ejercito.mil.uy\/wp-content\/uploads\/2021\/04\/Treinta_y_Tres_Orientales-4-1-1024x683.jpg\" alt=\"\" data-id=\"2251\" data-link=\"https:\/\/www.ejercito.mil.uy\/?attachment_id=2251\" class=\"wp-image-2251\" srcset=\"https:\/\/www.ejercito.mil.uy\/wp-content\/uploads\/2021\/04\/Treinta_y_Tres_Orientales-4-1-1024x683.jpg 1024w, https:\/\/www.ejercito.mil.uy\/wp-content\/uploads\/2021\/04\/Treinta_y_Tres_Orientales-4-1-300x200.jpg 300w, https:\/\/www.ejercito.mil.uy\/wp-content\/uploads\/2021\/04\/Treinta_y_Tres_Orientales-4-1.jpg 1200w\" sizes=\"(max-width: 1024px) 100vw, 1024px\" \/><\/figure><\/div><div class=\"coblocks-gallery--item\"><figure class=\"coblocks-gallery--figure has-margin-left-5 has-margin-left-mobile-5 has-margin-right-5 has-margin-right-mobile-5\"><img loading=\"lazy\" decoding=\"async\" width=\"1024\" height=\"683\" src=\"https:\/\/www.ejercito.mil.uy\/wp-content\/uploads\/2021\/04\/Treinta_y_Tres_Orientales-5-1-1024x683.jpg\" alt=\"\" data-id=\"2253\" data-link=\"https:\/\/www.ejercito.mil.uy\/?attachment_id=2253\" class=\"wp-image-2253\" srcset=\"https:\/\/www.ejercito.mil.uy\/wp-content\/uploads\/2021\/04\/Treinta_y_Tres_Orientales-5-1-1024x683.jpg 1024w, https:\/\/www.ejercito.mil.uy\/wp-content\/uploads\/2021\/04\/Treinta_y_Tres_Orientales-5-1-300x200.jpg 300w, https:\/\/www.ejercito.mil.uy\/wp-content\/uploads\/2021\/04\/Treinta_y_Tres_Orientales-5-1.jpg 1200w\" sizes=\"(max-width: 1024px) 100vw, 1024px\" \/><\/figure><\/div><div class=\"coblocks-gallery--item\"><figure class=\"coblocks-gallery--figure has-margin-left-5 has-margin-left-mobile-5 has-margin-right-5 has-margin-right-mobile-5\"><img loading=\"lazy\" decoding=\"async\" width=\"1024\" height=\"683\" src=\"https:\/\/www.ejercito.mil.uy\/wp-content\/uploads\/2021\/04\/Treinta_y_Tres_Orientales-10-1-1024x683.jpg\" alt=\"\" data-id=\"2254\" data-link=\"https:\/\/www.ejercito.mil.uy\/?attachment_id=2254\" class=\"wp-image-2254\" srcset=\"https:\/\/www.ejercito.mil.uy\/wp-content\/uploads\/2021\/04\/Treinta_y_Tres_Orientales-10-1-1024x683.jpg 1024w, https:\/\/www.ejercito.mil.uy\/wp-content\/uploads\/2021\/04\/Treinta_y_Tres_Orientales-10-1-300x200.jpg 300w, https:\/\/www.ejercito.mil.uy\/wp-content\/uploads\/2021\/04\/Treinta_y_Tres_Orientales-10-1.jpg 1200w\" sizes=\"(max-width: 1024px) 100vw, 1024px\" \/><\/figure><\/div><div class=\"coblocks-gallery--item\"><figure class=\"coblocks-gallery--figure has-margin-left-5 has-margin-left-mobile-5 has-margin-right-5 has-margin-right-mobile-5\"><img loading=\"lazy\" decoding=\"async\" width=\"1024\" height=\"683\" src=\"https:\/\/www.ejercito.mil.uy\/wp-content\/uploads\/2021\/04\/Treinta_y_Tres_Orientales-11-1-1024x683.jpg\" alt=\"\" data-id=\"2255\" data-link=\"https:\/\/www.ejercito.mil.uy\/?attachment_id=2255\" class=\"wp-image-2255\" srcset=\"https:\/\/www.ejercito.mil.uy\/wp-content\/uploads\/2021\/04\/Treinta_y_Tres_Orientales-11-1-1024x683.jpg 1024w, https:\/\/www.ejercito.mil.uy\/wp-content\/uploads\/2021\/04\/Treinta_y_Tres_Orientales-11-1-300x200.jpg 300w, https:\/\/www.ejercito.mil.uy\/wp-content\/uploads\/2021\/04\/Treinta_y_Tres_Orientales-11-1.jpg 1200w\" sizes=\"(max-width: 1024px) 100vw, 1024px\" \/><\/figure><\/div><\/div><\/div><figcaption class=\"coblocks-gallery--caption coblocks-gallery--primary-caption\">Rep\u00fablica Democr\u00e1tica del Congo<\/figcaption><\/div>\n\n\n\n<div style=\"height:33px\" aria-hidden=\"true\" class=\"wp-block-spacer\"><\/div>\n\n\n\n<p><img decoding=\"async\" height=\"16\" width=\"16\" alt=\"\u2705\" src=\"https:\/\/static.xx.fbcdn.net\/images\/emoji.php\/v9\/t33\/1\/16\/2705.png\"> <strong>Compa\u00f1\u00eda Uruguaya de Infanter\u00eda Mecanizada &#8211; UNDOF<\/strong> &#8211; Rep\u00fablica \u00c1rabe de Siria (El Gol\u00e1n)<\/p>\n\n\n\n<figure class=\"wp-block-gallery columns-2 is-cropped wp-block-gallery-1 is-layout-flex wp-block-gallery-is-layout-flex\"><ul class=\"blocks-gallery-grid\"><li class=\"blocks-gallery-item\"><figure><img loading=\"lazy\" decoding=\"async\" width=\"1024\" height=\"683\" src=\"https:\/\/www.ejercito.mil.uy\/wp-content\/uploads\/2021\/04\/Treinta_y_Tres_Orientales-6-1-1024x683.jpg\" alt=\"\" data-id=\"2259\" data-link=\"https:\/\/www.ejercito.mil.uy\/?attachment_id=2259\" class=\"wp-image-2259\" srcset=\"https:\/\/www.ejercito.mil.uy\/wp-content\/uploads\/2021\/04\/Treinta_y_Tres_Orientales-6-1-1024x683.jpg 1024w, https:\/\/www.ejercito.mil.uy\/wp-content\/uploads\/2021\/04\/Treinta_y_Tres_Orientales-6-1-300x200.jpg 300w, https:\/\/www.ejercito.mil.uy\/wp-content\/uploads\/2021\/04\/Treinta_y_Tres_Orientales-6-1.jpg 1200w\" sizes=\"(max-width: 1024px) 100vw, 1024px\" \/><figcaption class=\"blocks-gallery-item__caption\">Rep\u00fablica \u00c1rabe de Siria (El Gol\u00e1n)<\/figcaption><\/figure><\/li><li class=\"blocks-gallery-item\"><figure><img loading=\"lazy\" decoding=\"async\" width=\"1024\" height=\"683\" src=\"https:\/\/www.ejercito.mil.uy\/wp-content\/uploads\/2021\/04\/Treinta_y_Tres_Orientales-1-1-1024x683.jpg\" alt=\"\" data-id=\"2257\" data-link=\"https:\/\/www.ejercito.mil.uy\/?attachment_id=2257\" class=\"wp-image-2257\" srcset=\"https:\/\/www.ejercito.mil.uy\/wp-content\/uploads\/2021\/04\/Treinta_y_Tres_Orientales-1-1-1024x683.jpg 1024w, https:\/\/www.ejercito.mil.uy\/wp-content\/uploads\/2021\/04\/Treinta_y_Tres_Orientales-1-1-300x200.jpg 300w, https:\/\/www.ejercito.mil.uy\/wp-content\/uploads\/2021\/04\/Treinta_y_Tres_Orientales-1-1.jpg 1200w\" sizes=\"(max-width: 1024px) 100vw, 1024px\" \/><figcaption class=\"blocks-gallery-item__caption\">Rep\u00fablica \u00c1rabe de Siria (El Gol\u00e1n)<\/figcaption><\/figure><\/li><\/ul><\/figure>\n\n\n\n<div style=\"height:33px\" aria-hidden=\"true\" class=\"wp-block-spacer\"><\/div>\n\n\n\n<p><img decoding=\"async\" height=\"16\" width=\"16\" alt=\"\u2705\" src=\"https:\/\/static.xx.fbcdn.net\/images\/emoji.php\/v9\/t33\/1\/16\/2705.png\"> <strong>Agrupamiento Especial de Transporte e Ingenieros &#8211; Multinational Force &amp; Observers (MFO)<\/strong> \u2013 Rep\u00fablica \u00c1rabe de Egipto (Pen\u00ednsula del Sina\u00ed)<\/p>\n\n\n\n<div style=\"height:33px\" aria-hidden=\"true\" class=\"wp-block-spacer\"><\/div>\n\n\n\n<p><img decoding=\"async\" height=\"16\" width=\"16\" alt=\"\u2705\" src=\"https:\/\/static.xx.fbcdn.net\/images\/emoji.php\/v9\/t33\/1\/16\/2705.png\"> <strong>Dotaci\u00f3n \u201cAntarkos XXXVII\u201d &#8211; Base Cient\u00edfica Ant\u00e1rtica Artigas<\/strong><\/p>\n\n\n\n<div style=\"height:33px\" aria-hidden=\"true\" class=\"wp-block-spacer\"><\/div>\n\n\n\n<div class=\"wp-block-image\"><figure class=\"aligncenter\"><img loading=\"lazy\" decoding=\"async\" width=\"1024\" height=\"683\" src=\"https:\/\/www.ejercito.mil.uy\/wp-content\/uploads\/2021\/04\/Treinta_y_Tres_Orientales-12-1024x683.jpg\" alt=\"\" class=\"wp-image-2233\" srcset=\"https:\/\/www.ejercito.mil.uy\/wp-content\/uploads\/2021\/04\/Treinta_y_Tres_Orientales-12-1024x683.jpg 1024w, https:\/\/www.ejercito.mil.uy\/wp-content\/uploads\/2021\/04\/Treinta_y_Tres_Orientales-12-300x200.jpg 300w, https:\/\/www.ejercito.mil.uy\/wp-content\/uploads\/2021\/04\/Treinta_y_Tres_Orientales-12.jpg 1200w\" sizes=\"(max-width: 1024px) 100vw, 1024px\" \/><figcaption>Dotaci\u00f3n \u201cAntarkos XXXVII\u201d &#8211; Base Cient\u00edfica Ant\u00e1rtica Artigas<\/figcaption><\/figure><\/div>\n\n\n\n<div style=\"height:33px\" aria-hidden=\"true\" class=\"wp-block-spacer\"><\/div>\n\n\n\n<p>En cada uno de los lugares, se leyeron palabras alusivas al hecho hist\u00f3rico, se destacan ciertos fragmentos, en la Plaza de Armas de la Compa\u00f1\u00eda que se encuentra en <strong>El Gol\u00e1n<\/strong> se exclam\u00f3<em> \u00absomos herederos de la hombr\u00eda de esos &#8217;33 Orientales&#8217; y responsables de llevar en la actualidad con igual \u00edmpetu los m\u00e1s distinguidos valores que caracterizan al Soldado Oriental\u00bb<\/em>.<\/p>\n\n\n\n<div style=\"height:33px\" aria-hidden=\"true\" class=\"wp-block-spacer\"><\/div>\n\n\n\n<div class=\"wp-block-image\"><figure class=\"aligncenter size-large is-resized\"><img loading=\"lazy\" decoding=\"async\" src=\"https:\/\/www.ejercito.mil.uy\/wp-content\/uploads\/2021\/04\/Treinta_y_Tres_Orientales-9-1024x683.jpg\" alt=\"\" class=\"wp-image-2235\" width=\"840\" height=\"560\" srcset=\"https:\/\/www.ejercito.mil.uy\/wp-content\/uploads\/2021\/04\/Treinta_y_Tres_Orientales-9-1024x683.jpg 1024w, https:\/\/www.ejercito.mil.uy\/wp-content\/uploads\/2021\/04\/Treinta_y_Tres_Orientales-9-300x200.jpg 300w, https:\/\/www.ejercito.mil.uy\/wp-content\/uploads\/2021\/04\/Treinta_y_Tres_Orientales-9.jpg 1200w\" sizes=\"(max-width: 840px) 100vw, 840px\" \/><figcaption>Compa\u00f1\u00eda Uruguaya de Infanter\u00eda Mecanizada &#8211; UNDOF &#8211; Rep\u00fablica \u00c1rabe de Siria (El Gol\u00e1n)<\/figcaption><\/figure><\/div>\n\n\n\n<div style=\"height:33px\" aria-hidden=\"true\" class=\"wp-block-spacer\"><\/div>\n\n\n\n<p>Mientras que en la <strong>Pen\u00ednsula del Sina\u00ed<\/strong>, el Jefe del Agrupamiento le dijo a su personal a cargo: <em>\u00absiendo portadores de tradiciones, ideales y costumbres que nos hacen diferentes, pero a la vez iguales a aquellos pueblos que han sabido luchar por el preciado valor que posee una naci\u00f3n, la libertad de sus integrantes\u00bb<\/em>.<\/p>\n\n\n\n<div style=\"height:33px\" aria-hidden=\"true\" class=\"wp-block-spacer\"><\/div>\n\n\n\n<div class=\"wp-block-image\"><figure class=\"aligncenter size-large\"><img loading=\"lazy\" decoding=\"async\" width=\"1024\" height=\"683\" src=\"https:\/\/www.ejercito.mil.uy\/wp-content\/uploads\/2021\/04\/Treinta_y_Tres_Orientales-14-1024x683.jpg\" alt=\"\" class=\"wp-image-2234\" srcset=\"https:\/\/www.ejercito.mil.uy\/wp-content\/uploads\/2021\/04\/Treinta_y_Tres_Orientales-14-1024x683.jpg 1024w, https:\/\/www.ejercito.mil.uy\/wp-content\/uploads\/2021\/04\/Treinta_y_Tres_Orientales-14-300x200.jpg 300w, https:\/\/www.ejercito.mil.uy\/wp-content\/uploads\/2021\/04\/Treinta_y_Tres_Orientales-14.jpg 1200w\" sizes=\"(max-width: 1024px) 100vw, 1024px\" \/><figcaption>Agrupamiento Especial de Transporte e Ingenieros &#8211; Multinational Force &amp; Observers (MFO)<br>Rep\u00fablica \u00c1rabe de Egipto (Pen\u00ednsula del Sina\u00ed)<\/figcaption><\/figure><\/div>\n\n\n\n<div style=\"height:33px\" aria-hidden=\"true\" class=\"wp-block-spacer\"><\/div>\n\n\n\n<p>Por otra parte, en nuestro pa\u00eds, el <strong>Sr. Ministro de Defensa Nacional, Dr. Javier Garc\u00eda<\/strong> junto al <strong>Sr. Comandante en Jefe del Ej\u00e9rcito, Gral. de Ej\u00e9rcito, Gerardo Fregossi<\/strong> encabezaron un acto realizado en la <strong>Brigada de Comunicaciones N\u00ba 1<\/strong>.<\/p>\n\n\n\n<p><\/p>\n\n\n\n<div style=\"height:33px\" aria-hidden=\"true\" class=\"wp-block-spacer\"><\/div>\n\n\n\n<div class=\"wp-block-coblocks-gallery-carousel coblocks-animate\" data-coblocks-animation=\"slideInLeft\"><div class=\"is-cropped coblocks-gallery has-no-alignment has-caption-style-dark has-horizontal-gutter\"><div class=\"has-carousel has-carousel-lrg\" style=\"height:400px\" data-flickity=\"{&quot;autoPlay&quot;:3000,&quot;draggable&quot;:true,&quot;pageDots&quot;:false,&quot;prevNextButtons&quot;:true,&quot;wrapAround&quot;:true,&quot;cellAlign&quot;:&quot;center&quot;,&quot;pauseAutoPlayOnHover&quot;:false,&quot;freeScroll&quot;:true,&quot;arrowShape&quot;:{&quot;x0&quot;:10,&quot;x1&quot;:60,&quot;y1&quot;:50,&quot;x2&quot;:65,&quot;y2&quot;:45,&quot;x3&quot;:20},&quot;thumbnails&quot;:false,&quot;responsiveHeight&quot;:false}\"><div class=\"coblocks-gallery--item\"><figure class=\"coblocks-gallery--figure has-margin-left-5 has-margin-left-mobile-5 has-margin-right-5 has-margin-right-mobile-5\"><img loading=\"lazy\" decoding=\"async\" width=\"1024\" height=\"683\" src=\"https:\/\/www.ejercito.mil.uy\/wp-content\/uploads\/2021\/04\/Treinta_y_Tres_Orientales-3-1-1024x683.jpg\" alt=\"\" data-id=\"2237\" data-link=\"https:\/\/www.ejercito.mil.uy\/?attachment_id=2237\" class=\"wp-image-2237\" srcset=\"https:\/\/www.ejercito.mil.uy\/wp-content\/uploads\/2021\/04\/Treinta_y_Tres_Orientales-3-1-1024x683.jpg 1024w, https:\/\/www.ejercito.mil.uy\/wp-content\/uploads\/2021\/04\/Treinta_y_Tres_Orientales-3-1-300x200.jpg 300w, https:\/\/www.ejercito.mil.uy\/wp-content\/uploads\/2021\/04\/Treinta_y_Tres_Orientales-3-1.jpg 1200w\" sizes=\"(max-width: 1024px) 100vw, 1024px\" \/><\/figure><\/div><div class=\"coblocks-gallery--item\"><figure class=\"coblocks-gallery--figure has-margin-left-5 has-margin-left-mobile-5 has-margin-right-5 has-margin-right-mobile-5\"><img loading=\"lazy\" decoding=\"async\" width=\"1024\" height=\"683\" src=\"https:\/\/www.ejercito.mil.uy\/wp-content\/uploads\/2021\/04\/Treinta_y_Tres_Orientales-8-1024x683.jpg\" alt=\"\" data-id=\"2238\" data-link=\"https:\/\/www.ejercito.mil.uy\/?attachment_id=2238\" class=\"wp-image-2238\" srcset=\"https:\/\/www.ejercito.mil.uy\/wp-content\/uploads\/2021\/04\/Treinta_y_Tres_Orientales-8-1024x683.jpg 1024w, https:\/\/www.ejercito.mil.uy\/wp-content\/uploads\/2021\/04\/Treinta_y_Tres_Orientales-8-300x200.jpg 300w, https:\/\/www.ejercito.mil.uy\/wp-content\/uploads\/2021\/04\/Treinta_y_Tres_Orientales-8.jpg 1200w\" sizes=\"(max-width: 1024px) 100vw, 1024px\" \/><\/figure><\/div><div class=\"coblocks-gallery--item\"><figure class=\"coblocks-gallery--figure has-margin-left-5 has-margin-left-mobile-5 has-margin-right-5 has-margin-right-mobile-5\"><img loading=\"lazy\" decoding=\"async\" width=\"1024\" height=\"683\" src=\"https:\/\/www.ejercito.mil.uy\/wp-content\/uploads\/2021\/04\/Treinta_y_Tres_Orientales-13-1-1024x683.jpg\" alt=\"\" data-id=\"2242\" data-link=\"https:\/\/www.ejercito.mil.uy\/?attachment_id=2242\" class=\"wp-image-2242\" srcset=\"https:\/\/www.ejercito.mil.uy\/wp-content\/uploads\/2021\/04\/Treinta_y_Tres_Orientales-13-1-1024x683.jpg 1024w, https:\/\/www.ejercito.mil.uy\/wp-content\/uploads\/2021\/04\/Treinta_y_Tres_Orientales-13-1-300x200.jpg 300w, https:\/\/www.ejercito.mil.uy\/wp-content\/uploads\/2021\/04\/Treinta_y_Tres_Orientales-13-1.jpg 1200w\" sizes=\"(max-width: 1024px) 100vw, 1024px\" \/><\/figure><\/div><div class=\"coblocks-gallery--item\"><figure class=\"coblocks-gallery--figure has-margin-left-5 has-margin-left-mobile-5 has-margin-right-5 has-margin-right-mobile-5\"><img loading=\"lazy\" decoding=\"async\" width=\"1024\" height=\"683\" src=\"https:\/\/www.ejercito.mil.uy\/wp-content\/uploads\/2021\/04\/Treinta_y_Tres_Orientales-15-1-1024x683.jpg\" alt=\"\" data-id=\"2244\" data-link=\"https:\/\/www.ejercito.mil.uy\/?attachment_id=2244\" class=\"wp-image-2244\" srcset=\"https:\/\/www.ejercito.mil.uy\/wp-content\/uploads\/2021\/04\/Treinta_y_Tres_Orientales-15-1-1024x683.jpg 1024w, https:\/\/www.ejercito.mil.uy\/wp-content\/uploads\/2021\/04\/Treinta_y_Tres_Orientales-15-1-300x200.jpg 300w, https:\/\/www.ejercito.mil.uy\/wp-content\/uploads\/2021\/04\/Treinta_y_Tres_Orientales-15-1.jpg 1200w\" sizes=\"(max-width: 1024px) 100vw, 1024px\" \/><\/figure><\/div><div class=\"coblocks-gallery--item\"><figure class=\"coblocks-gallery--figure has-margin-left-5 has-margin-left-mobile-5 has-margin-right-5 has-margin-right-mobile-5\"><img loading=\"lazy\" decoding=\"async\" width=\"1024\" height=\"683\" src=\"https:\/\/www.ejercito.mil.uy\/wp-content\/uploads\/2021\/04\/Treinta_y_Tres_Orientales-16-1-1024x683.jpg\" alt=\"\" data-id=\"2245\" data-link=\"https:\/\/www.ejercito.mil.uy\/?attachment_id=2245\" class=\"wp-image-2245\" srcset=\"https:\/\/www.ejercito.mil.uy\/wp-content\/uploads\/2021\/04\/Treinta_y_Tres_Orientales-16-1-1024x683.jpg 1024w, https:\/\/www.ejercito.mil.uy\/wp-content\/uploads\/2021\/04\/Treinta_y_Tres_Orientales-16-1-300x200.jpg 300w, https:\/\/www.ejercito.mil.uy\/wp-content\/uploads\/2021\/04\/Treinta_y_Tres_Orientales-16-1.jpg 1200w\" sizes=\"(max-width: 1024px) 100vw, 1024px\" \/><\/figure><\/div><\/div><\/div><figcaption class=\"coblocks-gallery--caption coblocks-gallery--primary-caption\">Brigada de Comunicaciones N\u00ba 1<\/figcaption><\/div>\n\n\n\n<p><\/p>\n","protected":false},"excerpt":{"rendered":"<p>20.04.2021 Compartimos im\u00e1genes sobre la celebraci\u00f3n de un nuevo aniversario del Desembarco de los Treinta y Tres Orientales, por parte de los efectivos desplegados en el exterior: Batall\u00f3n de Infanter\u00eda \u00abUruguay IV\u00bb &#8211; MONUSCO &#8211; Rep\u00fablica Democr\u00e1tica del Congo Compa\u00f1\u00eda Uruguaya de Infanter\u00eda Mecanizada &#8211; UNDOF &#8211; Rep\u00fablica \u00c1rabe de Siria (El Gol\u00e1n) Agrupamiento Especial <a href=\"https:\/\/www.ejercito.mil.uy\/index.php\/2021\/04\/20\/celebracion-de-un-nuevo-aniversario-del-desembarco-de-los-treinta-y-tres-orientales\/\" class=\"more-link\">&#8230;<span class=\"screen-reader-text\">  Celebraci\u00f3n de un nuevo aniversario del Desembarco de los Treinta y Tres Orientales<\/span><\/a><\/p>\n","protected":false},"author":4,"featured_media":2254,"comment_status":"closed","ping_status":"open","sticky":false,"template":"","format":"standard","meta":{"_coblocks_attr":"","_coblocks_dimensions":"","_coblocks_responsive_height":"","_coblocks_accordion_ie_support":"","_monsterinsights_skip_tracking":false,"_monsterinsights_sitenote_active":false,"_monsterinsights_sitenote_note":"","_monsterinsights_sitenote_category":0,"_uf_show_specific_survey":0,"_uf_disable_surveys":false,"footnotes":""},"categories":[2,14],"tags":[44,42,41,40],"class_list":["post-2231","post","type-post","status-publish","format-standard","has-post-thumbnail","hentry","category-blog","category-noticias","tag-ceremonia","tag-cruzadalibertadora","tag-historia","tag-treintaytresorientales"],"aioseo_notices":[],"_links":{"self":[{"href":"https:\/\/www.ejercito.mil.uy\/index.php\/wp-json\/wp\/v2\/posts\/2231","targetHints":{"allow":["GET"]}}],"collection":[{"href":"https:\/\/www.ejercito.mil.uy\/index.php\/wp-json\/wp\/v2\/posts"}],"about":[{"href":"https:\/\/www.ejercito.mil.uy\/index.php\/wp-json\/wp\/v2\/types\/post"}],"author":[{"embeddable":true,"href":"https:\/\/www.ejercito.mil.uy\/index.php\/wp-json\/wp\/v2\/users\/4"}],"replies":[{"embeddable":true,"href":"https:\/\/www.ejercito.mil.uy\/index.php\/wp-json\/wp\/v2\/comments?post=2231"}],"version-history":[{"count":9,"href":"https:\/\/www.ejercito.mil.uy\/index.php\/wp-json\/wp\/v2\/posts\/2231\/revisions"}],"predecessor-version":[{"id":2301,"href":"https:\/\/www.ejercito.mil.uy\/index.php\/wp-json\/wp\/v2\/posts\/2231\/revisions\/2301"}],"wp:featuredmedia":[{"embeddable":true,"href":"https:\/\/www.ejercito.mil.uy\/index.php\/wp-json\/wp\/v2\/media\/2254"}],"wp:attachment":[{"href":"https:\/\/www.ejercito.mil.uy\/index.php\/wp-json\/wp\/v2\/media?parent=2231"}],"wp:term":[{"taxonomy":"category","embeddable":true,"href":"https:\/\/www.ejercito.mil.uy\/index.php\/wp-json\/wp\/v2\/categories?post=2231"},{"taxonomy":"post_tag","embeddable":true,"href":"https:\/\/www.ejercito.mil.uy\/index.php\/wp-json\/wp\/v2\/tags?post=2231"}],"curies":[{"name":"wp","href":"https:\/\/api.w.org\/{rel}","templated":true}]}}