{"id":22340,"date":"2023-06-06T17:00:00","date_gmt":"2023-06-06T20:00:00","guid":{"rendered":"https:\/\/www.ejercito.mil.uy\/?p=22340"},"modified":"2023-06-12T13:18:01","modified_gmt":"2023-06-12T16:18:01","slug":"efectivos-uruguayos-impartieron-clases-a-los-alumnos-del-centro-de-entrenamiento-y-capacitacion-para-operaciones-de-paz","status":"publish","type":"post","link":"https:\/\/www.ejercito.mil.uy\/index.php\/2023\/06\/06\/efectivos-uruguayos-impartieron-clases-a-los-alumnos-del-centro-de-entrenamiento-y-capacitacion-para-operaciones-de-paz\/","title":{"rendered":"Efectivos uruguayos impartieron clases en Per\u00fa"},"content":{"rendered":"\n<p class=\"has-small-font-size\">06.06.2023 &#8211; Rep\u00fablica del Per\u00fa<\/p>\n\n\n\n<div style=\"height:33px\" aria-hidden=\"true\" class=\"wp-block-spacer\"><\/div>\n\n\n\n<p class=\"has-white-color has-vivid-cyan-blue-background-color has-text-color has-background\"><strong>Del 22 al 26 de mayo, se desarroll\u00f3 el Curso de \u00ab\ud835\udc08\ud835\udc1d\ud835\udc1e\ud835\udc27\ud835\udc2d\ud835\udc22\ud835\udc1f\ud835\udc22\ud835\udc1c\ud835\udc1a\ud835\udc1c\ud835\udc22\ud835\udc28\u0301\ud835\udc27 \ud835\udc1d\ud835\udc1e \ud835\udc00\ud835\udc26\ud835\udc1e\ud835\udc27\ud835\udc1a\ud835\udc33\ud835\udc1a\ud835\udc2c \ud835\udc1e\ud835\udc27 \ud835\udc00\u0301\ud835\udc2b\ud835\udc1e\ud835\udc1a\ud835\udc2c \ud835\udc07\ud835\udc28\ud835\udc2c\ud835\udc2d\ud835\udc22\ud835\udc25\ud835\udc1e\ud835\udc2c\u00bb en el Centro de Entrenamiento y Capacitaci\u00f3n para Operaciones de Paz (CECOPAZ) de la Rep\u00fablica del Per\u00fa<\/strong>.<\/p>\n\n\n\n<div style=\"height:33px\" aria-hidden=\"true\" class=\"wp-block-spacer\"><\/div>\n\n\n\n<div aria-label=\"Carousel Gallery\" class=\"wp-block-coblocks-gallery-carousel\"><div class=\"coblocks-gallery-carousel-swiper-container is-cropped coblocks-gallery has-no-alignment has-caption-style-dark has-no-thumbnails\"><div class=\"has-carousel has-carousel-xlrg swiper-container\" data-swiper=\"{&quot;alignCells&quot;:false,&quot;autoPlay&quot;:true,&quot;autoPlaySpeed&quot;:&quot;5000&quot;,&quot;draggable&quot;:true,&quot;freeMode&quot;:false,&quot;loop&quot;:true,&quot;navigation&quot;:true,&quot;pageDots&quot;:false,&quot;pauseHover&quot;:false,&quot;responsiveHeight&quot;:false,&quot;slidesPerView&quot;:1,&quot;thumbnails&quot;:false,&quot;uuid&quot;:&quot;12345&quot;}\" style=\"height:550px\"><div class=\"swiper-wrapper\"><div class=\"swiper-slide\"><div class=\"coblocks-gallery--item\" role=\"button\"><figure class=\"coblocks-gallery--figure\"><img fetchpriority=\"high\" decoding=\"async\" width=\"1024\" height=\"683\" alt=\"\" class=\"wp-image-22345\" data-id=\"22345\" data-link=\"https:\/\/www.ejercito.mil.uy\/index.php\/2023\/06\/06\/efectivos-uruguayos-impartieron-clases-a-los-alumnos-del-centro-de-entrenamiento-y-capacitacion-para-operaciones-de-paz\/1-11\/\" src=\"https:\/\/www.ejercito.mil.uy\/wp-content\/uploads\/2023\/06\/1-1-1024x683.jpg\" srcset=\"https:\/\/www.ejercito.mil.uy\/wp-content\/uploads\/2023\/06\/1-1-1024x683.jpg 1024w, https:\/\/www.ejercito.mil.uy\/wp-content\/uploads\/2023\/06\/1-1-300x200.jpg 300w, https:\/\/www.ejercito.mil.uy\/wp-content\/uploads\/2023\/06\/1-1.jpg 1200w\" sizes=\"(max-width: 1024px) 100vw, 1024px\" \/><\/figure><figcaption class=\"coblocks-gallery--caption coblocks-gallery--primary-caption\"><\/figcaption><\/div><\/div><div class=\"swiper-slide\"><div class=\"coblocks-gallery--item\" role=\"button\"><figure class=\"coblocks-gallery--figure\"><img decoding=\"async\" width=\"1024\" height=\"683\" alt=\"\" class=\"wp-image-22353\" data-id=\"22353\" data-link=\"https:\/\/www.ejercito.mil.uy\/index.php\/2023\/06\/05\/curso-proteccion-de-civiles\/2023-06-06-cacopaz\/\" src=\"https:\/\/www.ejercito.mil.uy\/wp-content\/uploads\/2023\/06\/2023-06-06-CACOPAZ-1024x683.jpg\" srcset=\"https:\/\/www.ejercito.mil.uy\/wp-content\/uploads\/2023\/06\/2023-06-06-CACOPAZ-1024x683.jpg 1024w, https:\/\/www.ejercito.mil.uy\/wp-content\/uploads\/2023\/06\/2023-06-06-CACOPAZ-300x200.jpg 300w, https:\/\/www.ejercito.mil.uy\/wp-content\/uploads\/2023\/06\/2023-06-06-CACOPAZ.jpg 1200w\" sizes=\"(max-width: 1024px) 100vw, 1024px\" \/><\/figure><figcaption class=\"coblocks-gallery--caption coblocks-gallery--primary-caption\"><\/figcaption><\/div><\/div><div class=\"swiper-slide\"><div class=\"coblocks-gallery--item\" role=\"button\"><figure class=\"coblocks-gallery--figure\"><img decoding=\"async\" width=\"1024\" height=\"683\" alt=\"\" class=\"wp-image-22341\" data-id=\"22341\" data-link=\"https:\/\/www.ejercito.mil.uy\/index.php\/2023\/06\/06\/efectivos-uruguayos-impartieron-clases-a-los-alumnos-del-centro-de-entrenamiento-y-capacitacion-para-operaciones-de-paz\/4-8\/\" src=\"https:\/\/www.ejercito.mil.uy\/wp-content\/uploads\/2023\/06\/4-2-1024x683.jpg\" srcset=\"https:\/\/www.ejercito.mil.uy\/wp-content\/uploads\/2023\/06\/4-2-1024x683.jpg 1024w, https:\/\/www.ejercito.mil.uy\/wp-content\/uploads\/2023\/06\/4-2-300x200.jpg 300w, https:\/\/www.ejercito.mil.uy\/wp-content\/uploads\/2023\/06\/4-2.jpg 1200w\" sizes=\"(max-width: 1024px) 100vw, 1024px\" \/><\/figure><figcaption class=\"coblocks-gallery--caption coblocks-gallery--primary-caption\"><\/figcaption><\/div><\/div><div class=\"swiper-slide\"><div class=\"coblocks-gallery--item\" role=\"button\"><figure class=\"coblocks-gallery--figure\"><img loading=\"lazy\" decoding=\"async\" width=\"1024\" height=\"683\" alt=\"\" class=\"wp-image-22342\" data-id=\"22342\" data-link=\"https:\/\/www.ejercito.mil.uy\/index.php\/2023\/06\/06\/efectivos-uruguayos-impartieron-clases-a-los-alumnos-del-centro-de-entrenamiento-y-capacitacion-para-operaciones-de-paz\/5-8\/\" src=\"https:\/\/www.ejercito.mil.uy\/wp-content\/uploads\/2023\/06\/5-1-1024x683.jpg\" srcset=\"https:\/\/www.ejercito.mil.uy\/wp-content\/uploads\/2023\/06\/5-1-1024x683.jpg 1024w, https:\/\/www.ejercito.mil.uy\/wp-content\/uploads\/2023\/06\/5-1-300x200.jpg 300w, https:\/\/www.ejercito.mil.uy\/wp-content\/uploads\/2023\/06\/5-1.jpg 1200w\" sizes=\"(max-width: 1024px) 100vw, 1024px\" \/><\/figure><figcaption class=\"coblocks-gallery--caption coblocks-gallery--primary-caption\"><\/figcaption><\/div><\/div><div class=\"swiper-slide\"><div class=\"coblocks-gallery--item\" role=\"button\"><figure class=\"coblocks-gallery--figure\"><img loading=\"lazy\" decoding=\"async\" width=\"1024\" height=\"683\" alt=\"\" class=\"wp-image-22346\" data-id=\"22346\" data-link=\"https:\/\/www.ejercito.mil.uy\/index.php\/2023\/06\/06\/efectivos-uruguayos-impartieron-clases-a-los-alumnos-del-centro-de-entrenamiento-y-capacitacion-para-operaciones-de-paz\/2-10\/\" src=\"https:\/\/www.ejercito.mil.uy\/wp-content\/uploads\/2023\/06\/2-1-1024x683.jpg\" srcset=\"https:\/\/www.ejercito.mil.uy\/wp-content\/uploads\/2023\/06\/2-1-1024x683.jpg 1024w, https:\/\/www.ejercito.mil.uy\/wp-content\/uploads\/2023\/06\/2-1-300x200.jpg 300w, https:\/\/www.ejercito.mil.uy\/wp-content\/uploads\/2023\/06\/2-1.jpg 1200w\" sizes=\"(max-width: 1024px) 100vw, 1024px\" \/><\/figure><figcaption class=\"coblocks-gallery--caption coblocks-gallery--primary-caption\"><\/figcaption><\/div><\/div><div class=\"swiper-slide\"><div class=\"coblocks-gallery--item\" role=\"button\"><figure class=\"coblocks-gallery--figure\"><img loading=\"lazy\" decoding=\"async\" width=\"1024\" height=\"683\" alt=\"\" class=\"wp-image-22352\" data-id=\"22352\" data-link=\"https:\/\/www.ejercito.mil.uy\/index.php\/2023\/06\/05\/curso-proteccion-de-civiles\/2023-06-06-cacopaz-ii\/\" src=\"https:\/\/www.ejercito.mil.uy\/wp-content\/uploads\/2023\/06\/2023-06-06-CACOPAZ-II-1024x683.jpg\" srcset=\"https:\/\/www.ejercito.mil.uy\/wp-content\/uploads\/2023\/06\/2023-06-06-CACOPAZ-II-1024x683.jpg 1024w, https:\/\/www.ejercito.mil.uy\/wp-content\/uploads\/2023\/06\/2023-06-06-CACOPAZ-II-300x200.jpg 300w, https:\/\/www.ejercito.mil.uy\/wp-content\/uploads\/2023\/06\/2023-06-06-CACOPAZ-II.jpg 1200w\" sizes=\"(max-width: 1024px) 100vw, 1024px\" \/><\/figure><figcaption class=\"coblocks-gallery--caption coblocks-gallery--primary-caption\"><\/figcaption><\/div><\/div><div class=\"swiper-slide\"><div class=\"coblocks-gallery--item\" role=\"button\"><figure class=\"coblocks-gallery--figure\"><img loading=\"lazy\" decoding=\"async\" width=\"1024\" height=\"683\" alt=\"\" class=\"wp-image-22344\" data-id=\"22344\" data-link=\"https:\/\/www.ejercito.mil.uy\/index.php\/2023\/06\/06\/efectivos-uruguayos-impartieron-clases-a-los-alumnos-del-centro-de-entrenamiento-y-capacitacion-para-operaciones-de-paz\/7-6\/\" src=\"https:\/\/www.ejercito.mil.uy\/wp-content\/uploads\/2023\/06\/7-1-1024x683.jpg\" srcset=\"https:\/\/www.ejercito.mil.uy\/wp-content\/uploads\/2023\/06\/7-1-1024x683.jpg 1024w, https:\/\/www.ejercito.mil.uy\/wp-content\/uploads\/2023\/06\/7-1-300x200.jpg 300w, https:\/\/www.ejercito.mil.uy\/wp-content\/uploads\/2023\/06\/7-1.jpg 1200w\" sizes=\"(max-width: 1024px) 100vw, 1024px\" \/><\/figure><figcaption class=\"coblocks-gallery--caption coblocks-gallery--primary-caption\"><\/figcaption><\/div><\/div><div class=\"swiper-slide\"><div class=\"coblocks-gallery--item\" role=\"button\"><figure class=\"coblocks-gallery--figure\"><img loading=\"lazy\" decoding=\"async\" width=\"1024\" height=\"683\" alt=\"\" class=\"wp-image-22343\" data-id=\"22343\" data-link=\"https:\/\/www.ejercito.mil.uy\/index.php\/2023\/06\/06\/efectivos-uruguayos-impartieron-clases-a-los-alumnos-del-centro-de-entrenamiento-y-capacitacion-para-operaciones-de-paz\/6-5\/\" src=\"https:\/\/www.ejercito.mil.uy\/wp-content\/uploads\/2023\/06\/6-1-1024x683.jpg\" srcset=\"https:\/\/www.ejercito.mil.uy\/wp-content\/uploads\/2023\/06\/6-1-1024x683.jpg 1024w, https:\/\/www.ejercito.mil.uy\/wp-content\/uploads\/2023\/06\/6-1-300x200.jpg 300w, https:\/\/www.ejercito.mil.uy\/wp-content\/uploads\/2023\/06\/6-1.jpg 1200w\" sizes=\"(max-width: 1024px) 100vw, 1024px\" \/><\/figure><figcaption class=\"coblocks-gallery--caption coblocks-gallery--primary-caption\"><\/figcaption><\/div><\/div><\/div><button class=\"nav-button__prev\" id=\"12345-prev\"><\/button><button class=\"nav-button__next\" id=\"12345-next\"><\/button><\/div><\/div><\/div>\n\n\n\n<div style=\"height:33px\" aria-hidden=\"true\" class=\"wp-block-spacer\"><\/div>\n\n\n\n<p>Un Mobile Training Team de Uruguay conformado por efectivos del Ej\u00e9rcito Nacional: Mayor Ra\u00fal Cabrera, Capit\u00e1n Conrado Mart\u00ednez y los Tenientes 1\u00b0 Marcia Montes y Miguel Acu\u00f1a, fueron parte del equipo de instructores que entren\u00f3 a los 22 alumnos del Curso, quienes ser\u00e1n desplegados en distintas Misiones de Paz de Naciones Unidas.<\/p>\n\n\n\n<div style=\"height:33px\" aria-hidden=\"true\" class=\"wp-block-spacer\"><\/div>\n\n\n\n<p>CECOPAZ tiene como misi\u00f3n, formar al personal Militar, Policial y Civil en Operaciones de Mantenimiento de Paz.<\/p>\n\n\n\n<div style=\"height:52px\" aria-hidden=\"true\" class=\"wp-block-spacer\"><\/div>\n","protected":false},"excerpt":{"rendered":"<p>06.06.2023 &#8211; Del 22 al 26 de mayo, se desarroll\u00f3 el Curso de \u00abIdentificaci\u00f3n de Amenazas en \u00c1reas Hostiles\u00bb en el Centro de Entrenamiento y Capacitaci\u00f3n para Operaciones de Paz (CECOPAZ) de la Rep\u00fablica del Per\u00fa.<\/p>\n","protected":false},"author":4,"featured_media":22347,"comment_status":"open","ping_status":"open","sticky":false,"template":"","format":"standard","meta":{"_coblocks_attr":"","_coblocks_dimensions":"","_coblocks_responsive_height":"","_coblocks_accordion_ie_support":"","_monsterinsights_skip_tracking":false,"_monsterinsights_sitenote_active":false,"_monsterinsights_sitenote_note":"","_monsterinsights_sitenote_category":0,"_uf_show_specific_survey":0,"_uf_disable_surveys":false,"footnotes":""},"categories":[2,14,1],"tags":[],"class_list":["post-22340","post","type-post","status-publish","format-standard","has-post-thumbnail","hentry","category-blog","category-noticias","category-sin-categoria"],"aioseo_notices":[],"_links":{"self":[{"href":"https:\/\/www.ejercito.mil.uy\/index.php\/wp-json\/wp\/v2\/posts\/22340","targetHints":{"allow":["GET"]}}],"collection":[{"href":"https:\/\/www.ejercito.mil.uy\/index.php\/wp-json\/wp\/v2\/posts"}],"about":[{"href":"https:\/\/www.ejercito.mil.uy\/index.php\/wp-json\/wp\/v2\/types\/post"}],"author":[{"embeddable":true,"href":"https:\/\/www.ejercito.mil.uy\/index.php\/wp-json\/wp\/v2\/users\/4"}],"replies":[{"embeddable":true,"href":"https:\/\/www.ejercito.mil.uy\/index.php\/wp-json\/wp\/v2\/comments?post=22340"}],"version-history":[{"count":7,"href":"https:\/\/www.ejercito.mil.uy\/index.php\/wp-json\/wp\/v2\/posts\/22340\/revisions"}],"predecessor-version":[{"id":22513,"href":"https:\/\/www.ejercito.mil.uy\/index.php\/wp-json\/wp\/v2\/posts\/22340\/revisions\/22513"}],"wp:featuredmedia":[{"embeddable":true,"href":"https:\/\/www.ejercito.mil.uy\/index.php\/wp-json\/wp\/v2\/media\/22347"}],"wp:attachment":[{"href":"https:\/\/www.ejercito.mil.uy\/index.php\/wp-json\/wp\/v2\/media?parent=22340"}],"wp:term":[{"taxonomy":"category","embeddable":true,"href":"https:\/\/www.ejercito.mil.uy\/index.php\/wp-json\/wp\/v2\/categories?post=22340"},{"taxonomy":"post_tag","embeddable":true,"href":"https:\/\/www.ejercito.mil.uy\/index.php\/wp-json\/wp\/v2\/tags?post=22340"}],"curies":[{"name":"wp","href":"https:\/\/api.w.org\/{rel}","templated":true}]}}