{"id":22419,"date":"2023-06-08T13:30:00","date_gmt":"2023-06-08T16:30:00","guid":{"rendered":"https:\/\/www.ejercito.mil.uy\/?p=22419"},"modified":"2023-06-08T15:24:33","modified_gmt":"2023-06-08T18:24:33","slug":"programa-plato-caliente-en-cerro-largo","status":"publish","type":"post","link":"https:\/\/www.ejercito.mil.uy\/index.php\/2023\/06\/08\/programa-plato-caliente-en-cerro-largo\/","title":{"rendered":"Programa \u201cPlato Caliente\u201d en Cerro Largo"},"content":{"rendered":"\n<p class=\"has-small-font-size\">08.06.2023 &#8211; Cerro Largo<\/p>\n\n\n\n<div style=\"height:33px\" aria-hidden=\"true\" class=\"wp-block-spacer\"><\/div>\n\n\n\n<p class=\"has-white-color has-text-color has-background\" style=\"background-color:#880a0a\"><strong>Este lunes 5 de junio, el Regimiento \u00abPatria\u00bb de Caballer\u00eda Blindado N\u00b0 8 comenz\u00f3 el apoyo a la Direcci\u00f3n General de Gesti\u00f3n Social de la Intendencia Departamental de Cerro Largo, en el marco del Programa \u201cPlato Caliente\u201d, dirigido a los arachanes m\u00e1s vulnerables.<\/strong><\/p>\n\n\n\n<div style=\"height:33px\" aria-hidden=\"true\" class=\"wp-block-spacer\"><\/div>\n\n\n\n<div aria-label=\"Carousel Gallery\" class=\"wp-block-coblocks-gallery-carousel\"><div class=\"coblocks-gallery-carousel-swiper-container is-cropped coblocks-gallery has-no-alignment has-caption-style-dark has-no-thumbnails\"><div class=\"has-carousel has-carousel-xlrg swiper-container\" data-swiper=\"{&quot;alignCells&quot;:false,&quot;autoPlay&quot;:true,&quot;autoPlaySpeed&quot;:&quot;5000&quot;,&quot;draggable&quot;:true,&quot;freeMode&quot;:false,&quot;loop&quot;:true,&quot;navigation&quot;:true,&quot;pageDots&quot;:false,&quot;pauseHover&quot;:false,&quot;responsiveHeight&quot;:false,&quot;slidesPerView&quot;:1,&quot;thumbnails&quot;:false,&quot;uuid&quot;:&quot;12345&quot;}\" style=\"height:550px\"><div class=\"swiper-wrapper\"><div class=\"swiper-slide\"><div class=\"coblocks-gallery--item\" role=\"button\"><figure class=\"coblocks-gallery--figure\"><img fetchpriority=\"high\" decoding=\"async\" width=\"1024\" height=\"683\" alt=\"\" class=\"wp-image-22420\" data-id=\"22420\" data-link=\"https:\/\/www.ejercito.mil.uy\/?attachment_id=22420\" src=\"https:\/\/www.ejercito.mil.uy\/wp-content\/uploads\/2023\/06\/1-2-1024x683.jpg\" srcset=\"https:\/\/www.ejercito.mil.uy\/wp-content\/uploads\/2023\/06\/1-2-1024x683.jpg 1024w, https:\/\/www.ejercito.mil.uy\/wp-content\/uploads\/2023\/06\/1-2-300x200.jpg 300w, https:\/\/www.ejercito.mil.uy\/wp-content\/uploads\/2023\/06\/1-2.jpg 1200w\" sizes=\"(max-width: 1024px) 100vw, 1024px\" \/><\/figure><figcaption class=\"coblocks-gallery--caption coblocks-gallery--primary-caption\"><\/figcaption><\/div><\/div><div class=\"swiper-slide\"><div class=\"coblocks-gallery--item\" role=\"button\"><figure class=\"coblocks-gallery--figure\"><img decoding=\"async\" width=\"1024\" height=\"683\" alt=\"\" class=\"wp-image-22421\" data-id=\"22421\" data-link=\"https:\/\/www.ejercito.mil.uy\/?attachment_id=22421\" src=\"https:\/\/www.ejercito.mil.uy\/wp-content\/uploads\/2023\/06\/2-2-1024x683.jpg\" srcset=\"https:\/\/www.ejercito.mil.uy\/wp-content\/uploads\/2023\/06\/2-2-1024x683.jpg 1024w, https:\/\/www.ejercito.mil.uy\/wp-content\/uploads\/2023\/06\/2-2-300x200.jpg 300w, https:\/\/www.ejercito.mil.uy\/wp-content\/uploads\/2023\/06\/2-2.jpg 1200w\" sizes=\"(max-width: 1024px) 100vw, 1024px\" \/><\/figure><figcaption class=\"coblocks-gallery--caption coblocks-gallery--primary-caption\"><\/figcaption><\/div><\/div><div class=\"swiper-slide\"><div class=\"coblocks-gallery--item\" role=\"button\"><figure class=\"coblocks-gallery--figure\"><img decoding=\"async\" width=\"1024\" height=\"683\" alt=\"\" class=\"wp-image-22422\" data-id=\"22422\" data-link=\"https:\/\/www.ejercito.mil.uy\/?attachment_id=22422\" src=\"https:\/\/www.ejercito.mil.uy\/wp-content\/uploads\/2023\/06\/3-3-1024x683.jpg\" srcset=\"https:\/\/www.ejercito.mil.uy\/wp-content\/uploads\/2023\/06\/3-3-1024x683.jpg 1024w, https:\/\/www.ejercito.mil.uy\/wp-content\/uploads\/2023\/06\/3-3-300x200.jpg 300w, https:\/\/www.ejercito.mil.uy\/wp-content\/uploads\/2023\/06\/3-3.jpg 1200w\" sizes=\"(max-width: 1024px) 100vw, 1024px\" \/><\/figure><figcaption class=\"coblocks-gallery--caption coblocks-gallery--primary-caption\"><\/figcaption><\/div><\/div><div class=\"swiper-slide\"><div class=\"coblocks-gallery--item\" role=\"button\"><figure class=\"coblocks-gallery--figure\"><img loading=\"lazy\" decoding=\"async\" width=\"1024\" height=\"683\" alt=\"\" class=\"wp-image-22423\" data-id=\"22423\" data-link=\"https:\/\/www.ejercito.mil.uy\/?attachment_id=22423\" src=\"https:\/\/www.ejercito.mil.uy\/wp-content\/uploads\/2023\/06\/4-3-1024x683.jpg\" srcset=\"https:\/\/www.ejercito.mil.uy\/wp-content\/uploads\/2023\/06\/4-3-1024x683.jpg 1024w, https:\/\/www.ejercito.mil.uy\/wp-content\/uploads\/2023\/06\/4-3-300x200.jpg 300w, https:\/\/www.ejercito.mil.uy\/wp-content\/uploads\/2023\/06\/4-3.jpg 1200w\" sizes=\"(max-width: 1024px) 100vw, 1024px\" \/><\/figure><figcaption class=\"coblocks-gallery--caption coblocks-gallery--primary-caption\"><\/figcaption><\/div><\/div><\/div><button class=\"nav-button__prev\" id=\"12345-prev\"><\/button><button class=\"nav-button__next\" id=\"12345-next\"><\/button><\/div><\/div><\/div>\n\n\n\n<div style=\"height:33px\" aria-hidden=\"true\" class=\"wp-block-spacer\"><\/div>\n\n\n\n<p>La Unidad apoya con 12 efectivos que son los encargados de elaborar diariamente, de lunes a viernes, 1500 plazas de comida que proporcionan asistencia a comedores de distintos barrios de la ciudad de Melo: Popular, Ca\u00f1ada Simanca, Prieto, Arp\u00ed, So\u00f1ora, Ru\u00edz, Humberto Pica, Trampol\u00edn, L\u00f3pez Ben\u00edtez, Souza, Las Palmas, Cuchilla de las Flores, Prieto, Las Acacias, Falc\u00f3n, Mendoza y La Pedrera.<\/p>\n\n\n\n<div style=\"height:33px\" aria-hidden=\"true\" class=\"wp-block-spacer\"><\/div>\n\n\n\n<p>Cada invierno, el personal trabaja en coordinaci\u00f3n con el <a href=\"https:\/\/www.facebook.com\/intendencia.cl?__cft__[0]=AZWUuC3tKhvYelmPieH-X8bdPvVoefhoTRTQZKYZwVFBPVLeXqXQj1gGpILIBmnRhmkeqnpwS-2Q7xNdfFcfenDpNxuE3rqMW9UG8MGpkJ1pQGcaj_wyJgpwfcegxFGx4W4Dg8ccRBHBZ_892uSNb9hQ&amp;__tn__=-]K-R\" target=\"_blank\" rel=\"noreferrer noopener\">Gobierno de Cerro Largo<\/a> para atender a personas en situaci\u00f3n de vulnerabilidad.<\/p>\n\n\n\n<div style=\"height:52px\" aria-hidden=\"true\" class=\"wp-block-spacer\"><\/div>\n\n\n\n<p>\u00a1Con la empat\u00eda, camarader\u00eda y fraternidad que estos casos requieren, salir adelante es m\u00e1s f\u00e1cil!<\/p>\n\n\n\n<div style=\"height:52px\" aria-hidden=\"true\" class=\"wp-block-spacer\"><\/div>\n","protected":false},"excerpt":{"rendered":"<p>08.06.2023 &#8211; Este lunes 5 de junio, el Regimiento \u00abPatria\u00bb de Caballer\u00eda Blindado N\u00b0 8 comenz\u00f3 el apoyo a la Direcci\u00f3n General de Gesti\u00f3n Social de la Intendencia Departamental de Cerro Largo, en el marco del Programa \u201cPlato Caliente\u201d, dirigido a los arachanes m\u00e1s vulnerables.<\/p>\n","protected":false},"author":4,"featured_media":22424,"comment_status":"open","ping_status":"open","sticky":false,"template":"","format":"standard","meta":{"_coblocks_attr":"","_coblocks_dimensions":"","_coblocks_responsive_height":"","_coblocks_accordion_ie_support":"","_monsterinsights_skip_tracking":false,"_monsterinsights_sitenote_active":false,"_monsterinsights_sitenote_note":"","_monsterinsights_sitenote_category":0,"_uf_show_specific_survey":0,"_uf_disable_surveys":false,"footnotes":""},"categories":[2,10,14,1],"tags":[27,995],"class_list":["post-22419","post","type-post","status-publish","format-standard","has-post-thumbnail","hentry","category-blog","category-destacados","category-noticias","category-sin-categoria","tag-apoyo","tag-plato-caliente"],"aioseo_notices":[],"_links":{"self":[{"href":"https:\/\/www.ejercito.mil.uy\/index.php\/wp-json\/wp\/v2\/posts\/22419","targetHints":{"allow":["GET"]}}],"collection":[{"href":"https:\/\/www.ejercito.mil.uy\/index.php\/wp-json\/wp\/v2\/posts"}],"about":[{"href":"https:\/\/www.ejercito.mil.uy\/index.php\/wp-json\/wp\/v2\/types\/post"}],"author":[{"embeddable":true,"href":"https:\/\/www.ejercito.mil.uy\/index.php\/wp-json\/wp\/v2\/users\/4"}],"replies":[{"embeddable":true,"href":"https:\/\/www.ejercito.mil.uy\/index.php\/wp-json\/wp\/v2\/comments?post=22419"}],"version-history":[{"count":1,"href":"https:\/\/www.ejercito.mil.uy\/index.php\/wp-json\/wp\/v2\/posts\/22419\/revisions"}],"predecessor-version":[{"id":22425,"href":"https:\/\/www.ejercito.mil.uy\/index.php\/wp-json\/wp\/v2\/posts\/22419\/revisions\/22425"}],"wp:featuredmedia":[{"embeddable":true,"href":"https:\/\/www.ejercito.mil.uy\/index.php\/wp-json\/wp\/v2\/media\/22424"}],"wp:attachment":[{"href":"https:\/\/www.ejercito.mil.uy\/index.php\/wp-json\/wp\/v2\/media?parent=22419"}],"wp:term":[{"taxonomy":"category","embeddable":true,"href":"https:\/\/www.ejercito.mil.uy\/index.php\/wp-json\/wp\/v2\/categories?post=22419"},{"taxonomy":"post_tag","embeddable":true,"href":"https:\/\/www.ejercito.mil.uy\/index.php\/wp-json\/wp\/v2\/tags?post=22419"}],"curies":[{"name":"wp","href":"https:\/\/api.w.org\/{rel}","templated":true}]}}