{"id":22470,"date":"2023-06-12T11:38:10","date_gmt":"2023-06-12T14:38:10","guid":{"rendered":"https:\/\/www.ejercito.mil.uy\/?p=22470"},"modified":"2023-06-16T15:06:38","modified_gmt":"2023-06-16T18:06:38","slug":"juradelabandera2023","status":"publish","type":"post","link":"https:\/\/www.ejercito.mil.uy\/index.php\/2023\/06\/12\/juradelabandera2023\/","title":{"rendered":"Jura de Fidelidad a la Bandera Nacional"},"content":{"rendered":"\n<p class=\"has-small-font-size\">12.06.2023 <\/p>\n\n\n\n<div style=\"height:50px\" aria-hidden=\"true\" class=\"wp-block-spacer\"><\/div>\n\n\n\n<p>El pr\u00f3ximo lunes 19 de junio se realizar\u00e1 el acto de Jura de Fidelidad a la Bandera Nacional, para ciudadanos y personal militar, convocamos a todos los que deseen tomar juramento.<\/p>\n\n\n\n<div style=\"height:50px\" aria-hidden=\"true\" class=\"wp-block-spacer\"><\/div>\n\n\n\n<p><br>En Montevideo: se realizar\u00e1 en el Liceo Militar \u00abGeneral Artigas\u00bb (Camino Castro 290).<\/p>\n\n\n\n<p>Para quienes vivan en Montevideo o Canelones, se podr\u00e1n inscribir via mail a trav\u00e9s de:<\/p>\n\n\n\n<p>\ud83d\udce8 secretarialmga@ejercito.mil.uy y por consultas comunicarse al <strong>2305 90 55<\/strong> interno <strong>203<\/strong>.<\/p>\n\n\n\n<div style=\"height:50px\" aria-hidden=\"true\" class=\"wp-block-spacer\"><\/div>\n\n\n\n<p><br>En el interior del pa\u00eds: en todas las Unidades Militares.<\/p>\n\n\n\n<div style=\"height:50px\" aria-hidden=\"true\" class=\"wp-block-spacer\"><\/div>\n\n\n\n<p><br>\u26a0\ufe0f Se requiere inscripci\u00f3n previa hasta el 15 de junio.<\/p>\n\n\n\n<div style=\"height:50px\" aria-hidden=\"true\" class=\"wp-block-spacer\"><\/div>\n\n\n\n<p><strong><em>Requisitos para los ciudadanos:<\/em><\/strong><\/p>\n\n\n\n<p>\ud83e\uddcd\u200d\u2642\ufe0f personalmente presentar C\u00e9dula de Identidad y Credencial C\u00edvica<\/p>\n\n\n\n<p>\ud83e\udeaa en caso de ser ciudadano legal deber\u00e1 adjuntar C\u00e9dula de Identidad y Carta de Ciudadan\u00eda<\/p>\n\n\n\n<p>\ud83d\udce8 mediante correo electr\u00f3nico adjuntar documentos previamente mencionados<\/p>\n\n\n\n<div style=\"height:50px\" aria-hidden=\"true\" class=\"wp-block-spacer\"><\/div>\n\n\n\n<p><strong><em>Requisitos para Personal Militar:<\/em><\/strong><\/p>\n\n\n\n<p>Inscripciones en cada Unidad o Repartici\u00f3n, incluyendo los siguientes datos:<\/p>\n\n\n\n<ul class=\"wp-block-list\">\n<li><strong>&#8211; grado<\/strong><\/li>\n\n\n\n<li><strong>&#8211; nombre y apellido<\/strong><\/li>\n\n\n\n<li><strong>&#8211; C\u00e9dula de Identidad <\/strong><\/li>\n\n\n\n<li><strong>&#8211; Credencial C\u00edvica<\/strong><\/li>\n<\/ul>\n\n\n\n<div style=\"height:50px\" aria-hidden=\"true\" class=\"wp-block-spacer\"><\/div>\n\n\n\n<p>\u00a1Los esperamos! \ud83d\ude03\ud83d\udc4f<\/p>\n\n\n\n<div style=\"height:50px\" aria-hidden=\"true\" class=\"wp-block-spacer\"><\/div>\n","protected":false},"excerpt":{"rendered":"<p>12.06.2023 &#8211; El pr\u00f3ximo lunes 19 de junio se realizar\u00e1 el acto de Jura de Fidelidad a la Bandera Nacional, para ciudadanos y personal militar, convocamos a todos los que deseen tomar juramento.<\/p>\n","protected":false},"author":15,"featured_media":22484,"comment_status":"open","ping_status":"open","sticky":false,"template":"","format":"standard","meta":{"_coblocks_attr":"","_coblocks_dimensions":"","_coblocks_responsive_height":"","_coblocks_accordion_ie_support":"","_monsterinsights_skip_tracking":false,"_monsterinsights_sitenote_active":false,"_monsterinsights_sitenote_note":"","_monsterinsights_sitenote_category":0,"_uf_show_specific_survey":0,"_uf_disable_surveys":false,"footnotes":""},"categories":[2,14,1],"tags":[267,519,390,191,411],"class_list":["post-22470","post","type-post","status-publish","format-standard","has-post-thumbnail","hentry","category-blog","category-noticias","category-sin-categoria","tag-lafuerzadetodos","tag-acto","tag-ejercitodeluruguay","tag-juradelabandera","tag-yosoyelejercito"],"aioseo_notices":[],"_links":{"self":[{"href":"https:\/\/www.ejercito.mil.uy\/index.php\/wp-json\/wp\/v2\/posts\/22470","targetHints":{"allow":["GET"]}}],"collection":[{"href":"https:\/\/www.ejercito.mil.uy\/index.php\/wp-json\/wp\/v2\/posts"}],"about":[{"href":"https:\/\/www.ejercito.mil.uy\/index.php\/wp-json\/wp\/v2\/types\/post"}],"author":[{"embeddable":true,"href":"https:\/\/www.ejercito.mil.uy\/index.php\/wp-json\/wp\/v2\/users\/15"}],"replies":[{"embeddable":true,"href":"https:\/\/www.ejercito.mil.uy\/index.php\/wp-json\/wp\/v2\/comments?post=22470"}],"version-history":[{"count":4,"href":"https:\/\/www.ejercito.mil.uy\/index.php\/wp-json\/wp\/v2\/posts\/22470\/revisions"}],"predecessor-version":[{"id":22519,"href":"https:\/\/www.ejercito.mil.uy\/index.php\/wp-json\/wp\/v2\/posts\/22470\/revisions\/22519"}],"wp:featuredmedia":[{"embeddable":true,"href":"https:\/\/www.ejercito.mil.uy\/index.php\/wp-json\/wp\/v2\/media\/22484"}],"wp:attachment":[{"href":"https:\/\/www.ejercito.mil.uy\/index.php\/wp-json\/wp\/v2\/media?parent=22470"}],"wp:term":[{"taxonomy":"category","embeddable":true,"href":"https:\/\/www.ejercito.mil.uy\/index.php\/wp-json\/wp\/v2\/categories?post=22470"},{"taxonomy":"post_tag","embeddable":true,"href":"https:\/\/www.ejercito.mil.uy\/index.php\/wp-json\/wp\/v2\/tags?post=22470"}],"curies":[{"name":"wp","href":"https:\/\/api.w.org\/{rel}","templated":true}]}}