{"id":22535,"date":"2023-06-14T14:30:00","date_gmt":"2023-06-14T17:30:00","guid":{"rendered":"https:\/\/www.ejercito.mil.uy\/?p=22535"},"modified":"2023-06-14T15:22:34","modified_gmt":"2023-06-14T18:22:34","slug":"reconocimiento-a-efectivos-por-su-labor-contra-el-dengue","status":"publish","type":"post","link":"https:\/\/www.ejercito.mil.uy\/index.php\/2023\/06\/14\/reconocimiento-a-efectivos-por-su-labor-contra-el-dengue\/","title":{"rendered":"Reconocimiento a efectivos por su labor contra el Dengue"},"content":{"rendered":"\n<p class=\"has-small-font-size\">14.06.2023 &#8211; Cerro Largo<\/p>\n\n\n\n<div style=\"height:33px\" aria-hidden=\"true\" class=\"wp-block-spacer\"><\/div>\n\n\n\n<p class=\"has-white-color has-text-color has-background\" style=\"background-color:#891313\"><strong>La pasada semana, en el Regimiento \u201cGral. Aparicio Saravia\u201d de Caballer\u00eda Mecanizado N\u00b0 7, se realiz\u00f3 la entrega de diplomas al personal de la Unidad que particip\u00f3 en las jornadas de capacitaci\u00f3n y trabajos en la ciudad de R\u00edo Branco, sobre investigaci\u00f3n, control y promoci\u00f3n en la contingencia del Aedes Aegypti.<\/strong><\/p>\n\n\n\n<div style=\"height:33px\" aria-hidden=\"true\" class=\"wp-block-spacer\"><\/div>\n\n\n\n<div aria-label=\"Carousel Gallery\" class=\"wp-block-coblocks-gallery-carousel\"><div class=\"coblocks-gallery-carousel-swiper-container is-cropped coblocks-gallery has-no-alignment has-caption-style-dark has-no-thumbnails\"><div class=\"has-carousel has-carousel-xlrg swiper-container\" data-swiper=\"{&quot;alignCells&quot;:false,&quot;autoPlay&quot;:true,&quot;autoPlaySpeed&quot;:&quot;5000&quot;,&quot;draggable&quot;:true,&quot;freeMode&quot;:false,&quot;loop&quot;:true,&quot;navigation&quot;:true,&quot;pageDots&quot;:false,&quot;pauseHover&quot;:false,&quot;responsiveHeight&quot;:false,&quot;slidesPerView&quot;:1,&quot;thumbnails&quot;:false,&quot;uuid&quot;:&quot;12345&quot;}\" style=\"height:550px\"><div class=\"swiper-wrapper\"><div class=\"swiper-slide\"><div class=\"coblocks-gallery--item\" role=\"button\"><figure class=\"coblocks-gallery--figure\"><img fetchpriority=\"high\" decoding=\"async\" width=\"1024\" height=\"683\" alt=\"\" class=\"wp-image-22541\" data-id=\"22541\" data-link=\"https:\/\/www.ejercito.mil.uy\/?attachment_id=22541\" src=\"https:\/\/www.ejercito.mil.uy\/wp-content\/uploads\/2023\/06\/Entrega-de-diplomas-por-la-labor-de-los-efectivos-contra-el-DENGUE-2-1024x683.jpg\" srcset=\"https:\/\/www.ejercito.mil.uy\/wp-content\/uploads\/2023\/06\/Entrega-de-diplomas-por-la-labor-de-los-efectivos-contra-el-DENGUE-2-1024x683.jpg 1024w, https:\/\/www.ejercito.mil.uy\/wp-content\/uploads\/2023\/06\/Entrega-de-diplomas-por-la-labor-de-los-efectivos-contra-el-DENGUE-2-300x200.jpg 300w, https:\/\/www.ejercito.mil.uy\/wp-content\/uploads\/2023\/06\/Entrega-de-diplomas-por-la-labor-de-los-efectivos-contra-el-DENGUE-2.jpg 1200w\" sizes=\"(max-width: 1024px) 100vw, 1024px\" \/><\/figure><figcaption class=\"coblocks-gallery--caption coblocks-gallery--primary-caption\"><\/figcaption><\/div><\/div><div class=\"swiper-slide\"><div class=\"coblocks-gallery--item\" role=\"button\"><figure class=\"coblocks-gallery--figure\"><img decoding=\"async\" width=\"1024\" height=\"683\" alt=\"\" class=\"wp-image-22542\" data-id=\"22542\" data-link=\"https:\/\/www.ejercito.mil.uy\/?attachment_id=22542\" src=\"https:\/\/www.ejercito.mil.uy\/wp-content\/uploads\/2023\/06\/Entrega-de-diplomas-por-la-labor-de-los-efectivos-contra-el-DENGUE-3-1024x683.jpg\" srcset=\"https:\/\/www.ejercito.mil.uy\/wp-content\/uploads\/2023\/06\/Entrega-de-diplomas-por-la-labor-de-los-efectivos-contra-el-DENGUE-3-1024x683.jpg 1024w, https:\/\/www.ejercito.mil.uy\/wp-content\/uploads\/2023\/06\/Entrega-de-diplomas-por-la-labor-de-los-efectivos-contra-el-DENGUE-3-300x200.jpg 300w, https:\/\/www.ejercito.mil.uy\/wp-content\/uploads\/2023\/06\/Entrega-de-diplomas-por-la-labor-de-los-efectivos-contra-el-DENGUE-3.jpg 1200w\" sizes=\"(max-width: 1024px) 100vw, 1024px\" \/><\/figure><figcaption class=\"coblocks-gallery--caption coblocks-gallery--primary-caption\"><\/figcaption><\/div><\/div><div class=\"swiper-slide\"><div class=\"coblocks-gallery--item\" role=\"button\"><figure class=\"coblocks-gallery--figure\"><img decoding=\"async\" width=\"1024\" height=\"683\" alt=\"\" class=\"wp-image-22543\" data-id=\"22543\" data-link=\"https:\/\/www.ejercito.mil.uy\/?attachment_id=22543\" src=\"https:\/\/www.ejercito.mil.uy\/wp-content\/uploads\/2023\/06\/Entrega-de-diplomas-por-la-labor-de-los-efectivos-contra-el-DENGUE-4-1024x683.jpg\" srcset=\"https:\/\/www.ejercito.mil.uy\/wp-content\/uploads\/2023\/06\/Entrega-de-diplomas-por-la-labor-de-los-efectivos-contra-el-DENGUE-4-1024x683.jpg 1024w, https:\/\/www.ejercito.mil.uy\/wp-content\/uploads\/2023\/06\/Entrega-de-diplomas-por-la-labor-de-los-efectivos-contra-el-DENGUE-4-300x200.jpg 300w, https:\/\/www.ejercito.mil.uy\/wp-content\/uploads\/2023\/06\/Entrega-de-diplomas-por-la-labor-de-los-efectivos-contra-el-DENGUE-4.jpg 1200w\" sizes=\"(max-width: 1024px) 100vw, 1024px\" \/><\/figure><figcaption class=\"coblocks-gallery--caption coblocks-gallery--primary-caption\"><\/figcaption><\/div><\/div><\/div><button class=\"nav-button__prev\" id=\"12345-prev\"><\/button><button class=\"nav-button__next\" id=\"12345-next\"><\/button><\/div><\/div><\/div>\n\n\n\n<div style=\"height:33px\" aria-hidden=\"true\" class=\"wp-block-spacer\"><\/div>\n\n\n\n<p>Se cont\u00f3 con la presencia del Director Departamental de Salud de Cerro Largo, Dr. Pablo Acosta y el Coordinador del Ministerio de Salud P\u00fablica, Ramiro Baptista.<\/p>\n\n\n\n<div style=\"height:33px\" aria-hidden=\"true\" class=\"wp-block-spacer\"><\/div>\n\n\n\n<p>Esta colaboraci\u00f3n es fundamental, ya que es una de las medidas de mayor impacto en materia de prevenci\u00f3n del aedes aegypti e implica desechar los objetos en desuso que se encuentran en los hogares.<\/p>\n\n\n\n<div style=\"height:45px\" aria-hidden=\"true\" class=\"wp-block-spacer\"><\/div>\n\n\n\n<figure class=\"wp-block-gallery alignwide has-nested-images columns-default is-cropped wp-block-gallery-1 is-layout-flex wp-block-gallery-is-layout-flex\">\n<figure class=\"wp-block-image size-large\"><img loading=\"lazy\" decoding=\"async\" width=\"1024\" height=\"683\" data-id=\"22544\" src=\"https:\/\/www.ejercito.mil.uy\/wp-content\/uploads\/2023\/06\/Entrega-de-diplomas-por-la-labor-de-los-efectivos-contra-el-DENGUE-5-1024x683.jpg\" alt=\"\" class=\"wp-image-22544\" srcset=\"https:\/\/www.ejercito.mil.uy\/wp-content\/uploads\/2023\/06\/Entrega-de-diplomas-por-la-labor-de-los-efectivos-contra-el-DENGUE-5-1024x683.jpg 1024w, https:\/\/www.ejercito.mil.uy\/wp-content\/uploads\/2023\/06\/Entrega-de-diplomas-por-la-labor-de-los-efectivos-contra-el-DENGUE-5-300x200.jpg 300w, https:\/\/www.ejercito.mil.uy\/wp-content\/uploads\/2023\/06\/Entrega-de-diplomas-por-la-labor-de-los-efectivos-contra-el-DENGUE-5.jpg 1200w\" sizes=\"(max-width: 1024px) 100vw, 1024px\" \/><\/figure>\n\n\n\n<figure class=\"wp-block-image size-large\"><img loading=\"lazy\" decoding=\"async\" width=\"1024\" height=\"683\" data-id=\"22545\" src=\"https:\/\/www.ejercito.mil.uy\/wp-content\/uploads\/2023\/06\/Entrega-de-diplomas-por-la-labor-de-los-efectivos-contra-el-DENGUE-6-1024x683.jpg\" alt=\"\" class=\"wp-image-22545\" srcset=\"https:\/\/www.ejercito.mil.uy\/wp-content\/uploads\/2023\/06\/Entrega-de-diplomas-por-la-labor-de-los-efectivos-contra-el-DENGUE-6-1024x683.jpg 1024w, https:\/\/www.ejercito.mil.uy\/wp-content\/uploads\/2023\/06\/Entrega-de-diplomas-por-la-labor-de-los-efectivos-contra-el-DENGUE-6-300x200.jpg 300w, https:\/\/www.ejercito.mil.uy\/wp-content\/uploads\/2023\/06\/Entrega-de-diplomas-por-la-labor-de-los-efectivos-contra-el-DENGUE-6.jpg 1200w\" sizes=\"(max-width: 1024px) 100vw, 1024px\" \/><\/figure>\n<\/figure>\n\n\n\n<div style=\"height:45px\" aria-hidden=\"true\" class=\"wp-block-spacer\"><\/div>\n\n\n\n<p>Lo que atrae a este mosquito son lluvias, envases desechados como gomas (neum\u00e1ticos), botellas, ollas, artefactos da\u00f1ados (inodoros, lavamanos, heladeras, lavadoras). Art\u00edculos a la intemperie como recipientes para basura, bandejas de pintura, toldos pl\u00e1sticos, juguetes y conservadoras de playa, etc.<\/p>\n\n\n\n<div style=\"height:45px\" aria-hidden=\"true\" class=\"wp-block-spacer\"><\/div>\n","protected":false},"excerpt":{"rendered":"<p>14.06.2023 &#8211; La pasada semana, en el Regimiento \u201cGral. Aparicio Saravia\u201d de Caballer\u00eda Mecanizado N\u00b0 7, se realiz\u00f3 la entrega de diplomas al personal de la Unidad que particip\u00f3 en las jornadas de capacitaci\u00f3n y trabajos en la ciudad de R\u00edo Branco, sobre investigaci\u00f3n, control y promoci\u00f3n en la contingencia del Aedes Aegypti.<\/p>\n","protected":false},"author":4,"featured_media":22540,"comment_status":"open","ping_status":"open","sticky":false,"template":"","format":"standard","meta":{"_coblocks_attr":"","_coblocks_dimensions":"","_coblocks_responsive_height":"","_coblocks_accordion_ie_support":"","_monsterinsights_skip_tracking":false,"_monsterinsights_sitenote_active":false,"_monsterinsights_sitenote_note":"","_monsterinsights_sitenote_category":0,"_uf_show_specific_survey":0,"_uf_disable_surveys":false,"footnotes":""},"categories":[2,14,1],"tags":[255],"class_list":["post-22535","post","type-post","status-publish","format-standard","has-post-thumbnail","hentry","category-blog","category-noticias","category-sin-categoria","tag-reconocimiento"],"aioseo_notices":[],"_links":{"self":[{"href":"https:\/\/www.ejercito.mil.uy\/index.php\/wp-json\/wp\/v2\/posts\/22535","targetHints":{"allow":["GET"]}}],"collection":[{"href":"https:\/\/www.ejercito.mil.uy\/index.php\/wp-json\/wp\/v2\/posts"}],"about":[{"href":"https:\/\/www.ejercito.mil.uy\/index.php\/wp-json\/wp\/v2\/types\/post"}],"author":[{"embeddable":true,"href":"https:\/\/www.ejercito.mil.uy\/index.php\/wp-json\/wp\/v2\/users\/4"}],"replies":[{"embeddable":true,"href":"https:\/\/www.ejercito.mil.uy\/index.php\/wp-json\/wp\/v2\/comments?post=22535"}],"version-history":[{"count":3,"href":"https:\/\/www.ejercito.mil.uy\/index.php\/wp-json\/wp\/v2\/posts\/22535\/revisions"}],"predecessor-version":[{"id":22563,"href":"https:\/\/www.ejercito.mil.uy\/index.php\/wp-json\/wp\/v2\/posts\/22535\/revisions\/22563"}],"wp:featuredmedia":[{"embeddable":true,"href":"https:\/\/www.ejercito.mil.uy\/index.php\/wp-json\/wp\/v2\/media\/22540"}],"wp:attachment":[{"href":"https:\/\/www.ejercito.mil.uy\/index.php\/wp-json\/wp\/v2\/media?parent=22535"}],"wp:term":[{"taxonomy":"category","embeddable":true,"href":"https:\/\/www.ejercito.mil.uy\/index.php\/wp-json\/wp\/v2\/categories?post=22535"},{"taxonomy":"post_tag","embeddable":true,"href":"https:\/\/www.ejercito.mil.uy\/index.php\/wp-json\/wp\/v2\/tags?post=22535"}],"curies":[{"name":"wp","href":"https:\/\/api.w.org\/{rel}","templated":true}]}}