{"id":22645,"date":"2023-06-19T11:38:02","date_gmt":"2023-06-19T14:38:02","guid":{"rendered":"https:\/\/www.ejercito.mil.uy\/?p=22645"},"modified":"2023-06-19T17:21:21","modified_gmt":"2023-06-19T20:21:21","slug":"jura-de-fidelidad-a-la-bandera","status":"publish","type":"post","link":"https:\/\/www.ejercito.mil.uy\/index.php\/2023\/06\/19\/jura-de-fidelidad-a-la-bandera\/","title":{"rendered":"Jura de Fidelidad a la Bandera"},"content":{"rendered":"\n<p class=\"has-small-font-size\">19.06.2023 &#8211; Montevideo  <\/p>\n\n\n\n<div style=\"height:33px\" aria-hidden=\"true\" class=\"wp-block-spacer\"><\/div>\n\n\n\n<p class=\"has-white-color has-text-color has-background\" style=\"background-color:#003885\">En la ma\u00f1ana de hoy, se realiz\u00f3 en el Liceo Militar \u00abGeneral Artigas\u00bb (LMGA) de Montevideo, la ceremonia de <strong>Jura de Fidelidad a la Bandera<\/strong>, donde 30 ciudadanos, 58 militares y 2 alumnos prestaron juramento al Pabell\u00f3n Nacional.<\/p>\n\n\n\n<div style=\"height:33px\" aria-hidden=\"true\" class=\"wp-block-spacer\"><\/div>\n\n\n\n<div class=\"wp-block-columns is-layout-flex wp-container-core-columns-is-layout-28f84493 wp-block-columns-is-layout-flex\">\n<div class=\"wp-block-column is-layout-flow wp-block-column-is-layout-flow\">\n<div class=\"wp-block-coblocks-gallery-stacked\"><ul class=\"coblocks-gallery has-no-alignment has-fullwidth-images has-custom-gutter\" style=\"--coblocks-custom-gutter:0em\"><li class=\"coblocks-gallery--item\"><figure class=\"coblocks-gallery--figure\"><img fetchpriority=\"high\" decoding=\"async\" width=\"1024\" height=\"683\" alt=\"\" class=\"wp-image-22649 has-shadow-none\" data-id=\"22649\" data-imglink=\"\" data-link=\"https:\/\/www.ejercito.mil.uy\/index.php\/2023\/06\/19\/jura-de-fidelidad-a-la-bandera\/fb-2023-06-19-cerem-bandera-lmga-161\/\" src=\"https:\/\/www.ejercito.mil.uy\/wp-content\/uploads\/2023\/06\/FB-2023-06-19-Cerem-Bandera-LMGA-161-1024x683.jpg\" srcset=\"https:\/\/www.ejercito.mil.uy\/wp-content\/uploads\/2023\/06\/FB-2023-06-19-Cerem-Bandera-LMGA-161-1024x683.jpg 1024w, https:\/\/www.ejercito.mil.uy\/wp-content\/uploads\/2023\/06\/FB-2023-06-19-Cerem-Bandera-LMGA-161-300x200.jpg 300w, https:\/\/www.ejercito.mil.uy\/wp-content\/uploads\/2023\/06\/FB-2023-06-19-Cerem-Bandera-LMGA-161.jpg 1200w\" sizes=\"(max-width: 1024px) 100vw, 1024px\" \/><\/figure><\/li><\/ul><\/div>\n<\/div>\n\n\n\n<div class=\"wp-block-column is-layout-flow wp-block-column-is-layout-flow\">\n<div class=\"wp-block-coblocks-gallery-stacked\"><ul class=\"coblocks-gallery has-no-alignment has-fullwidth-images has-custom-gutter\" style=\"--coblocks-custom-gutter:0em\"><li class=\"coblocks-gallery--item\"><figure class=\"coblocks-gallery--figure\"><img decoding=\"async\" width=\"1024\" height=\"683\" alt=\"\" class=\"wp-image-22648 has-shadow-none\" data-id=\"22648\" data-imglink=\"\" data-link=\"https:\/\/www.ejercito.mil.uy\/index.php\/2023\/06\/19\/jura-de-fidelidad-a-la-bandera\/fb-2023-06-19-cerem-bandera-lmga-106\/\" src=\"https:\/\/www.ejercito.mil.uy\/wp-content\/uploads\/2023\/06\/FB-2023-06-19-Cerem-Bandera-LMGA-106-1024x683.jpg\" srcset=\"https:\/\/www.ejercito.mil.uy\/wp-content\/uploads\/2023\/06\/FB-2023-06-19-Cerem-Bandera-LMGA-106-1024x683.jpg 1024w, https:\/\/www.ejercito.mil.uy\/wp-content\/uploads\/2023\/06\/FB-2023-06-19-Cerem-Bandera-LMGA-106-300x200.jpg 300w, https:\/\/www.ejercito.mil.uy\/wp-content\/uploads\/2023\/06\/FB-2023-06-19-Cerem-Bandera-LMGA-106.jpg 1200w\" sizes=\"(max-width: 1024px) 100vw, 1024px\" \/><\/figure><\/li><\/ul><\/div>\n<\/div>\n<\/div>\n\n\n\n<div style=\"height:33px\" aria-hidden=\"true\" class=\"wp-block-spacer\"><\/div>\n\n\n\n<p>El Juramento fue tomado por el Sr. Director del Instituto, Cnel. Gustavo Etchandy. Durante su discurso hizo referencia al Pabell\u00f3n patrio: \u00abEs nuestro m\u00e1ximo s\u00edmbolo nacional y representa todos aquellos valores identificados con la naci\u00f3n (&#8230;). Se comprometen de manera irrenunciable a defender todos esos valores simbolizados en ese Pabell\u00f3n, con el costo a\u00fan de lo m\u00e1s preciado que poseen, de sus propias vidas\u00bb.<\/p>\n\n\n\n<div style=\"height:33px\" aria-hidden=\"true\" class=\"wp-block-spacer\"><\/div>\n\n\n\n<div aria-label=\"Carousel Gallery\" class=\"wp-block-coblocks-gallery-carousel\"><div class=\"coblocks-gallery-carousel-swiper-container is-cropped coblocks-gallery has-no-alignment has-caption-style-dark has-no-thumbnails\"><div class=\"has-carousel has-carousel-xlrg swiper-container\" data-swiper=\"{&quot;alignCells&quot;:false,&quot;autoPlay&quot;:true,&quot;autoPlaySpeed&quot;:&quot;5000&quot;,&quot;draggable&quot;:true,&quot;freeMode&quot;:false,&quot;loop&quot;:true,&quot;navigation&quot;:true,&quot;pageDots&quot;:false,&quot;pauseHover&quot;:false,&quot;responsiveHeight&quot;:false,&quot;slidesPerView&quot;:1,&quot;thumbnails&quot;:false,&quot;uuid&quot;:&quot;12345&quot;}\" style=\"height:550px\"><div class=\"swiper-wrapper\"><div class=\"swiper-slide\"><div class=\"coblocks-gallery--item\" role=\"button\"><figure class=\"coblocks-gallery--figure\"><img decoding=\"async\" width=\"1024\" height=\"683\" alt=\"\" class=\"wp-image-22651\" data-id=\"22651\" data-link=\"https:\/\/www.ejercito.mil.uy\/?attachment_id=22651\" src=\"https:\/\/www.ejercito.mil.uy\/wp-content\/uploads\/2023\/06\/FB-2023-06-19-Cerem-Bandera-LMGA-105-1024x683.jpg\" srcset=\"https:\/\/www.ejercito.mil.uy\/wp-content\/uploads\/2023\/06\/FB-2023-06-19-Cerem-Bandera-LMGA-105-1024x683.jpg 1024w, https:\/\/www.ejercito.mil.uy\/wp-content\/uploads\/2023\/06\/FB-2023-06-19-Cerem-Bandera-LMGA-105-300x200.jpg 300w, https:\/\/www.ejercito.mil.uy\/wp-content\/uploads\/2023\/06\/FB-2023-06-19-Cerem-Bandera-LMGA-105.jpg 1200w\" sizes=\"(max-width: 1024px) 100vw, 1024px\" \/><\/figure><figcaption class=\"coblocks-gallery--caption coblocks-gallery--primary-caption\"><\/figcaption><\/div><\/div><div class=\"swiper-slide\"><div class=\"coblocks-gallery--item\" role=\"button\"><figure class=\"coblocks-gallery--figure\"><img loading=\"lazy\" decoding=\"async\" width=\"1024\" height=\"683\" alt=\"\" class=\"wp-image-22653\" data-id=\"22653\" data-link=\"https:\/\/www.ejercito.mil.uy\/?attachment_id=22653\" src=\"https:\/\/www.ejercito.mil.uy\/wp-content\/uploads\/2023\/06\/FB-2023-06-19-Cerem-Bandera-LMGA-180-1024x683.jpg\" srcset=\"https:\/\/www.ejercito.mil.uy\/wp-content\/uploads\/2023\/06\/FB-2023-06-19-Cerem-Bandera-LMGA-180-1024x683.jpg 1024w, https:\/\/www.ejercito.mil.uy\/wp-content\/uploads\/2023\/06\/FB-2023-06-19-Cerem-Bandera-LMGA-180-300x200.jpg 300w, https:\/\/www.ejercito.mil.uy\/wp-content\/uploads\/2023\/06\/FB-2023-06-19-Cerem-Bandera-LMGA-180.jpg 1200w\" sizes=\"(max-width: 1024px) 100vw, 1024px\" \/><\/figure><figcaption class=\"coblocks-gallery--caption coblocks-gallery--primary-caption\"><\/figcaption><\/div><\/div><div class=\"swiper-slide\"><div class=\"coblocks-gallery--item\" role=\"button\"><figure class=\"coblocks-gallery--figure\"><img loading=\"lazy\" decoding=\"async\" width=\"1024\" height=\"683\" alt=\"\" class=\"wp-image-22652\" data-id=\"22652\" data-link=\"https:\/\/www.ejercito.mil.uy\/?attachment_id=22652\" src=\"https:\/\/www.ejercito.mil.uy\/wp-content\/uploads\/2023\/06\/FB-2023-06-19-Cerem-Bandera-LMGA-166-1024x683.jpg\" srcset=\"https:\/\/www.ejercito.mil.uy\/wp-content\/uploads\/2023\/06\/FB-2023-06-19-Cerem-Bandera-LMGA-166-1024x683.jpg 1024w, https:\/\/www.ejercito.mil.uy\/wp-content\/uploads\/2023\/06\/FB-2023-06-19-Cerem-Bandera-LMGA-166-300x200.jpg 300w, https:\/\/www.ejercito.mil.uy\/wp-content\/uploads\/2023\/06\/FB-2023-06-19-Cerem-Bandera-LMGA-166.jpg 1200w\" sizes=\"(max-width: 1024px) 100vw, 1024px\" \/><\/figure><figcaption class=\"coblocks-gallery--caption coblocks-gallery--primary-caption\"><\/figcaption><\/div><\/div><div class=\"swiper-slide\"><div class=\"coblocks-gallery--item\" role=\"button\"><figure class=\"coblocks-gallery--figure\"><img loading=\"lazy\" decoding=\"async\" width=\"1024\" height=\"683\" alt=\"\" class=\"wp-image-22654\" data-id=\"22654\" data-link=\"https:\/\/www.ejercito.mil.uy\/?attachment_id=22654\" src=\"https:\/\/www.ejercito.mil.uy\/wp-content\/uploads\/2023\/06\/FB-2023-06-19-Cerem-Bandera-LMGA-193-1024x683.jpg\" srcset=\"https:\/\/www.ejercito.mil.uy\/wp-content\/uploads\/2023\/06\/FB-2023-06-19-Cerem-Bandera-LMGA-193-1024x683.jpg 1024w, https:\/\/www.ejercito.mil.uy\/wp-content\/uploads\/2023\/06\/FB-2023-06-19-Cerem-Bandera-LMGA-193-300x200.jpg 300w, https:\/\/www.ejercito.mil.uy\/wp-content\/uploads\/2023\/06\/FB-2023-06-19-Cerem-Bandera-LMGA-193.jpg 1200w\" sizes=\"(max-width: 1024px) 100vw, 1024px\" \/><\/figure><figcaption class=\"coblocks-gallery--caption coblocks-gallery--primary-caption\"><\/figcaption><\/div><\/div><div class=\"swiper-slide\"><div class=\"coblocks-gallery--item\" role=\"button\"><figure class=\"coblocks-gallery--figure\"><img loading=\"lazy\" decoding=\"async\" width=\"1024\" height=\"683\" alt=\"\" class=\"wp-image-22650\" data-id=\"22650\" data-link=\"https:\/\/www.ejercito.mil.uy\/?attachment_id=22650\" src=\"https:\/\/www.ejercito.mil.uy\/wp-content\/uploads\/2023\/06\/FB-2023-06-19-Cerem-Bandera-LMGA-29-1024x683.jpg\" srcset=\"https:\/\/www.ejercito.mil.uy\/wp-content\/uploads\/2023\/06\/FB-2023-06-19-Cerem-Bandera-LMGA-29-1024x683.jpg 1024w, https:\/\/www.ejercito.mil.uy\/wp-content\/uploads\/2023\/06\/FB-2023-06-19-Cerem-Bandera-LMGA-29-300x200.jpg 300w, https:\/\/www.ejercito.mil.uy\/wp-content\/uploads\/2023\/06\/FB-2023-06-19-Cerem-Bandera-LMGA-29.jpg 1200w\" sizes=\"(max-width: 1024px) 100vw, 1024px\" \/><\/figure><figcaption class=\"coblocks-gallery--caption coblocks-gallery--primary-caption\"><\/figcaption><\/div><\/div><\/div><button class=\"nav-button__prev\" id=\"12345-prev\"><\/button><button class=\"nav-button__next\" id=\"12345-next\"><\/button><\/div><\/div><\/div>\n\n\n\n<div style=\"height:33px\" aria-hidden=\"true\" class=\"wp-block-spacer\"><\/div>\n\n\n\n<p>Para finalizar, los alumnos del LMGA desfilaron entonando las estrofas de la marcha \u00abMi Bandera\u00bb.<\/p>\n","protected":false},"excerpt":{"rendered":"<p>19.06.2023 &#8211; En la ma\u00f1ana de hoy, se realiz\u00f3 en el Liceo Militar \u00abGeneral Artigas\u00bb la ceremonia de Jura de Fidelidad a la Bandera.  <\/p>\n","protected":false},"author":14,"featured_media":22647,"comment_status":"open","ping_status":"open","sticky":false,"template":"","format":"standard","meta":{"_coblocks_attr":"","_coblocks_dimensions":"","_coblocks_responsive_height":"","_coblocks_accordion_ie_support":"","_monsterinsights_skip_tracking":false,"_monsterinsights_sitenote_active":false,"_monsterinsights_sitenote_note":"","_monsterinsights_sitenote_category":0,"_uf_show_specific_survey":0,"_uf_disable_surveys":false,"footnotes":""},"categories":[2,10,14,1],"tags":[192,44,1004,1003,945,607],"class_list":["post-22645","post","type-post","status-publish","format-standard","has-post-thumbnail","hentry","category-blog","category-destacados","category-noticias","category-sin-categoria","tag-bandera","tag-ceremonia","tag-fidelidad","tag-jura","tag-pabellon","tag-patria-2"],"aioseo_notices":[],"_links":{"self":[{"href":"https:\/\/www.ejercito.mil.uy\/index.php\/wp-json\/wp\/v2\/posts\/22645","targetHints":{"allow":["GET"]}}],"collection":[{"href":"https:\/\/www.ejercito.mil.uy\/index.php\/wp-json\/wp\/v2\/posts"}],"about":[{"href":"https:\/\/www.ejercito.mil.uy\/index.php\/wp-json\/wp\/v2\/types\/post"}],"author":[{"embeddable":true,"href":"https:\/\/www.ejercito.mil.uy\/index.php\/wp-json\/wp\/v2\/users\/14"}],"replies":[{"embeddable":true,"href":"https:\/\/www.ejercito.mil.uy\/index.php\/wp-json\/wp\/v2\/comments?post=22645"}],"version-history":[{"count":7,"href":"https:\/\/www.ejercito.mil.uy\/index.php\/wp-json\/wp\/v2\/posts\/22645\/revisions"}],"predecessor-version":[{"id":22677,"href":"https:\/\/www.ejercito.mil.uy\/index.php\/wp-json\/wp\/v2\/posts\/22645\/revisions\/22677"}],"wp:featuredmedia":[{"embeddable":true,"href":"https:\/\/www.ejercito.mil.uy\/index.php\/wp-json\/wp\/v2\/media\/22647"}],"wp:attachment":[{"href":"https:\/\/www.ejercito.mil.uy\/index.php\/wp-json\/wp\/v2\/media?parent=22645"}],"wp:term":[{"taxonomy":"category","embeddable":true,"href":"https:\/\/www.ejercito.mil.uy\/index.php\/wp-json\/wp\/v2\/categories?post=22645"},{"taxonomy":"post_tag","embeddable":true,"href":"https:\/\/www.ejercito.mil.uy\/index.php\/wp-json\/wp\/v2\/tags?post=22645"}],"curies":[{"name":"wp","href":"https:\/\/api.w.org\/{rel}","templated":true}]}}