{"id":22760,"date":"2023-06-20T13:01:33","date_gmt":"2023-06-20T16:01:33","guid":{"rendered":"https:\/\/www.ejercito.mil.uy\/?p=22760"},"modified":"2023-06-23T16:22:08","modified_gmt":"2023-06-23T19:22:08","slug":"condecoracion-a-agregados-militares","status":"publish","type":"post","link":"https:\/\/www.ejercito.mil.uy\/index.php\/2023\/06\/20\/condecoracion-a-agregados-militares\/","title":{"rendered":"Condecoraci\u00f3n a Agregados Militares"},"content":{"rendered":"\n<p class=\"has-small-font-size\">20.06.2023 &#8211; Montevideo  <\/p>\n\n\n\n<div style=\"height:33px\" aria-hidden=\"true\" class=\"wp-block-spacer\"><\/div>\n\n\n\n<p class=\"has-black-color has-text-color has-background\" style=\"background-color:#d4af37\">Esta ma\u00f1ana, el Sr. Comandante en Jefe del Ej\u00e9rcito, Gral. de Ej\u00e9rcito Mario Stevenazzi, condecor\u00f3 con la medalla \u00ab18 de Mayo de 1811\u00bb por sus valiosos y significativos aportes al Ej\u00e9rcito Nacional, a dos Agregados Militares de pa\u00edses extranjeros en Uruguay:<\/p>\n\n\n\n<div style=\"height:33px\" aria-hidden=\"true\" class=\"wp-block-spacer\"><\/div>\n\n\n\n<p>&#8211; medalla de Primer Grado en la jerarqu\u00eda de Oficial General, al Sr. Agregado Militar y A\u00e9reo de los Estados Unidos Mexicanos, General de Ala PADEMA No\u00e9 Crist\u00f3bal Ram\u00edrez Rodr\u00edguez<\/p>\n\n\n\n<div style=\"height:33px\" aria-hidden=\"true\" class=\"wp-block-spacer\"><\/div>\n\n\n\n<div class=\"wp-block-columns is-layout-flex wp-container-core-columns-is-layout-28f84493 wp-block-columns-is-layout-flex\">\n<div class=\"wp-block-column is-layout-flow wp-block-column-is-layout-flow\">\n<div class=\"wp-block-coblocks-gallery-stacked\"><ul class=\"coblocks-gallery has-no-alignment has-fullwidth-images has-custom-gutter\" style=\"--coblocks-custom-gutter:0em\"><li class=\"coblocks-gallery--item\"><figure class=\"coblocks-gallery--figure\"><img fetchpriority=\"high\" decoding=\"async\" width=\"1024\" height=\"683\" alt=\"\" class=\"wp-image-22763 has-shadow-none\" data-id=\"22763\" data-imglink=\"\" data-link=\"https:\/\/www.ejercito.mil.uy\/?attachment_id=22763\" src=\"https:\/\/www.ejercito.mil.uy\/wp-content\/uploads\/2023\/06\/2023-06-20-Cerem-Condecoracion-AAMM-36-1024x683.jpg\" srcset=\"https:\/\/www.ejercito.mil.uy\/wp-content\/uploads\/2023\/06\/2023-06-20-Cerem-Condecoracion-AAMM-36-1024x683.jpg 1024w, https:\/\/www.ejercito.mil.uy\/wp-content\/uploads\/2023\/06\/2023-06-20-Cerem-Condecoracion-AAMM-36-300x200.jpg 300w, https:\/\/www.ejercito.mil.uy\/wp-content\/uploads\/2023\/06\/2023-06-20-Cerem-Condecoracion-AAMM-36.jpg 1200w\" sizes=\"(max-width: 1024px) 100vw, 1024px\" \/><\/figure><\/li><\/ul><\/div>\n<\/div>\n<\/div>\n\n\n\n<div style=\"height:33px\" aria-hidden=\"true\" class=\"wp-block-spacer\"><\/div>\n\n\n\n<p>&#8211; medalla de Segundo Grado en la jerarqu\u00eda de Oficial Superior, al Sr. Agregado de Defensa de los Estados Unidos de Am\u00e9rica, Coronel Gary B. Symon<\/p>\n\n\n\n<div style=\"height:33px\" aria-hidden=\"true\" class=\"wp-block-spacer\"><\/div>\n\n\n\n<div class=\"wp-block-coblocks-gallery-stacked\"><ul class=\"coblocks-gallery has-no-alignment has-fullwidth-images has-custom-gutter\" style=\"--coblocks-custom-gutter:0em\"><li class=\"coblocks-gallery--item\"><figure class=\"coblocks-gallery--figure\"><img decoding=\"async\" width=\"1024\" height=\"683\" alt=\"\" class=\"wp-image-22764 has-shadow-none\" data-id=\"22764\" data-imglink=\"\" data-link=\"https:\/\/www.ejercito.mil.uy\/?attachment_id=22764\" src=\"https:\/\/www.ejercito.mil.uy\/wp-content\/uploads\/2023\/06\/2023-06-20-Cerem-Condecoracion-AAMM-54-1024x683.jpg\" srcset=\"https:\/\/www.ejercito.mil.uy\/wp-content\/uploads\/2023\/06\/2023-06-20-Cerem-Condecoracion-AAMM-54-1024x683.jpg 1024w, https:\/\/www.ejercito.mil.uy\/wp-content\/uploads\/2023\/06\/2023-06-20-Cerem-Condecoracion-AAMM-54-300x200.jpg 300w, https:\/\/www.ejercito.mil.uy\/wp-content\/uploads\/2023\/06\/2023-06-20-Cerem-Condecoracion-AAMM-54.jpg 1200w\" sizes=\"(max-width: 1024px) 100vw, 1024px\" \/><\/figure><\/li><\/ul><\/div>\n\n\n\n<div style=\"height:33px\" aria-hidden=\"true\" class=\"wp-block-spacer\"><\/div>\n\n\n\n<p>Concurrieron a la ceremonia el Sr. Embajador de los Estados Unidos Mexicanos y Representante Permanente ante la Asociaci\u00f3n Latinoamericana de Integraci\u00f3n, Lic. V\u00edctor Barcel\u00f3 Rodr\u00edguez, Oficiales Generales, Superiores, familiares de los homenajeados e invitados especiales.<\/p>\n\n\n\n<div style=\"height:33px\" aria-hidden=\"true\" class=\"wp-block-spacer\"><\/div>\n\n\n\n<div aria-label=\"Carousel Gallery\" class=\"wp-block-coblocks-gallery-carousel\"><div class=\"coblocks-gallery-carousel-swiper-container is-cropped coblocks-gallery has-no-alignment has-caption-style-dark has-no-thumbnails\"><div class=\"has-carousel has-carousel-xlrg swiper-container\" data-swiper=\"{&quot;alignCells&quot;:false,&quot;autoPlay&quot;:false,&quot;autoPlaySpeed&quot;:3000,&quot;draggable&quot;:true,&quot;freeMode&quot;:false,&quot;loop&quot;:true,&quot;navigation&quot;:true,&quot;pageDots&quot;:false,&quot;pauseHover&quot;:false,&quot;responsiveHeight&quot;:false,&quot;slidesPerView&quot;:1,&quot;thumbnails&quot;:false,&quot;uuid&quot;:&quot;12345&quot;}\" style=\"height:550px\"><div class=\"swiper-wrapper\"><div class=\"swiper-slide\"><div class=\"coblocks-gallery--item\" role=\"button\"><figure class=\"coblocks-gallery--figure\"><img decoding=\"async\" width=\"1024\" height=\"683\" alt=\"\" class=\"wp-image-22767\" data-id=\"22767\" data-link=\"https:\/\/www.ejercito.mil.uy\/?attachment_id=22767\" src=\"https:\/\/www.ejercito.mil.uy\/wp-content\/uploads\/2023\/06\/2023-06-20-Cerem-Condecoracion-AAMM-89-1024x683.jpg\" srcset=\"https:\/\/www.ejercito.mil.uy\/wp-content\/uploads\/2023\/06\/2023-06-20-Cerem-Condecoracion-AAMM-89-1024x683.jpg 1024w, https:\/\/www.ejercito.mil.uy\/wp-content\/uploads\/2023\/06\/2023-06-20-Cerem-Condecoracion-AAMM-89-300x200.jpg 300w, https:\/\/www.ejercito.mil.uy\/wp-content\/uploads\/2023\/06\/2023-06-20-Cerem-Condecoracion-AAMM-89.jpg 1200w\" sizes=\"(max-width: 1024px) 100vw, 1024px\" \/><\/figure><figcaption class=\"coblocks-gallery--caption coblocks-gallery--primary-caption\"><\/figcaption><\/div><\/div><div class=\"swiper-slide\"><div class=\"coblocks-gallery--item\" role=\"button\"><figure class=\"coblocks-gallery--figure\"><img loading=\"lazy\" decoding=\"async\" width=\"1024\" height=\"683\" alt=\"\" class=\"wp-image-22768\" data-id=\"22768\" data-link=\"https:\/\/www.ejercito.mil.uy\/?attachment_id=22768\" src=\"https:\/\/www.ejercito.mil.uy\/wp-content\/uploads\/2023\/06\/2023-06-20-Cerem-Condecoracion-AAMM-96-1024x683.jpg\" srcset=\"https:\/\/www.ejercito.mil.uy\/wp-content\/uploads\/2023\/06\/2023-06-20-Cerem-Condecoracion-AAMM-96-1024x683.jpg 1024w, https:\/\/www.ejercito.mil.uy\/wp-content\/uploads\/2023\/06\/2023-06-20-Cerem-Condecoracion-AAMM-96-300x200.jpg 300w, https:\/\/www.ejercito.mil.uy\/wp-content\/uploads\/2023\/06\/2023-06-20-Cerem-Condecoracion-AAMM-96.jpg 1200w\" sizes=\"(max-width: 1024px) 100vw, 1024px\" \/><\/figure><figcaption class=\"coblocks-gallery--caption coblocks-gallery--primary-caption\"><\/figcaption><\/div><\/div><div class=\"swiper-slide\"><div class=\"coblocks-gallery--item\" role=\"button\"><figure class=\"coblocks-gallery--figure\"><img loading=\"lazy\" decoding=\"async\" width=\"1024\" height=\"683\" alt=\"\" class=\"wp-image-22766\" data-id=\"22766\" data-link=\"https:\/\/www.ejercito.mil.uy\/?attachment_id=22766\" src=\"https:\/\/www.ejercito.mil.uy\/wp-content\/uploads\/2023\/06\/2023-06-20-Cerem-Condecoracion-AAMM-30-1024x683.jpg\" srcset=\"https:\/\/www.ejercito.mil.uy\/wp-content\/uploads\/2023\/06\/2023-06-20-Cerem-Condecoracion-AAMM-30-1024x683.jpg 1024w, https:\/\/www.ejercito.mil.uy\/wp-content\/uploads\/2023\/06\/2023-06-20-Cerem-Condecoracion-AAMM-30-300x200.jpg 300w, https:\/\/www.ejercito.mil.uy\/wp-content\/uploads\/2023\/06\/2023-06-20-Cerem-Condecoracion-AAMM-30.jpg 1200w\" sizes=\"(max-width: 1024px) 100vw, 1024px\" \/><\/figure><figcaption class=\"coblocks-gallery--caption coblocks-gallery--primary-caption\"><\/figcaption><\/div><\/div><div class=\"swiper-slide\"><div class=\"coblocks-gallery--item\" role=\"button\"><figure class=\"coblocks-gallery--figure\"><img loading=\"lazy\" decoding=\"async\" width=\"1024\" height=\"683\" alt=\"\" class=\"wp-image-22765\" data-id=\"22765\" data-link=\"https:\/\/www.ejercito.mil.uy\/?attachment_id=22765\" src=\"https:\/\/www.ejercito.mil.uy\/wp-content\/uploads\/2023\/06\/2023-06-20-Cerem-Condecoracion-AAMM-122-1024x683.jpg\" srcset=\"https:\/\/www.ejercito.mil.uy\/wp-content\/uploads\/2023\/06\/2023-06-20-Cerem-Condecoracion-AAMM-122-1024x683.jpg 1024w, https:\/\/www.ejercito.mil.uy\/wp-content\/uploads\/2023\/06\/2023-06-20-Cerem-Condecoracion-AAMM-122-300x200.jpg 300w, https:\/\/www.ejercito.mil.uy\/wp-content\/uploads\/2023\/06\/2023-06-20-Cerem-Condecoracion-AAMM-122.jpg 1200w\" sizes=\"(max-width: 1024px) 100vw, 1024px\" \/><\/figure><figcaption class=\"coblocks-gallery--caption coblocks-gallery--primary-caption\"><\/figcaption><\/div><\/div><\/div><button class=\"nav-button__prev\" id=\"12345-prev\"><\/button><button class=\"nav-button__next\" id=\"12345-next\"><\/button><\/div><\/div><\/div>\n\n\n\n<div style=\"height:33px\" aria-hidden=\"true\" class=\"wp-block-spacer\"><\/div>\n\n\n\n<p><a href=\"https:\/\/www.facebook.com\/SEDENAmxOficial?__cft__[0]=AZW0iSzcXoUnBCsqhARKrBo221RkJYEc8Kv7dyf3kJxFv3DISMDzOx1QPJkgTrRJY9LkOsukk5-9eL6Snz9kV6J5njfM1h6_rYmcR6P2AUh--iE4inVGNmXwVurfFED9Nbu62MHNINrN4GjdFybIM912hyB3zAOSv2K_T5LzAABmUZ2L-nwCMjunROa384ajZ5g&amp;__tn__=-]K-R\" target=\"_blank\" rel=\"noreferrer noopener\">Secretar\u00eda de la Defensa Nacional<\/a><\/p>\n\n\n\n<div style=\"height:33px\" aria-hidden=\"true\" class=\"wp-block-spacer\"><\/div>\n\n\n\n<p><a href=\"https:\/\/www.facebook.com\/US.Embassy.Montevideo?__cft__[0]=AZW0iSzcXoUnBCsqhARKrBo221RkJYEc8Kv7dyf3kJxFv3DISMDzOx1QPJkgTrRJY9LkOsukk5-9eL6Snz9kV6J5njfM1h6_rYmcR6P2AUh--iE4inVGNmXwVurfFED9Nbu62MHNINrN4GjdFybIM912hyB3zAOSv2K_T5LzAABmUZ2L-nwCMjunROa384ajZ5g&amp;__tn__=-]K-R\" target=\"_blank\" rel=\"noreferrer noopener\">Embajada de los Estados Unidos en Uruguay<\/a><\/p>\n","protected":false},"excerpt":{"rendered":"<p>20.06.2023 &#8211; Esta ma\u00f1ana, el Sr. Comandante en Jefe del Ej\u00e9rcito, Gral. de Ej\u00e9rcito Mario Stevenazzi, condecor\u00f3 con la medalla \u00ab18 de Mayo de 1811\u00bb, a dos Agregados Militares de pa\u00edses extranjeros en Uruguay. <\/p>\n","protected":false},"author":14,"featured_media":22762,"comment_status":"open","ping_status":"open","sticky":false,"template":"","format":"standard","meta":{"_coblocks_attr":"","_coblocks_dimensions":"","_coblocks_responsive_height":"","_coblocks_accordion_ie_support":"","_monsterinsights_skip_tracking":false,"_monsterinsights_sitenote_active":false,"_monsterinsights_sitenote_note":"","_monsterinsights_sitenote_category":0,"_uf_show_specific_survey":0,"_uf_disable_surveys":false,"footnotes":""},"categories":[2,14,1],"tags":[1007,1005,156,157,1006,1008,255,1009],"class_list":["post-22760","post","type-post","status-publish","format-standard","has-post-thumbnail","hentry","category-blog","category-noticias","category-sin-categoria","tag-18-de-mayo","tag-agregados","tag-condecoracion","tag-medalla","tag-militares","tag-primer-grado","tag-reconocimiento","tag-segundo-grado"],"aioseo_notices":[],"_links":{"self":[{"href":"https:\/\/www.ejercito.mil.uy\/index.php\/wp-json\/wp\/v2\/posts\/22760","targetHints":{"allow":["GET"]}}],"collection":[{"href":"https:\/\/www.ejercito.mil.uy\/index.php\/wp-json\/wp\/v2\/posts"}],"about":[{"href":"https:\/\/www.ejercito.mil.uy\/index.php\/wp-json\/wp\/v2\/types\/post"}],"author":[{"embeddable":true,"href":"https:\/\/www.ejercito.mil.uy\/index.php\/wp-json\/wp\/v2\/users\/14"}],"replies":[{"embeddable":true,"href":"https:\/\/www.ejercito.mil.uy\/index.php\/wp-json\/wp\/v2\/comments?post=22760"}],"version-history":[{"count":11,"href":"https:\/\/www.ejercito.mil.uy\/index.php\/wp-json\/wp\/v2\/posts\/22760\/revisions"}],"predecessor-version":[{"id":22914,"href":"https:\/\/www.ejercito.mil.uy\/index.php\/wp-json\/wp\/v2\/posts\/22760\/revisions\/22914"}],"wp:featuredmedia":[{"embeddable":true,"href":"https:\/\/www.ejercito.mil.uy\/index.php\/wp-json\/wp\/v2\/media\/22762"}],"wp:attachment":[{"href":"https:\/\/www.ejercito.mil.uy\/index.php\/wp-json\/wp\/v2\/media?parent=22760"}],"wp:term":[{"taxonomy":"category","embeddable":true,"href":"https:\/\/www.ejercito.mil.uy\/index.php\/wp-json\/wp\/v2\/categories?post=22760"},{"taxonomy":"post_tag","embeddable":true,"href":"https:\/\/www.ejercito.mil.uy\/index.php\/wp-json\/wp\/v2\/tags?post=22760"}],"curies":[{"name":"wp","href":"https:\/\/api.w.org\/{rel}","templated":true}]}}