{"id":22916,"date":"2023-06-24T15:30:52","date_gmt":"2023-06-24T18:30:52","guid":{"rendered":"https:\/\/www.ejercito.mil.uy\/?p=22916"},"modified":"2023-06-30T17:59:42","modified_gmt":"2023-06-30T20:59:42","slug":"85-aniversario-de-la-division-de-ejercito-iii","status":"publish","type":"post","link":"https:\/\/www.ejercito.mil.uy\/index.php\/2023\/06\/24\/85-aniversario-de-la-division-de-ejercito-iii\/","title":{"rendered":"85\u00b0 aniversario de la Divisi\u00f3n de Ej\u00e9rcito III"},"content":{"rendered":"\n<p class=\"has-small-font-size\">24.06.2023 &#8211; Tacuaremb\u00f3  <\/p>\n\n\n\n<div style=\"height:33px\" aria-hidden=\"true\" class=\"wp-block-spacer\"><\/div>\n\n\n\n<p class=\"has-white-color has-text-color has-background\" style=\"background-color:#a58630\">Ayer, con la presencia del Comandante en Jefe del Ej\u00e9rcito, Gral. de Ej\u00e9rcito Mario Stevenazzi, se realiz\u00f3 la ceremonia por el 85\u00b0 aniversario de la Divisi\u00f3n de Ej\u00e9rcito III (DEIII), con asiento en la ciudad de Tacuaremb\u00f3.<\/p>\n\n\n\n<div style=\"height:33px\" aria-hidden=\"true\" class=\"wp-block-spacer\"><\/div>\n\n\n\n<figure class=\"wp-block-image size-large\"><img fetchpriority=\"high\" decoding=\"async\" width=\"1024\" height=\"683\" src=\"https:\/\/www.ejercito.mil.uy\/wp-content\/uploads\/2023\/06\/Ceremonia-Div.-E.-III-3-1024x683.jpg\" alt=\"\" class=\"wp-image-22918\" srcset=\"https:\/\/www.ejercito.mil.uy\/wp-content\/uploads\/2023\/06\/Ceremonia-Div.-E.-III-3-1024x683.jpg 1024w, https:\/\/www.ejercito.mil.uy\/wp-content\/uploads\/2023\/06\/Ceremonia-Div.-E.-III-3-300x200.jpg 300w, https:\/\/www.ejercito.mil.uy\/wp-content\/uploads\/2023\/06\/Ceremonia-Div.-E.-III-3.jpg 1200w\" sizes=\"(max-width: 1024px) 100vw, 1024px\" \/><\/figure>\n\n\n\n<div style=\"height:33px\" aria-hidden=\"true\" class=\"wp-block-spacer\"><\/div>\n\n\n\n<p>Es una Gran Unidad T\u00e1ctica Operativa del Ej\u00e9rcito Nacional, la cual tiene bajo su responsabilidad la totalidad del territorio al Norte de nuestro pa\u00eds, sus Unidades dependientes se encuentran desplegadas en los departamentos de: Tacuaremb\u00f3, Salto, Rivera, Artigas, Paysand\u00fa y R\u00edo Negro.<\/p>\n\n\n\n<div style=\"height:33px\" aria-hidden=\"true\" class=\"wp-block-spacer\"><\/div>\n\n\n\n<p>Fue creada en 1938 como Regi\u00f3n Militar N\u00b0 3 en la ciudad de Paso de los Toros. Actualmente es comandada por el General Jorge Fern\u00e1ndez.<\/p>\n\n\n\n<div style=\"height:33px\" aria-hidden=\"true\" class=\"wp-block-spacer\"><\/div>\n\n\n\n<figure class=\"wp-block-image size-large\"><img decoding=\"async\" width=\"1024\" height=\"683\" src=\"https:\/\/www.ejercito.mil.uy\/wp-content\/uploads\/2023\/06\/Ceremonia-Div.-E.-III-6-1024x683.jpg\" alt=\"\" class=\"wp-image-22928\" srcset=\"https:\/\/www.ejercito.mil.uy\/wp-content\/uploads\/2023\/06\/Ceremonia-Div.-E.-III-6-1024x683.jpg 1024w, https:\/\/www.ejercito.mil.uy\/wp-content\/uploads\/2023\/06\/Ceremonia-Div.-E.-III-6-300x200.jpg 300w, https:\/\/www.ejercito.mil.uy\/wp-content\/uploads\/2023\/06\/Ceremonia-Div.-E.-III-6.jpg 1200w\" sizes=\"(max-width: 1024px) 100vw, 1024px\" \/><\/figure>\n\n\n\n<div style=\"height:33px\" aria-hidden=\"true\" class=\"wp-block-spacer\"><\/div>\n\n\n\n<p>Durante la ceremonia, se hizo entrega de los reconocimientos al Personal Subalterno que pas\u00f3 a situaci\u00f3n de retiro, luego de cumplir m\u00e1s de 25 a\u00f1os de servicio bien calificados.<\/p>\n\n\n\n<div style=\"height:33px\" aria-hidden=\"true\" class=\"wp-block-spacer\"><\/div>\n\n\n\n<figure class=\"wp-block-image size-large\"><img decoding=\"async\" width=\"1024\" height=\"683\" src=\"https:\/\/www.ejercito.mil.uy\/wp-content\/uploads\/2023\/06\/Ceremonia-Div.-E.-III-4-1-1024x683.jpg\" alt=\"\" class=\"wp-image-22920\" srcset=\"https:\/\/www.ejercito.mil.uy\/wp-content\/uploads\/2023\/06\/Ceremonia-Div.-E.-III-4-1-1024x683.jpg 1024w, https:\/\/www.ejercito.mil.uy\/wp-content\/uploads\/2023\/06\/Ceremonia-Div.-E.-III-4-1-300x200.jpg 300w, https:\/\/www.ejercito.mil.uy\/wp-content\/uploads\/2023\/06\/Ceremonia-Div.-E.-III-4-1.jpg 1200w\" sizes=\"(max-width: 1024px) 100vw, 1024px\" \/><\/figure>\n\n\n\n<div style=\"height:33px\" aria-hidden=\"true\" class=\"wp-block-spacer\"><\/div>\n\n\n\n<div class=\"wp-block-columns is-layout-flex wp-container-core-columns-is-layout-28f84493 wp-block-columns-is-layout-flex\">\n<div class=\"wp-block-column is-layout-flow wp-block-column-is-layout-flow\">\n<figure class=\"wp-block-image size-large\"><img loading=\"lazy\" decoding=\"async\" width=\"1024\" height=\"683\" src=\"https:\/\/www.ejercito.mil.uy\/wp-content\/uploads\/2023\/06\/Ceremonia-Div.-E.-III-5-1024x683.jpg\" alt=\"\" class=\"wp-image-22921\" srcset=\"https:\/\/www.ejercito.mil.uy\/wp-content\/uploads\/2023\/06\/Ceremonia-Div.-E.-III-5-1024x683.jpg 1024w, https:\/\/www.ejercito.mil.uy\/wp-content\/uploads\/2023\/06\/Ceremonia-Div.-E.-III-5-300x200.jpg 300w, https:\/\/www.ejercito.mil.uy\/wp-content\/uploads\/2023\/06\/Ceremonia-Div.-E.-III-5.jpg 1200w\" sizes=\"(max-width: 1024px) 100vw, 1024px\" \/><\/figure>\n<\/div>\n\n\n\n<div class=\"wp-block-column is-layout-flow wp-block-column-is-layout-flow\">\n<figure class=\"wp-block-image size-large\"><img loading=\"lazy\" decoding=\"async\" width=\"1024\" height=\"683\" src=\"https:\/\/www.ejercito.mil.uy\/wp-content\/uploads\/2023\/06\/Ceremonia-Div.-E.-III-8-1024x683.jpg\" alt=\"\" class=\"wp-image-22922\" srcset=\"https:\/\/www.ejercito.mil.uy\/wp-content\/uploads\/2023\/06\/Ceremonia-Div.-E.-III-8-1024x683.jpg 1024w, https:\/\/www.ejercito.mil.uy\/wp-content\/uploads\/2023\/06\/Ceremonia-Div.-E.-III-8-300x200.jpg 300w, https:\/\/www.ejercito.mil.uy\/wp-content\/uploads\/2023\/06\/Ceremonia-Div.-E.-III-8.jpg 1200w\" sizes=\"(max-width: 1024px) 100vw, 1024px\" \/><\/figure>\n<\/div>\n<\/div>\n\n\n\n<div style=\"height:33px\" aria-hidden=\"true\" class=\"wp-block-spacer\"><\/div>\n\n\n\n<p>Para finalizar, los efectivos formados desfilaron rindiendo honores a las autoridades presentes. La Fuerza de Parada estuvo integrada por delegaciones de las Grandes Unidades y Unidades dependientes de la DEIII, as\u00ed como una Compa\u00f1\u00eda de alumnos del Liceo Militar \u00abGeneral Artigas\u00bb Anexo Norte.<\/p>\n\n\n\n<div style=\"height:33px\" aria-hidden=\"true\" class=\"wp-block-spacer\"><\/div>\n\n\n\n<div class=\"wp-block-columns is-layout-flex wp-container-core-columns-is-layout-28f84493 wp-block-columns-is-layout-flex\">\n<div class=\"wp-block-column is-layout-flow wp-block-column-is-layout-flow\">\n<figure class=\"wp-block-image size-large\"><img loading=\"lazy\" decoding=\"async\" width=\"1024\" height=\"683\" src=\"https:\/\/www.ejercito.mil.uy\/wp-content\/uploads\/2023\/06\/Ceremonia-Div.-E.-III-10-1024x683.jpg\" alt=\"\" class=\"wp-image-22926\" srcset=\"https:\/\/www.ejercito.mil.uy\/wp-content\/uploads\/2023\/06\/Ceremonia-Div.-E.-III-10-1024x683.jpg 1024w, https:\/\/www.ejercito.mil.uy\/wp-content\/uploads\/2023\/06\/Ceremonia-Div.-E.-III-10-300x200.jpg 300w, https:\/\/www.ejercito.mil.uy\/wp-content\/uploads\/2023\/06\/Ceremonia-Div.-E.-III-10.jpg 1200w\" sizes=\"(max-width: 1024px) 100vw, 1024px\" \/><\/figure>\n<\/div>\n\n\n\n<div class=\"wp-block-column is-layout-flow wp-block-column-is-layout-flow\">\n<figure class=\"wp-block-image size-large\"><img loading=\"lazy\" decoding=\"async\" width=\"1024\" height=\"683\" src=\"https:\/\/www.ejercito.mil.uy\/wp-content\/uploads\/2023\/06\/Ceremonia-Div.-E.-III-9-1024x683.jpg\" alt=\"\" class=\"wp-image-22927\" srcset=\"https:\/\/www.ejercito.mil.uy\/wp-content\/uploads\/2023\/06\/Ceremonia-Div.-E.-III-9-1024x683.jpg 1024w, https:\/\/www.ejercito.mil.uy\/wp-content\/uploads\/2023\/06\/Ceremonia-Div.-E.-III-9-300x200.jpg 300w, https:\/\/www.ejercito.mil.uy\/wp-content\/uploads\/2023\/06\/Ceremonia-Div.-E.-III-9.jpg 1200w\" sizes=\"(max-width: 1024px) 100vw, 1024px\" \/><\/figure>\n<\/div>\n<\/div>\n\n\n\n<div aria-label=\"Carousel Gallery\" class=\"wp-block-coblocks-gallery-carousel\"><div class=\"coblocks-gallery-carousel-swiper-container is-cropped coblocks-gallery has-no-alignment has-caption-style-dark has-no-thumbnails\"><div class=\"has-carousel has-carousel-xlrg swiper-container\" data-swiper=\"{&quot;alignCells&quot;:false,&quot;autoPlay&quot;:false,&quot;autoPlaySpeed&quot;:3000,&quot;draggable&quot;:true,&quot;freeMode&quot;:false,&quot;loop&quot;:true,&quot;navigation&quot;:true,&quot;pageDots&quot;:false,&quot;pauseHover&quot;:false,&quot;responsiveHeight&quot;:false,&quot;slidesPerView&quot;:1,&quot;thumbnails&quot;:false,&quot;uuid&quot;:&quot;12345&quot;}\" style=\"height:550px\"><div class=\"swiper-wrapper\"><div class=\"swiper-slide\"><div class=\"coblocks-gallery--item\" role=\"button\" tabindex=\"0\"><figure class=\"coblocks-gallery--figure\"><img loading=\"lazy\" decoding=\"async\" width=\"1024\" height=\"683\" alt=\"\" class=\"wp-image-22923\" data-id=\"22923\" data-link=\"https:\/\/www.ejercito.mil.uy\/?attachment_id=22923\" src=\"https:\/\/www.ejercito.mil.uy\/wp-content\/uploads\/2023\/06\/Ceremonia-Div.-E.-III-7-1024x683.jpg\" srcset=\"https:\/\/www.ejercito.mil.uy\/wp-content\/uploads\/2023\/06\/Ceremonia-Div.-E.-III-7-1024x683.jpg 1024w, https:\/\/www.ejercito.mil.uy\/wp-content\/uploads\/2023\/06\/Ceremonia-Div.-E.-III-7-300x200.jpg 300w, https:\/\/www.ejercito.mil.uy\/wp-content\/uploads\/2023\/06\/Ceremonia-Div.-E.-III-7.jpg 1200w\" sizes=\"(max-width: 1024px) 100vw, 1024px\" \/><\/figure><figcaption class=\"coblocks-gallery--caption coblocks-gallery--primary-caption\"><\/figcaption><\/div><\/div><div class=\"swiper-slide\"><div class=\"coblocks-gallery--item\" role=\"button\" tabindex=\"1\"><figure class=\"coblocks-gallery--figure\"><img loading=\"lazy\" decoding=\"async\" width=\"1024\" height=\"683\" alt=\"\" class=\"wp-image-22924\" data-id=\"22924\" data-link=\"https:\/\/www.ejercito.mil.uy\/?attachment_id=22924\" src=\"https:\/\/www.ejercito.mil.uy\/wp-content\/uploads\/2023\/06\/Ceremonia-Div.-E.-III-2-1024x683.jpg\" srcset=\"https:\/\/www.ejercito.mil.uy\/wp-content\/uploads\/2023\/06\/Ceremonia-Div.-E.-III-2-1024x683.jpg 1024w, https:\/\/www.ejercito.mil.uy\/wp-content\/uploads\/2023\/06\/Ceremonia-Div.-E.-III-2-300x200.jpg 300w, https:\/\/www.ejercito.mil.uy\/wp-content\/uploads\/2023\/06\/Ceremonia-Div.-E.-III-2.jpg 1200w\" sizes=\"(max-width: 1024px) 100vw, 1024px\" \/><\/figure><figcaption class=\"coblocks-gallery--caption coblocks-gallery--primary-caption\"><\/figcaption><\/div><\/div><div class=\"swiper-slide\"><div class=\"coblocks-gallery--item\" role=\"button\" tabindex=\"2\"><figure class=\"coblocks-gallery--figure\"><img loading=\"lazy\" decoding=\"async\" width=\"1024\" height=\"683\" alt=\"\" class=\"wp-image-22925\" data-id=\"22925\" data-link=\"https:\/\/www.ejercito.mil.uy\/?attachment_id=22925\" src=\"https:\/\/www.ejercito.mil.uy\/wp-content\/uploads\/2023\/06\/Ceremonia-Div.-E-III-1024x683.jpg\" srcset=\"https:\/\/www.ejercito.mil.uy\/wp-content\/uploads\/2023\/06\/Ceremonia-Div.-E-III-1024x683.jpg 1024w, https:\/\/www.ejercito.mil.uy\/wp-content\/uploads\/2023\/06\/Ceremonia-Div.-E-III-300x200.jpg 300w, https:\/\/www.ejercito.mil.uy\/wp-content\/uploads\/2023\/06\/Ceremonia-Div.-E-III.jpg 1200w\" sizes=\"(max-width: 1024px) 100vw, 1024px\" \/><\/figure><figcaption class=\"coblocks-gallery--caption coblocks-gallery--primary-caption\"><\/figcaption><\/div><\/div><\/div><button class=\"nav-button__prev\" id=\"12345-prev\"><svg class=\"icon\" style=\"transform:rotate(180deg)\"><\/svg><\/button><button class=\"nav-button__next\" id=\"12345-next\"><svg class=\"icon\"><\/svg><\/button><\/div><\/div><\/div>\n\n\n\n<div style=\"height:33px\" aria-hidden=\"true\" class=\"wp-block-spacer\"><\/div>\n\n\n\n<p>Adem\u00e1s asistieron al acto, autoridades nacionales, departamentales, militares y p\u00fablico en general.<\/p>\n\n\n\n<div style=\"height:33px\" aria-hidden=\"true\" class=\"wp-block-spacer\"><\/div>\n\n\n\n<p>Ver nota a partir del minuto 00:56 en la\u00a0<strong>edici\u00f3n #17<\/strong>\u00a0del\u00a0<strong>informativo Ej\u00e9rcito del Uruguay<\/strong>\u00a0<a rel=\"noreferrer noopener\" href=\"https:\/\/youtu.be\/6UKoSG4b4bY\" target=\"_blank\">https:\/\/youtu.be\/6UKoSG4b4bY<\/a><\/p>\n\n\n\n<div style=\"height:100px\" aria-hidden=\"true\" class=\"wp-block-spacer\"><\/div>\n","protected":false},"excerpt":{"rendered":"<p>24.06.2023 &#8211; Ayer, con la presencia del Comandante en Jefe del Ej\u00e9rcito, Gral. de Ej\u00e9rcito Mario Stevenazzi, se realiz\u00f3 la ceremonia por el 85\u00b0 aniversario de la Divisi\u00f3n de Ej\u00e9rcito III, con asiento en la ciudad de Tacuaremb\u00f3.<\/p>\n","protected":false},"author":14,"featured_media":22917,"comment_status":"open","ping_status":"open","sticky":false,"template":"","format":"standard","meta":{"_coblocks_attr":"","_coblocks_dimensions":"","_coblocks_responsive_height":"","_coblocks_accordion_ie_support":"","_monsterinsights_skip_tracking":false,"_monsterinsights_sitenote_active":false,"_monsterinsights_sitenote_note":"","_monsterinsights_sitenote_category":0,"_uf_show_specific_survey":0,"_uf_disable_surveys":false,"footnotes":""},"categories":[2,14,1],"tags":[337,810,44,125,406,994,907,649,1018,646],"class_list":["post-22916","post","type-post","status-publish","format-standard","has-post-thumbnail","hentry","category-blog","category-noticias","category-sin-categoria","tag-alumnos","tag-autoridades","tag-ceremonia","tag-comandante","tag-desfile","tag-division-de-ejercito-iii","tag-personal","tag-reconocimientos","tag-subalterno","tag-unidad"],"aioseo_notices":[],"_links":{"self":[{"href":"https:\/\/www.ejercito.mil.uy\/index.php\/wp-json\/wp\/v2\/posts\/22916","targetHints":{"allow":["GET"]}}],"collection":[{"href":"https:\/\/www.ejercito.mil.uy\/index.php\/wp-json\/wp\/v2\/posts"}],"about":[{"href":"https:\/\/www.ejercito.mil.uy\/index.php\/wp-json\/wp\/v2\/types\/post"}],"author":[{"embeddable":true,"href":"https:\/\/www.ejercito.mil.uy\/index.php\/wp-json\/wp\/v2\/users\/14"}],"replies":[{"embeddable":true,"href":"https:\/\/www.ejercito.mil.uy\/index.php\/wp-json\/wp\/v2\/comments?post=22916"}],"version-history":[{"count":10,"href":"https:\/\/www.ejercito.mil.uy\/index.php\/wp-json\/wp\/v2\/posts\/22916\/revisions"}],"predecessor-version":[{"id":23142,"href":"https:\/\/www.ejercito.mil.uy\/index.php\/wp-json\/wp\/v2\/posts\/22916\/revisions\/23142"}],"wp:featuredmedia":[{"embeddable":true,"href":"https:\/\/www.ejercito.mil.uy\/index.php\/wp-json\/wp\/v2\/media\/22917"}],"wp:attachment":[{"href":"https:\/\/www.ejercito.mil.uy\/index.php\/wp-json\/wp\/v2\/media?parent=22916"}],"wp:term":[{"taxonomy":"category","embeddable":true,"href":"https:\/\/www.ejercito.mil.uy\/index.php\/wp-json\/wp\/v2\/categories?post=22916"},{"taxonomy":"post_tag","embeddable":true,"href":"https:\/\/www.ejercito.mil.uy\/index.php\/wp-json\/wp\/v2\/tags?post=22916"}],"curies":[{"name":"wp","href":"https:\/\/api.w.org\/{rel}","templated":true}]}}