{"id":22973,"date":"2023-06-23T08:57:59","date_gmt":"2023-06-23T11:57:59","guid":{"rendered":"https:\/\/www.ejercito.mil.uy\/?p=22973"},"modified":"2023-06-28T08:37:05","modified_gmt":"2023-06-28T11:37:05","slug":"maniobras-conjuntas-en-san-ramon","status":"publish","type":"post","link":"https:\/\/www.ejercito.mil.uy\/index.php\/2023\/06\/23\/maniobras-conjuntas-en-san-ramon\/","title":{"rendered":"Maniobras conjuntas en San Ram\u00f3n"},"content":{"rendered":"\n<p class=\"has-small-font-size\">23.06.2023 &#8211; San Ram\u00f3n, Canelones<\/p>\n\n\n\n<div style=\"height:33px\" aria-hidden=\"true\" class=\"wp-block-spacer\"><\/div>\n\n\n\n<p class=\"has-white-color has-text-color has-background\" style=\"background-color:#6d071a\">La Brigada de Caballer\u00eda N\u00ba 3 (BC3) y medios de la Brigada de Comunicaciones N\u00b0 1, el <a rel=\"noreferrer noopener\" href=\"https:\/\/www.facebook.com\/profile.php?id=100064729566558&amp;__cft__[0]=AZVkDd4nbDkvOd4JUfVTQ8GKTE9M8rZQBTa0id3BFxyglNDLH44uptL-O0tJynhKJZX4466KKoU8fYi0P3lgkLEIWCmnrmpY79bOK2kcFeoHB4i3O_oRLAV-LD7CSRjfEnUV62KpanPUsTC4pBcQlt4UAVEoc75dfyQYbriX5x-FDEcwokjyFB9woach_FEb3Q4&amp;__tn__=-]K-R\" target=\"_blank\">Grupo \u00abBrigadier General Manuel Oribe\u00bb de Artiller\u00eda 105 mm. N\u00ba 1<\/a> y el Batall\u00f3n \u00abGral. de Div. Roberto P. River\u00f3s\u00bb de Ingenieros de Combate N\u00b0 1, realizaron ejercicios donde combinaron operaciones retardatrices, defensivas y de seguridad en la retaguardia. <\/p>\n\n\n\n<div style=\"height:33px\" aria-hidden=\"true\" class=\"wp-block-spacer\"><\/div>\n\n\n\n<p>Se emplearon de forma conjunta medios y personal de todas las Armas del Ej\u00e9rcito, los que trabajaron en m\u00faltiples escalones contemplando: procedimientos de toma de decisiones, conducci\u00f3n de tropas y ejecuci\u00f3n de actividades t\u00e9cnicas en el terreno.<\/p>\n\n\n\n<div style=\"height:33px\" aria-hidden=\"true\" class=\"wp-block-spacer\"><\/div>\n\n\n\n<p>Este tipo de actividades, donde los efectivos entrenan de forma realista en escenarios b\u00e9licos, son las que otorgan a la Fuerza, la flexibilidad necesaria para r\u00e1pidamente transicionar a escenarios de Operaciones de Paz, patrullaje de frontera, apoyos a la comunidad y dem\u00e1s organismos del Estado, o cualquier otra misi\u00f3n que sea asignada por el mando superior.<\/p>\n\n\n\n<div style=\"height:33px\" aria-hidden=\"true\" class=\"wp-block-spacer\"><\/div>\n\n\n\n<div aria-label=\"Carousel Gallery\" class=\"wp-block-coblocks-gallery-carousel\"><div class=\"coblocks-gallery-carousel-swiper-container is-cropped coblocks-gallery has-no-alignment has-caption-style-dark has-no-thumbnails\"><div class=\"has-carousel has-carousel-xlrg swiper-container\" data-swiper=\"{&quot;alignCells&quot;:false,&quot;autoPlay&quot;:false,&quot;autoPlaySpeed&quot;:3000,&quot;draggable&quot;:true,&quot;freeMode&quot;:false,&quot;loop&quot;:true,&quot;navigation&quot;:true,&quot;pageDots&quot;:false,&quot;pauseHover&quot;:false,&quot;responsiveHeight&quot;:false,&quot;slidesPerView&quot;:1,&quot;thumbnails&quot;:false,&quot;uuid&quot;:&quot;12345&quot;}\" style=\"height:550px\"><div class=\"swiper-wrapper\"><div class=\"swiper-slide\"><div class=\"coblocks-gallery--item\" role=\"button\" tabindex=\"0\"><figure class=\"coblocks-gallery--figure\"><img fetchpriority=\"high\" decoding=\"async\" width=\"1024\" height=\"683\" alt=\"\" class=\"wp-image-22987\" data-id=\"22987\" data-link=\"https:\/\/www.ejercito.mil.uy\/?attachment_id=22987\" src=\"https:\/\/www.ejercito.mil.uy\/wp-content\/uploads\/2023\/06\/Maniobra_BC3-13-1024x683.jpg\" srcset=\"https:\/\/www.ejercito.mil.uy\/wp-content\/uploads\/2023\/06\/Maniobra_BC3-13-1024x683.jpg 1024w, https:\/\/www.ejercito.mil.uy\/wp-content\/uploads\/2023\/06\/Maniobra_BC3-13-300x200.jpg 300w, https:\/\/www.ejercito.mil.uy\/wp-content\/uploads\/2023\/06\/Maniobra_BC3-13.jpg 1200w\" sizes=\"(max-width: 1024px) 100vw, 1024px\" \/><\/figure><figcaption class=\"coblocks-gallery--caption coblocks-gallery--primary-caption\"><\/figcaption><\/div><\/div><div class=\"swiper-slide\"><div class=\"coblocks-gallery--item\" role=\"button\" tabindex=\"1\"><figure class=\"coblocks-gallery--figure\"><img decoding=\"async\" width=\"1024\" height=\"683\" alt=\"\" class=\"wp-image-22986\" data-id=\"22986\" data-link=\"https:\/\/www.ejercito.mil.uy\/?attachment_id=22986\" src=\"https:\/\/www.ejercito.mil.uy\/wp-content\/uploads\/2023\/06\/Maniobra_BC3-12-1024x683.jpg\" srcset=\"https:\/\/www.ejercito.mil.uy\/wp-content\/uploads\/2023\/06\/Maniobra_BC3-12-1024x683.jpg 1024w, https:\/\/www.ejercito.mil.uy\/wp-content\/uploads\/2023\/06\/Maniobra_BC3-12-300x200.jpg 300w, https:\/\/www.ejercito.mil.uy\/wp-content\/uploads\/2023\/06\/Maniobra_BC3-12.jpg 1200w\" sizes=\"(max-width: 1024px) 100vw, 1024px\" \/><\/figure><figcaption class=\"coblocks-gallery--caption coblocks-gallery--primary-caption\"><\/figcaption><\/div><\/div><div class=\"swiper-slide\"><div class=\"coblocks-gallery--item\" role=\"button\" tabindex=\"2\"><figure class=\"coblocks-gallery--figure\"><img decoding=\"async\" width=\"1024\" height=\"683\" alt=\"\" class=\"wp-image-22984\" data-id=\"22984\" data-link=\"https:\/\/www.ejercito.mil.uy\/?attachment_id=22984\" src=\"https:\/\/www.ejercito.mil.uy\/wp-content\/uploads\/2023\/06\/Maniobra_BC3-9-1024x683.jpg\" srcset=\"https:\/\/www.ejercito.mil.uy\/wp-content\/uploads\/2023\/06\/Maniobra_BC3-9-1024x683.jpg 1024w, https:\/\/www.ejercito.mil.uy\/wp-content\/uploads\/2023\/06\/Maniobra_BC3-9-300x200.jpg 300w, https:\/\/www.ejercito.mil.uy\/wp-content\/uploads\/2023\/06\/Maniobra_BC3-9.jpg 1200w\" sizes=\"(max-width: 1024px) 100vw, 1024px\" \/><\/figure><figcaption class=\"coblocks-gallery--caption coblocks-gallery--primary-caption\"><\/figcaption><\/div><\/div><div class=\"swiper-slide\"><div class=\"coblocks-gallery--item\" role=\"button\" tabindex=\"3\"><figure class=\"coblocks-gallery--figure\"><img loading=\"lazy\" decoding=\"async\" width=\"1024\" height=\"683\" alt=\"\" class=\"wp-image-22979\" data-id=\"22979\" data-link=\"https:\/\/www.ejercito.mil.uy\/?attachment_id=22979\" src=\"https:\/\/www.ejercito.mil.uy\/wp-content\/uploads\/2023\/06\/Maniobra_BC3-2-1024x683.jpg\" srcset=\"https:\/\/www.ejercito.mil.uy\/wp-content\/uploads\/2023\/06\/Maniobra_BC3-2-1024x683.jpg 1024w, https:\/\/www.ejercito.mil.uy\/wp-content\/uploads\/2023\/06\/Maniobra_BC3-2-300x200.jpg 300w, https:\/\/www.ejercito.mil.uy\/wp-content\/uploads\/2023\/06\/Maniobra_BC3-2.jpg 1200w\" sizes=\"(max-width: 1024px) 100vw, 1024px\" \/><\/figure><figcaption class=\"coblocks-gallery--caption coblocks-gallery--primary-caption\"><\/figcaption><\/div><\/div><div class=\"swiper-slide\"><div class=\"coblocks-gallery--item\" role=\"button\" tabindex=\"4\"><figure class=\"coblocks-gallery--figure\"><img loading=\"lazy\" decoding=\"async\" width=\"1024\" height=\"683\" alt=\"\" class=\"wp-image-22982\" data-id=\"22982\" data-link=\"https:\/\/www.ejercito.mil.uy\/?attachment_id=22982\" src=\"https:\/\/www.ejercito.mil.uy\/wp-content\/uploads\/2023\/06\/Maniobra_BC3-5-1024x683.jpg\" srcset=\"https:\/\/www.ejercito.mil.uy\/wp-content\/uploads\/2023\/06\/Maniobra_BC3-5-1024x683.jpg 1024w, https:\/\/www.ejercito.mil.uy\/wp-content\/uploads\/2023\/06\/Maniobra_BC3-5-300x200.jpg 300w, https:\/\/www.ejercito.mil.uy\/wp-content\/uploads\/2023\/06\/Maniobra_BC3-5.jpg 1200w\" sizes=\"(max-width: 1024px) 100vw, 1024px\" \/><\/figure><figcaption class=\"coblocks-gallery--caption coblocks-gallery--primary-caption\"><\/figcaption><\/div><\/div><div class=\"swiper-slide\"><div class=\"coblocks-gallery--item\" role=\"button\" tabindex=\"5\"><figure class=\"coblocks-gallery--figure\"><img loading=\"lazy\" decoding=\"async\" width=\"1024\" height=\"683\" alt=\"\" class=\"wp-image-22980\" data-id=\"22980\" data-link=\"https:\/\/www.ejercito.mil.uy\/?attachment_id=22980\" src=\"https:\/\/www.ejercito.mil.uy\/wp-content\/uploads\/2023\/06\/Maniobra_BC3-3-1024x683.jpg\" srcset=\"https:\/\/www.ejercito.mil.uy\/wp-content\/uploads\/2023\/06\/Maniobra_BC3-3-1024x683.jpg 1024w, https:\/\/www.ejercito.mil.uy\/wp-content\/uploads\/2023\/06\/Maniobra_BC3-3-300x200.jpg 300w, https:\/\/www.ejercito.mil.uy\/wp-content\/uploads\/2023\/06\/Maniobra_BC3-3.jpg 1200w\" sizes=\"(max-width: 1024px) 100vw, 1024px\" \/><\/figure><figcaption class=\"coblocks-gallery--caption coblocks-gallery--primary-caption\"><\/figcaption><\/div><\/div><div class=\"swiper-slide\"><div class=\"coblocks-gallery--item\" role=\"button\" tabindex=\"6\"><figure class=\"coblocks-gallery--figure\"><img loading=\"lazy\" decoding=\"async\" width=\"1024\" height=\"683\" alt=\"\" class=\"wp-image-22981\" data-id=\"22981\" data-link=\"https:\/\/www.ejercito.mil.uy\/?attachment_id=22981\" src=\"https:\/\/www.ejercito.mil.uy\/wp-content\/uploads\/2023\/06\/Maniobra_BC3-4-1024x683.jpg\" srcset=\"https:\/\/www.ejercito.mil.uy\/wp-content\/uploads\/2023\/06\/Maniobra_BC3-4-1024x683.jpg 1024w, https:\/\/www.ejercito.mil.uy\/wp-content\/uploads\/2023\/06\/Maniobra_BC3-4-300x200.jpg 300w, https:\/\/www.ejercito.mil.uy\/wp-content\/uploads\/2023\/06\/Maniobra_BC3-4.jpg 1200w\" sizes=\"(max-width: 1024px) 100vw, 1024px\" \/><\/figure><figcaption class=\"coblocks-gallery--caption coblocks-gallery--primary-caption\"><\/figcaption><\/div><\/div><div class=\"swiper-slide\"><div class=\"coblocks-gallery--item\" role=\"button\" tabindex=\"7\"><figure class=\"coblocks-gallery--figure\"><img loading=\"lazy\" decoding=\"async\" width=\"1024\" height=\"683\" alt=\"\" class=\"wp-image-22985\" data-id=\"22985\" data-link=\"https:\/\/www.ejercito.mil.uy\/?attachment_id=22985\" src=\"https:\/\/www.ejercito.mil.uy\/wp-content\/uploads\/2023\/06\/Maniobra_BC3-10-1024x683.jpg\" srcset=\"https:\/\/www.ejercito.mil.uy\/wp-content\/uploads\/2023\/06\/Maniobra_BC3-10-1024x683.jpg 1024w, https:\/\/www.ejercito.mil.uy\/wp-content\/uploads\/2023\/06\/Maniobra_BC3-10-300x200.jpg 300w, https:\/\/www.ejercito.mil.uy\/wp-content\/uploads\/2023\/06\/Maniobra_BC3-10.jpg 1200w\" sizes=\"(max-width: 1024px) 100vw, 1024px\" \/><\/figure><figcaption class=\"coblocks-gallery--caption coblocks-gallery--primary-caption\"><\/figcaption><\/div><\/div><div class=\"swiper-slide\"><div class=\"coblocks-gallery--item\" role=\"button\" tabindex=\"8\"><figure class=\"coblocks-gallery--figure\"><img loading=\"lazy\" decoding=\"async\" width=\"1024\" height=\"683\" alt=\"\" class=\"wp-image-22983\" data-id=\"22983\" data-link=\"https:\/\/www.ejercito.mil.uy\/?attachment_id=22983\" src=\"https:\/\/www.ejercito.mil.uy\/wp-content\/uploads\/2023\/06\/Maniobra_BC3-8-1024x683.jpg\" srcset=\"https:\/\/www.ejercito.mil.uy\/wp-content\/uploads\/2023\/06\/Maniobra_BC3-8-1024x683.jpg 1024w, https:\/\/www.ejercito.mil.uy\/wp-content\/uploads\/2023\/06\/Maniobra_BC3-8-300x200.jpg 300w, https:\/\/www.ejercito.mil.uy\/wp-content\/uploads\/2023\/06\/Maniobra_BC3-8.jpg 1200w\" sizes=\"(max-width: 1024px) 100vw, 1024px\" \/><\/figure><figcaption class=\"coblocks-gallery--caption coblocks-gallery--primary-caption\"><\/figcaption><\/div><\/div><\/div><button class=\"nav-button__prev\" id=\"12345-prev\"><svg class=\"icon\" style=\"transform:rotate(180deg)\"><\/svg><\/button><button class=\"nav-button__next\" id=\"12345-next\"><svg class=\"icon\"><\/svg><\/button><\/div><\/div><\/div>\n\n\n\n<div style=\"height:33px\" aria-hidden=\"true\" class=\"wp-block-spacer\"><\/div>\n\n\n\n<p>Las Unidades dependientes de la BC3 que participaron fueron el <a rel=\"noreferrer noopener\" href=\"https:\/\/www.facebook.com\/regcmec4?__cft__[0]=AZVkDd4nbDkvOd4JUfVTQ8GKTE9M8rZQBTa0id3BFxyglNDLH44uptL-O0tJynhKJZX4466KKoU8fYi0P3lgkLEIWCmnrmpY79bOK2kcFeoHB4i3O_oRLAV-LD7CSRjfEnUV62KpanPUsTC4pBcQlt4UAVEoc75dfyQYbriX5x-FDEcwokjyFB9woach_FEb3Q4&amp;__tn__=-]K-R\" target=\"_blank\">Regimiento de Caballer\u00eda Mecanizado N\u00b0 4<\/a>, el <a rel=\"noreferrer noopener\" href=\"https:\/\/www.facebook.com\/BatallonInfanteria3Uy?__cft__[0]=AZVkDd4nbDkvOd4JUfVTQ8GKTE9M8rZQBTa0id3BFxyglNDLH44uptL-O0tJynhKJZX4466KKoU8fYi0P3lgkLEIWCmnrmpY79bOK2kcFeoHB4i3O_oRLAV-LD7CSRjfEnUV62KpanPUsTC4pBcQlt4UAVEoc75dfyQYbriX5x-FDEcwokjyFB9woach_FEb3Q4&amp;__tn__=-]K-R\" target=\"_blank\">Batall\u00f3n \u00ab24 de Abril\u00bb de Infanter\u00eda Mecanizado N\u00b0 3<\/a> y el Regimiento \u00abTte. Cnel. Atanasildo Su\u00e1rez\u00bb de Caballer\u00eda Mecanizado N\u00b0 6.<\/p>\n\n\n\n<div style=\"height:33px\" aria-hidden=\"true\" class=\"wp-block-spacer\"><\/div>\n\n\n\n<p>\ud83d\udcf8 M\u00e1s fotograf\u00edas disponibles en nuestro \u00e1lbum de Flickr \ud83d\udc49\ud83c\udffc <a rel=\"noreferrer noopener\" href=\"https:\/\/flic.kr\/s\/aHBqjAKkvN\" target=\"_blank\">https:\/\/flic.kr\/s\/aHBqjAKkvN<\/a><\/p>\n\n\n\n<div style=\"height:33px\" aria-hidden=\"true\" class=\"wp-block-spacer\"><\/div>\n\n\n\n<div aria-label=\"Carousel Gallery\" class=\"wp-block-coblocks-gallery-carousel\"><div class=\"coblocks-gallery-carousel-swiper-container is-cropped coblocks-gallery has-no-alignment has-caption-style-dark has-no-thumbnails\"><div class=\"has-carousel has-carousel-xlrg swiper-container\" data-swiper=\"{&quot;alignCells&quot;:false,&quot;autoPlay&quot;:false,&quot;autoPlaySpeed&quot;:3000,&quot;draggable&quot;:true,&quot;freeMode&quot;:false,&quot;loop&quot;:true,&quot;navigation&quot;:true,&quot;pageDots&quot;:false,&quot;pauseHover&quot;:false,&quot;responsiveHeight&quot;:false,&quot;slidesPerView&quot;:1,&quot;thumbnails&quot;:false,&quot;uuid&quot;:&quot;12345&quot;}\" style=\"height:550px\"><div class=\"swiper-wrapper\"><div class=\"swiper-slide\"><div class=\"coblocks-gallery--item\" role=\"button\" tabindex=\"0\"><figure class=\"coblocks-gallery--figure\"><img loading=\"lazy\" decoding=\"async\" width=\"1024\" height=\"683\" alt=\"\" class=\"wp-image-22976\" data-id=\"22976\" data-link=\"https:\/\/www.ejercito.mil.uy\/?attachment_id=22976\" src=\"https:\/\/www.ejercito.mil.uy\/wp-content\/uploads\/2023\/06\/Maniobra_BC3-6-1024x683.jpg\" srcset=\"https:\/\/www.ejercito.mil.uy\/wp-content\/uploads\/2023\/06\/Maniobra_BC3-6-1024x683.jpg 1024w, https:\/\/www.ejercito.mil.uy\/wp-content\/uploads\/2023\/06\/Maniobra_BC3-6-300x200.jpg 300w, https:\/\/www.ejercito.mil.uy\/wp-content\/uploads\/2023\/06\/Maniobra_BC3-6.jpg 1200w\" sizes=\"(max-width: 1024px) 100vw, 1024px\" \/><\/figure><figcaption class=\"coblocks-gallery--caption coblocks-gallery--primary-caption\"><\/figcaption><\/div><\/div><div class=\"swiper-slide\"><div class=\"coblocks-gallery--item\" role=\"button\" tabindex=\"1\"><figure class=\"coblocks-gallery--figure\"><img loading=\"lazy\" decoding=\"async\" width=\"1024\" height=\"683\" alt=\"\" class=\"wp-image-22977\" data-id=\"22977\" data-link=\"https:\/\/www.ejercito.mil.uy\/?attachment_id=22977\" src=\"https:\/\/www.ejercito.mil.uy\/wp-content\/uploads\/2023\/06\/Maniobra_BC3-7-1024x683.jpg\" srcset=\"https:\/\/www.ejercito.mil.uy\/wp-content\/uploads\/2023\/06\/Maniobra_BC3-7-1024x683.jpg 1024w, https:\/\/www.ejercito.mil.uy\/wp-content\/uploads\/2023\/06\/Maniobra_BC3-7-300x200.jpg 300w, https:\/\/www.ejercito.mil.uy\/wp-content\/uploads\/2023\/06\/Maniobra_BC3-7.jpg 1200w\" sizes=\"(max-width: 1024px) 100vw, 1024px\" \/><\/figure><figcaption class=\"coblocks-gallery--caption coblocks-gallery--primary-caption\"><\/figcaption><\/div><\/div><div class=\"swiper-slide\"><div class=\"coblocks-gallery--item\" role=\"button\" tabindex=\"2\"><figure class=\"coblocks-gallery--figure\"><img loading=\"lazy\" decoding=\"async\" width=\"1024\" height=\"683\" alt=\"\" class=\"wp-image-22978\" data-id=\"22978\" data-link=\"https:\/\/www.ejercito.mil.uy\/?attachment_id=22978\" src=\"https:\/\/www.ejercito.mil.uy\/wp-content\/uploads\/2023\/06\/Maniobra_BC3-11-1024x683.jpg\" srcset=\"https:\/\/www.ejercito.mil.uy\/wp-content\/uploads\/2023\/06\/Maniobra_BC3-11-1024x683.jpg 1024w, https:\/\/www.ejercito.mil.uy\/wp-content\/uploads\/2023\/06\/Maniobra_BC3-11-300x200.jpg 300w, https:\/\/www.ejercito.mil.uy\/wp-content\/uploads\/2023\/06\/Maniobra_BC3-11.jpg 1200w\" sizes=\"(max-width: 1024px) 100vw, 1024px\" \/><\/figure><figcaption class=\"coblocks-gallery--caption coblocks-gallery--primary-caption\"><\/figcaption><\/div><\/div><\/div><button class=\"nav-button__prev\" id=\"12345-prev\"><svg class=\"icon\" style=\"transform:rotate(180deg)\"><\/svg><\/button><button class=\"nav-button__next\" id=\"12345-next\"><svg class=\"icon\"><\/svg><\/button><\/div><\/div><\/div>\n\n\n\n<div style=\"height:99px\" aria-hidden=\"true\" class=\"wp-block-spacer\"><\/div>\n","protected":false},"excerpt":{"rendered":"<p>23.06.2023 &#8211; Se emplearon de forma conjunta medios y personal de todas las Armas del Ej\u00e9rcito, los que trabajaron en m\u00faltiples escalones.<\/p>\n","protected":false},"author":4,"featured_media":22975,"comment_status":"open","ping_status":"open","sticky":false,"template":"","format":"standard","meta":{"_coblocks_attr":"","_coblocks_dimensions":"","_coblocks_responsive_height":"","_coblocks_accordion_ie_support":"","_monsterinsights_skip_tracking":false,"_monsterinsights_sitenote_active":false,"_monsterinsights_sitenote_note":"","_monsterinsights_sitenote_category":0,"_uf_show_specific_survey":0,"_uf_disable_surveys":false,"footnotes":""},"categories":[2,10,14,1],"tags":[321,135,624,60,71,48,153,566],"class_list":["post-22973","post","type-post","status-publish","format-standard","has-post-thumbnail","hentry","category-blog","category-destacados","category-noticias","category-sin-categoria","tag-actividades","tag-artilleria","tag-caballeria-2","tag-comunicaciones","tag-infanteria","tag-ingenieros","tag-maniobra","tag-mecanizados"],"aioseo_notices":[],"_links":{"self":[{"href":"https:\/\/www.ejercito.mil.uy\/index.php\/wp-json\/wp\/v2\/posts\/22973","targetHints":{"allow":["GET"]}}],"collection":[{"href":"https:\/\/www.ejercito.mil.uy\/index.php\/wp-json\/wp\/v2\/posts"}],"about":[{"href":"https:\/\/www.ejercito.mil.uy\/index.php\/wp-json\/wp\/v2\/types\/post"}],"author":[{"embeddable":true,"href":"https:\/\/www.ejercito.mil.uy\/index.php\/wp-json\/wp\/v2\/users\/4"}],"replies":[{"embeddable":true,"href":"https:\/\/www.ejercito.mil.uy\/index.php\/wp-json\/wp\/v2\/comments?post=22973"}],"version-history":[{"count":8,"href":"https:\/\/www.ejercito.mil.uy\/index.php\/wp-json\/wp\/v2\/posts\/22973\/revisions"}],"predecessor-version":[{"id":23052,"href":"https:\/\/www.ejercito.mil.uy\/index.php\/wp-json\/wp\/v2\/posts\/22973\/revisions\/23052"}],"wp:featuredmedia":[{"embeddable":true,"href":"https:\/\/www.ejercito.mil.uy\/index.php\/wp-json\/wp\/v2\/media\/22975"}],"wp:attachment":[{"href":"https:\/\/www.ejercito.mil.uy\/index.php\/wp-json\/wp\/v2\/media?parent=22973"}],"wp:term":[{"taxonomy":"category","embeddable":true,"href":"https:\/\/www.ejercito.mil.uy\/index.php\/wp-json\/wp\/v2\/categories?post=22973"},{"taxonomy":"post_tag","embeddable":true,"href":"https:\/\/www.ejercito.mil.uy\/index.php\/wp-json\/wp\/v2\/tags?post=22973"}],"curies":[{"name":"wp","href":"https:\/\/api.w.org\/{rel}","templated":true}]}}