{"id":23016,"date":"2023-06-27T13:13:02","date_gmt":"2023-06-27T16:13:02","guid":{"rendered":"https:\/\/www.ejercito.mil.uy\/?p=23016"},"modified":"2023-06-27T13:14:55","modified_gmt":"2023-06-27T16:14:55","slug":"charlas-de-seguridad-vial-y-manejo-defensivo","status":"publish","type":"post","link":"https:\/\/www.ejercito.mil.uy\/index.php\/2023\/06\/27\/charlas-de-seguridad-vial-y-manejo-defensivo\/","title":{"rendered":"Charlas sobre \u00abSeguridad Vial\u00bb y \u00abManejo Defensivo\u00bb"},"content":{"rendered":"\n<p class=\"has-small-font-size\">27.06.2023 <\/p>\n\n\n\n<div style=\"height:33px\" aria-hidden=\"true\" class=\"wp-block-spacer\"><\/div>\n\n\n\n<p>Los efectivos del Grupo \u00abCruzada Libertadora de 1825\u00bb de Artiller\u00eda 105 mm N\u00ba 4 (GrpA4) y el Batall\u00f3n \u00abGral. Celestino Bov\u00e9\u00bb de Ingenieros de Combate N\u00b0 4, recibieron charlas sobre<strong> \u00abSeguridad Vial\u00bb<\/strong> y <strong>\u00abManejo Defensivo\u00bb<\/strong>, respectivamente. <\/p>\n\n\n\n<div style=\"height:33px\" aria-hidden=\"true\" class=\"wp-block-spacer\"><\/div>\n\n\n\n<p class=\"has-white-color has-vivid-red-background-color has-text-color has-background\">La pasada semana, comenz\u00f3 en el GrpA4 el ciclo de conferencias informativas, las que ser\u00e1n dictadas mensualmente con la participaci\u00f3n de 30 efectivos. La primera instancia, cont\u00f3 con la colaboraci\u00f3n de un funcionario de Polic\u00eda Caminera y un Inspector de Tr\u00e1nsito de la Intendencia Departamental de Lavalleja.<\/p>\n\n\n\n<div style=\"height:33px\" aria-hidden=\"true\" class=\"wp-block-spacer\"><\/div>\n\n\n\n<div aria-label=\"Carousel Gallery\" class=\"wp-block-coblocks-gallery-carousel\"><div class=\"coblocks-gallery-carousel-swiper-container is-cropped coblocks-gallery has-no-alignment has-caption-style-dark has-no-thumbnails\"><div class=\"has-carousel has-carousel-xlrg swiper-container\" data-swiper=\"{&quot;alignCells&quot;:false,&quot;autoPlay&quot;:false,&quot;autoPlaySpeed&quot;:3000,&quot;draggable&quot;:true,&quot;freeMode&quot;:false,&quot;loop&quot;:true,&quot;navigation&quot;:true,&quot;pageDots&quot;:false,&quot;pauseHover&quot;:false,&quot;responsiveHeight&quot;:false,&quot;slidesPerView&quot;:1,&quot;thumbnails&quot;:false,&quot;uuid&quot;:&quot;12345&quot;}\" style=\"height:550px\"><div class=\"swiper-wrapper\"><div class=\"swiper-slide\"><div class=\"coblocks-gallery--item\" role=\"button\"><figure class=\"coblocks-gallery--figure\"><img fetchpriority=\"high\" decoding=\"async\" width=\"1024\" height=\"683\" alt=\"\" class=\"wp-image-23018\" data-id=\"23018\" data-link=\"https:\/\/www.ejercito.mil.uy\/?attachment_id=23018\" src=\"https:\/\/www.ejercito.mil.uy\/wp-content\/uploads\/2023\/06\/Seguridad-vial-GrpA4-1024x683.jpg\" srcset=\"https:\/\/www.ejercito.mil.uy\/wp-content\/uploads\/2023\/06\/Seguridad-vial-GrpA4-1024x683.jpg 1024w, https:\/\/www.ejercito.mil.uy\/wp-content\/uploads\/2023\/06\/Seguridad-vial-GrpA4-300x200.jpg 300w, https:\/\/www.ejercito.mil.uy\/wp-content\/uploads\/2023\/06\/Seguridad-vial-GrpA4.jpg 1200w\" sizes=\"(max-width: 1024px) 100vw, 1024px\" \/><\/figure><figcaption class=\"coblocks-gallery--caption coblocks-gallery--primary-caption\"><\/figcaption><\/div><\/div><div class=\"swiper-slide\"><div class=\"coblocks-gallery--item\" role=\"button\"><figure class=\"coblocks-gallery--figure\"><img decoding=\"async\" width=\"1024\" height=\"683\" alt=\"\" class=\"wp-image-23019\" data-id=\"23019\" data-link=\"https:\/\/www.ejercito.mil.uy\/?attachment_id=23019\" src=\"https:\/\/www.ejercito.mil.uy\/wp-content\/uploads\/2023\/06\/Seguridad-vial-GrpA4-3-1024x683.jpg\" srcset=\"https:\/\/www.ejercito.mil.uy\/wp-content\/uploads\/2023\/06\/Seguridad-vial-GrpA4-3-1024x683.jpg 1024w, https:\/\/www.ejercito.mil.uy\/wp-content\/uploads\/2023\/06\/Seguridad-vial-GrpA4-3-300x200.jpg 300w, https:\/\/www.ejercito.mil.uy\/wp-content\/uploads\/2023\/06\/Seguridad-vial-GrpA4-3.jpg 1200w\" sizes=\"(max-width: 1024px) 100vw, 1024px\" \/><\/figure><figcaption class=\"coblocks-gallery--caption coblocks-gallery--primary-caption\"><\/figcaption><\/div><\/div><div class=\"swiper-slide\"><div class=\"coblocks-gallery--item\" role=\"button\"><figure class=\"coblocks-gallery--figure\"><img decoding=\"async\" width=\"1024\" height=\"683\" alt=\"\" class=\"wp-image-23020\" data-id=\"23020\" data-link=\"https:\/\/www.ejercito.mil.uy\/?attachment_id=23020\" src=\"https:\/\/www.ejercito.mil.uy\/wp-content\/uploads\/2023\/06\/Seguridad-vial-GrpA4-4-1024x683.jpg\" srcset=\"https:\/\/www.ejercito.mil.uy\/wp-content\/uploads\/2023\/06\/Seguridad-vial-GrpA4-4-1024x683.jpg 1024w, https:\/\/www.ejercito.mil.uy\/wp-content\/uploads\/2023\/06\/Seguridad-vial-GrpA4-4-300x200.jpg 300w, https:\/\/www.ejercito.mil.uy\/wp-content\/uploads\/2023\/06\/Seguridad-vial-GrpA4-4.jpg 1200w\" sizes=\"(max-width: 1024px) 100vw, 1024px\" \/><\/figure><figcaption class=\"coblocks-gallery--caption coblocks-gallery--primary-caption\"><\/figcaption><\/div><\/div><\/div><button class=\"nav-button__prev\" id=\"12345-prev\"><\/button><button class=\"nav-button__next\" id=\"12345-next\"><\/button><\/div><\/div><\/div>\n\n\n\n<div style=\"height:33px\" aria-hidden=\"true\" class=\"wp-block-spacer\"><\/div>\n\n\n\n<p class=\"has-white-color has-black-background-color has-text-color has-background\">Por otra parte, en el <a href=\"https:\/\/www.facebook.com\/bning4uy\/?__cft__[0]=AZUanbFkfMWf3TwVgywcM783emxOOUjfwEjSU_wwqx38y1td4GHbjB0KpbJkkZBeUBJvbANDJJHQ_nnqP-lQxcgb_fsDTwaXZK30shZtHSKhClpY9fVo2r_z3HGjNO2DYtYgDOBH0Rx68YjOosQoDwbYe9JyCznNh6E0NRk1iT7TbPNisO6uM3TFjRZhhgazIHw&amp;__tn__=kK-R\" target=\"_blank\" rel=\"noreferrer noopener\">Batall\u00f3n de Ingenieros de Combate N\u00ba4 Uy<\/a> fue dictada por integrantes de la Direcci\u00f3n de Tr\u00e1nsito de la <a href=\"https:\/\/www.facebook.com\/idmuy?__cft__[0]=AZUanbFkfMWf3TwVgywcM783emxOOUjfwEjSU_wwqx38y1td4GHbjB0KpbJkkZBeUBJvbANDJJHQ_nnqP-lQxcgb_fsDTwaXZK30shZtHSKhClpY9fVo2r_z3HGjNO2DYtYgDOBH0Rx68YjOosQoDwbYe9JyCznNh6E0NRk1iT7TbPNisO6uM3TFjRZhhgazIHw&amp;__tn__=-]K-R\" target=\"_blank\" rel=\"noreferrer noopener\">Intendencia de Maldonado<\/a>.<\/p>\n\n\n\n<div style=\"height:33px\" aria-hidden=\"true\" class=\"wp-block-spacer\"><\/div>\n\n\n\n<div aria-label=\"Carousel Gallery\" class=\"wp-block-coblocks-gallery-carousel\"><div class=\"coblocks-gallery-carousel-swiper-container is-cropped coblocks-gallery has-no-alignment has-caption-style-dark has-no-thumbnails\"><div class=\"has-carousel has-carousel-xlrg swiper-container\" data-swiper=\"{&quot;alignCells&quot;:false,&quot;autoPlay&quot;:false,&quot;autoPlaySpeed&quot;:3000,&quot;draggable&quot;:true,&quot;freeMode&quot;:false,&quot;loop&quot;:true,&quot;navigation&quot;:true,&quot;pageDots&quot;:false,&quot;pauseHover&quot;:false,&quot;responsiveHeight&quot;:false,&quot;slidesPerView&quot;:1,&quot;thumbnails&quot;:false,&quot;uuid&quot;:&quot;12345&quot;}\" style=\"height:550px\"><div class=\"swiper-wrapper\"><div class=\"swiper-slide\"><div class=\"coblocks-gallery--item\" role=\"button\"><figure class=\"coblocks-gallery--figure\"><img loading=\"lazy\" decoding=\"async\" width=\"1024\" height=\"683\" alt=\"\" class=\"wp-image-23021\" data-id=\"23021\" data-link=\"https:\/\/www.ejercito.mil.uy\/?attachment_id=23021\" src=\"https:\/\/www.ejercito.mil.uy\/wp-content\/uploads\/2023\/06\/Manejo-defensivo-BnIng4-1024x683.jpg\" srcset=\"https:\/\/www.ejercito.mil.uy\/wp-content\/uploads\/2023\/06\/Manejo-defensivo-BnIng4-1024x683.jpg 1024w, https:\/\/www.ejercito.mil.uy\/wp-content\/uploads\/2023\/06\/Manejo-defensivo-BnIng4-300x200.jpg 300w, https:\/\/www.ejercito.mil.uy\/wp-content\/uploads\/2023\/06\/Manejo-defensivo-BnIng4.jpg 1200w\" sizes=\"(max-width: 1024px) 100vw, 1024px\" \/><\/figure><figcaption class=\"coblocks-gallery--caption coblocks-gallery--primary-caption\"><\/figcaption><\/div><\/div><div class=\"swiper-slide\"><div class=\"coblocks-gallery--item\" role=\"button\"><figure class=\"coblocks-gallery--figure\"><img loading=\"lazy\" decoding=\"async\" width=\"1024\" height=\"683\" alt=\"\" class=\"wp-image-23022\" data-id=\"23022\" data-link=\"https:\/\/www.ejercito.mil.uy\/?attachment_id=23022\" src=\"https:\/\/www.ejercito.mil.uy\/wp-content\/uploads\/2023\/06\/Manejo-defensivo-BnIng4-2-1024x683.jpg\" srcset=\"https:\/\/www.ejercito.mil.uy\/wp-content\/uploads\/2023\/06\/Manejo-defensivo-BnIng4-2-1024x683.jpg 1024w, https:\/\/www.ejercito.mil.uy\/wp-content\/uploads\/2023\/06\/Manejo-defensivo-BnIng4-2-300x200.jpg 300w, https:\/\/www.ejercito.mil.uy\/wp-content\/uploads\/2023\/06\/Manejo-defensivo-BnIng4-2.jpg 1200w\" sizes=\"(max-width: 1024px) 100vw, 1024px\" \/><\/figure><figcaption class=\"coblocks-gallery--caption coblocks-gallery--primary-caption\"><\/figcaption><\/div><\/div><div class=\"swiper-slide\"><div class=\"coblocks-gallery--item\" role=\"button\"><figure class=\"coblocks-gallery--figure\"><img loading=\"lazy\" decoding=\"async\" width=\"1024\" height=\"683\" alt=\"\" class=\"wp-image-23023\" data-id=\"23023\" data-link=\"https:\/\/www.ejercito.mil.uy\/?attachment_id=23023\" src=\"https:\/\/www.ejercito.mil.uy\/wp-content\/uploads\/2023\/06\/Manejo-defensivo-BnIng4-3-1024x683.jpg\" srcset=\"https:\/\/www.ejercito.mil.uy\/wp-content\/uploads\/2023\/06\/Manejo-defensivo-BnIng4-3-1024x683.jpg 1024w, https:\/\/www.ejercito.mil.uy\/wp-content\/uploads\/2023\/06\/Manejo-defensivo-BnIng4-3-300x200.jpg 300w, https:\/\/www.ejercito.mil.uy\/wp-content\/uploads\/2023\/06\/Manejo-defensivo-BnIng4-3.jpg 1200w\" sizes=\"(max-width: 1024px) 100vw, 1024px\" \/><\/figure><figcaption class=\"coblocks-gallery--caption coblocks-gallery--primary-caption\"><\/figcaption><\/div><\/div><div class=\"swiper-slide\"><div class=\"coblocks-gallery--item\" role=\"button\"><figure class=\"coblocks-gallery--figure\"><img loading=\"lazy\" decoding=\"async\" width=\"1024\" height=\"683\" alt=\"\" class=\"wp-image-23024\" data-id=\"23024\" data-link=\"https:\/\/www.ejercito.mil.uy\/?attachment_id=23024\" src=\"https:\/\/www.ejercito.mil.uy\/wp-content\/uploads\/2023\/06\/Manejo-defensivo-BnIng4-4-1024x683.jpg\" srcset=\"https:\/\/www.ejercito.mil.uy\/wp-content\/uploads\/2023\/06\/Manejo-defensivo-BnIng4-4-1024x683.jpg 1024w, https:\/\/www.ejercito.mil.uy\/wp-content\/uploads\/2023\/06\/Manejo-defensivo-BnIng4-4-300x200.jpg 300w, https:\/\/www.ejercito.mil.uy\/wp-content\/uploads\/2023\/06\/Manejo-defensivo-BnIng4-4.jpg 1200w\" sizes=\"(max-width: 1024px) 100vw, 1024px\" \/><\/figure><figcaption class=\"coblocks-gallery--caption coblocks-gallery--primary-caption\"><\/figcaption><\/div><\/div><\/div><button class=\"nav-button__prev\" id=\"12345-prev\"><\/button><button class=\"nav-button__next\" id=\"12345-next\"><\/button><\/div><\/div><\/div>\n\n\n\n<div style=\"height:33px\" aria-hidden=\"true\" class=\"wp-block-spacer\"><\/div>\n\n\n\n<p>La finalidad de estas actividades, es concientizar al personal en la prevenci\u00f3n de accidentes de tr\u00e1nsito y su impacto, procurando desarrollar en los usuarios de motocicletas y autom\u00f3viles, la mayor actitud proactiva en la conducci\u00f3n de sus veh\u00edculos, independientemente de la conducta que tengan otros conductores.<\/p>\n\n\n\n<div style=\"height:33px\" aria-hidden=\"true\" class=\"wp-block-spacer\"><\/div>\n\n\n\n<p><a href=\"https:\/\/www.facebook.com\/profile.php?id=100069147131763&amp;__cft__[0]=AZUanbFkfMWf3TwVgywcM783emxOOUjfwEjSU_wwqx38y1td4GHbjB0KpbJkkZBeUBJvbANDJJHQ_nnqP-lQxcgb_fsDTwaXZK30shZtHSKhClpY9fVo2r_z3HGjNO2DYtYgDOBH0Rx68YjOosQoDwbYe9JyCznNh6E0NRk1iT7TbPNisO6uM3TFjRZhhgazIHw&amp;__tn__=-]K-R\" target=\"_blank\" rel=\"noreferrer noopener\">Gobierno De Lavalleja<\/a><\/p>\n","protected":false},"excerpt":{"rendered":"<p>27.06.2023 &#8211; Los efectivos del Grupo \u00abCruzada Libertadora de 1825\u00bb de Artiller\u00eda 105 mm N\u00ba 4 y el Batall\u00f3n \u00abGral. Celestino Bov\u00e9\u00bb de Ingenieros de Combate N\u00b0 4, recibieron charlas sobre \u00abSeguridad Vial\u00bb y \u00abManejo Defensivo\u00bb, respectivamente. <\/p>\n","protected":false},"author":14,"featured_media":23017,"comment_status":"open","ping_status":"open","sticky":false,"template":"","format":"standard","meta":{"_coblocks_attr":"","_coblocks_dimensions":"","_coblocks_responsive_height":"","_coblocks_accordion_ie_support":"","_monsterinsights_skip_tracking":false,"_monsterinsights_sitenote_active":false,"_monsterinsights_sitenote_note":"","_monsterinsights_sitenote_category":0,"_uf_show_specific_survey":0,"_uf_disable_surveys":false,"footnotes":""},"categories":[2,14,1],"tags":[699,1025,719,300,33,1026,88],"class_list":["post-23016","post","type-post","status-publish","format-standard","has-post-thumbnail","hentry","category-blog","category-noticias","category-sin-categoria","tag-charla","tag-defensivo","tag-manejo","tag-prevencion","tag-seguridad","tag-transito-2","tag-vehiculos"],"aioseo_notices":[],"_links":{"self":[{"href":"https:\/\/www.ejercito.mil.uy\/index.php\/wp-json\/wp\/v2\/posts\/23016","targetHints":{"allow":["GET"]}}],"collection":[{"href":"https:\/\/www.ejercito.mil.uy\/index.php\/wp-json\/wp\/v2\/posts"}],"about":[{"href":"https:\/\/www.ejercito.mil.uy\/index.php\/wp-json\/wp\/v2\/types\/post"}],"author":[{"embeddable":true,"href":"https:\/\/www.ejercito.mil.uy\/index.php\/wp-json\/wp\/v2\/users\/14"}],"replies":[{"embeddable":true,"href":"https:\/\/www.ejercito.mil.uy\/index.php\/wp-json\/wp\/v2\/comments?post=23016"}],"version-history":[{"count":2,"href":"https:\/\/www.ejercito.mil.uy\/index.php\/wp-json\/wp\/v2\/posts\/23016\/revisions"}],"predecessor-version":[{"id":23026,"href":"https:\/\/www.ejercito.mil.uy\/index.php\/wp-json\/wp\/v2\/posts\/23016\/revisions\/23026"}],"wp:featuredmedia":[{"embeddable":true,"href":"https:\/\/www.ejercito.mil.uy\/index.php\/wp-json\/wp\/v2\/media\/23017"}],"wp:attachment":[{"href":"https:\/\/www.ejercito.mil.uy\/index.php\/wp-json\/wp\/v2\/media?parent=23016"}],"wp:term":[{"taxonomy":"category","embeddable":true,"href":"https:\/\/www.ejercito.mil.uy\/index.php\/wp-json\/wp\/v2\/categories?post=23016"},{"taxonomy":"post_tag","embeddable":true,"href":"https:\/\/www.ejercito.mil.uy\/index.php\/wp-json\/wp\/v2\/tags?post=23016"}],"curies":[{"name":"wp","href":"https:\/\/api.w.org\/{rel}","templated":true}]}}