{"id":23031,"date":"2023-06-27T16:17:37","date_gmt":"2023-06-27T19:17:37","guid":{"rendered":"https:\/\/www.ejercito.mil.uy\/?p=23031"},"modified":"2023-06-30T17:19:05","modified_gmt":"2023-06-30T20:19:05","slug":"instruccion-de-la-seccion-de-respuesta-inmediata","status":"publish","type":"post","link":"https:\/\/www.ejercito.mil.uy\/index.php\/2023\/06\/27\/instruccion-de-la-seccion-de-respuesta-inmediata\/","title":{"rendered":"Instrucci\u00f3n de la Secci\u00f3n de Respuesta Inmediata"},"content":{"rendered":"\n<p class=\"has-small-font-size\">27.06.2023 &#8211; Paysand\u00fa <\/p>\n\n\n\n<div style=\"height:33px\" aria-hidden=\"true\" class=\"wp-block-spacer\"><\/div>\n\n\n\n<p class=\"has-white-color has-text-color has-background\" style=\"background-color:#163f0f\">El Batall\u00f3n \u00abGral. Leandro G\u00f3mez\u00bb de Infanter\u00eda Mecanizado N\u00b0 8 desarroll\u00f3 una demostraci\u00f3n operacional, a nivel Secci\u00f3n.<\/p>\n\n\n\n<div style=\"height:33px\" aria-hidden=\"true\" class=\"wp-block-spacer\"><\/div>\n\n\n\n<div class=\"wp-block-columns is-layout-flex wp-container-core-columns-is-layout-28f84493 wp-block-columns-is-layout-flex\">\n<div class=\"wp-block-column is-layout-flow wp-block-column-is-layout-flow\">\n<div class=\"wp-block-coblocks-gallery-stacked\"><ul class=\"coblocks-gallery has-no-alignment has-fullwidth-images has-custom-gutter\" style=\"--coblocks-custom-gutter:0em\"><li class=\"coblocks-gallery--item\"><figure class=\"coblocks-gallery--figure\"><img fetchpriority=\"high\" decoding=\"async\" width=\"1024\" height=\"683\" alt=\"\" class=\"wp-image-23042 has-shadow-none\" data-id=\"23042\" data-imglink=\"\" data-link=\"https:\/\/www.ejercito.mil.uy\/index.php\/2023\/06\/27\/instruccion-de-la-fuerza-de-respuesta-inmediata\/ejercicio-operacional-2\/\" src=\"https:\/\/www.ejercito.mil.uy\/wp-content\/uploads\/2023\/06\/Ejercicio-Operacional-2-1024x683.jpg\" srcset=\"https:\/\/www.ejercito.mil.uy\/wp-content\/uploads\/2023\/06\/Ejercicio-Operacional-2-1024x683.jpg 1024w, https:\/\/www.ejercito.mil.uy\/wp-content\/uploads\/2023\/06\/Ejercicio-Operacional-2-300x200.jpg 300w, https:\/\/www.ejercito.mil.uy\/wp-content\/uploads\/2023\/06\/Ejercicio-Operacional-2.jpg 1200w\" sizes=\"(max-width: 1024px) 100vw, 1024px\" \/><\/figure><\/li><\/ul><\/div>\n<\/div>\n\n\n\n<div class=\"wp-block-column is-layout-flow wp-block-column-is-layout-flow\">\n<div class=\"wp-block-coblocks-gallery-stacked\"><ul class=\"coblocks-gallery has-no-alignment has-fullwidth-images has-custom-gutter\" style=\"--coblocks-custom-gutter:0em\"><li class=\"coblocks-gallery--item\"><figure class=\"coblocks-gallery--figure\"><img decoding=\"async\" width=\"1024\" height=\"683\" alt=\"\" class=\"wp-image-23041 has-shadow-none\" data-id=\"23041\" data-imglink=\"\" data-link=\"https:\/\/www.ejercito.mil.uy\/index.php\/2023\/06\/27\/instruccion-de-la-fuerza-de-respuesta-inmediata\/ejercicio-operacional-7\/\" src=\"https:\/\/www.ejercito.mil.uy\/wp-content\/uploads\/2023\/06\/Ejercicio-Operacional-7-1024x683.jpg\" srcset=\"https:\/\/www.ejercito.mil.uy\/wp-content\/uploads\/2023\/06\/Ejercicio-Operacional-7-1024x683.jpg 1024w, https:\/\/www.ejercito.mil.uy\/wp-content\/uploads\/2023\/06\/Ejercicio-Operacional-7-300x200.jpg 300w, https:\/\/www.ejercito.mil.uy\/wp-content\/uploads\/2023\/06\/Ejercicio-Operacional-7.jpg 1200w\" sizes=\"(max-width: 1024px) 100vw, 1024px\" \/><\/figure><\/li><\/ul><\/div>\n<\/div>\n<\/div>\n\n\n\n<div style=\"height:33px\" aria-hidden=\"true\" class=\"wp-block-spacer\"><\/div>\n\n\n\n<p>Se articularon todos los mecanismos de comando; planificando y ejecutando un ejercicio multi escal\u00f3n, en el cual se despleg\u00f3 la Secci\u00f3n de Respuesta Inmediata de la Unidad y veh\u00edculos de Transporte Blindado de Personal Mowag 6&#215;6.<\/p>\n\n\n\n<div style=\"height:33px\" aria-hidden=\"true\" class=\"wp-block-spacer\"><\/div>\n\n\n\n<div class=\"wp-block-columns is-layout-flex wp-container-core-columns-is-layout-28f84493 wp-block-columns-is-layout-flex\">\n<div class=\"wp-block-column is-vertically-aligned-top is-layout-flow wp-block-column-is-layout-flow\">\n<div class=\"wp-block-coblocks-gallery-stacked aligncenter\"><ul class=\"coblocks-gallery has-fullwidth-images has-custom-gutter\" style=\"--coblocks-custom-gutter:0em\"><li class=\"coblocks-gallery--item\"><figure class=\"coblocks-gallery--figure\"><img decoding=\"async\" width=\"1024\" height=\"683\" alt=\"\" class=\"wp-image-23040 has-shadow-none\" data-id=\"23040\" data-imglink=\"\" data-link=\"https:\/\/www.ejercito.mil.uy\/?attachment_id=23040\" src=\"https:\/\/www.ejercito.mil.uy\/wp-content\/uploads\/2023\/06\/Ejercicio-Operacional-6-1024x683.jpg\" srcset=\"https:\/\/www.ejercito.mil.uy\/wp-content\/uploads\/2023\/06\/Ejercicio-Operacional-6-1024x683.jpg 1024w, https:\/\/www.ejercito.mil.uy\/wp-content\/uploads\/2023\/06\/Ejercicio-Operacional-6-300x200.jpg 300w, https:\/\/www.ejercito.mil.uy\/wp-content\/uploads\/2023\/06\/Ejercicio-Operacional-6.jpg 1200w\" sizes=\"(max-width: 1024px) 100vw, 1024px\" \/><\/figure><\/li><\/ul><\/div>\n<\/div>\n<\/div>\n\n\n\n<div style=\"height:33px\" aria-hidden=\"true\" class=\"wp-block-spacer\"><\/div>\n\n\n\n<p>Este tipo de actividades, se realizan con el prop\u00f3sito de maximizar las capacidades de comando y control de los l\u00edderes de cada fracci\u00f3n, as\u00ed como el apresto y nivel de instrucci\u00f3n de los efectivos.<\/p>\n","protected":false},"excerpt":{"rendered":"<p>27.06.2023 &#8211; El Batall\u00f3n \u00abGral. Leandro G\u00f3mez\u00bb de Infanter\u00eda Mecanizado N\u00b0 8 desarroll\u00f3 una demostraci\u00f3n operacional, a nivel Secci\u00f3n.<\/p>\n","protected":false},"author":14,"featured_media":23036,"comment_status":"open","ping_status":"open","sticky":false,"template":"","format":"standard","meta":{"_coblocks_attr":"","_coblocks_dimensions":"","_coblocks_responsive_height":"","_coblocks_accordion_ie_support":"","_monsterinsights_skip_tracking":false,"_monsterinsights_sitenote_active":false,"_monsterinsights_sitenote_note":"","_monsterinsights_sitenote_category":0,"_uf_show_specific_survey":0,"_uf_disable_surveys":false,"footnotes":""},"categories":[2,14,1],"tags":[321,120,1030,484,1027,13,854,1028,1029],"class_list":["post-23031","post","type-post","status-publish","format-standard","has-post-thumbnail","hentry","category-blog","category-noticias","category-sin-categoria","tag-actividades","tag-blindado","tag-comando","tag-demostracion","tag-fuerza","tag-instruccion","tag-operacion-2","tag-respuesta","tag-vehiculos-de-transporte"],"aioseo_notices":[],"_links":{"self":[{"href":"https:\/\/www.ejercito.mil.uy\/index.php\/wp-json\/wp\/v2\/posts\/23031","targetHints":{"allow":["GET"]}}],"collection":[{"href":"https:\/\/www.ejercito.mil.uy\/index.php\/wp-json\/wp\/v2\/posts"}],"about":[{"href":"https:\/\/www.ejercito.mil.uy\/index.php\/wp-json\/wp\/v2\/types\/post"}],"author":[{"embeddable":true,"href":"https:\/\/www.ejercito.mil.uy\/index.php\/wp-json\/wp\/v2\/users\/14"}],"replies":[{"embeddable":true,"href":"https:\/\/www.ejercito.mil.uy\/index.php\/wp-json\/wp\/v2\/comments?post=23031"}],"version-history":[{"count":6,"href":"https:\/\/www.ejercito.mil.uy\/index.php\/wp-json\/wp\/v2\/posts\/23031\/revisions"}],"predecessor-version":[{"id":23133,"href":"https:\/\/www.ejercito.mil.uy\/index.php\/wp-json\/wp\/v2\/posts\/23031\/revisions\/23133"}],"wp:featuredmedia":[{"embeddable":true,"href":"https:\/\/www.ejercito.mil.uy\/index.php\/wp-json\/wp\/v2\/media\/23036"}],"wp:attachment":[{"href":"https:\/\/www.ejercito.mil.uy\/index.php\/wp-json\/wp\/v2\/media?parent=23031"}],"wp:term":[{"taxonomy":"category","embeddable":true,"href":"https:\/\/www.ejercito.mil.uy\/index.php\/wp-json\/wp\/v2\/categories?post=23031"},{"taxonomy":"post_tag","embeddable":true,"href":"https:\/\/www.ejercito.mil.uy\/index.php\/wp-json\/wp\/v2\/tags?post=23031"}],"curies":[{"name":"wp","href":"https:\/\/api.w.org\/{rel}","templated":true}]}}