{"id":23072,"date":"2023-06-29T10:11:54","date_gmt":"2023-06-29T13:11:54","guid":{"rendered":"https:\/\/www.ejercito.mil.uy\/?p=23072"},"modified":"2023-06-29T10:14:11","modified_gmt":"2023-06-29T13:14:11","slug":"visita-del-comandante-militar-del-sur-del-ejercito-de-brasil-2","status":"publish","type":"post","link":"https:\/\/www.ejercito.mil.uy\/index.php\/2023\/06\/29\/visita-del-comandante-militar-del-sur-del-ejercito-de-brasil-2\/","title":{"rendered":"Visita del Comandante Militar del Sur del Ej\u00e9rcito de Brasil"},"content":{"rendered":"\n<p class=\"has-small-font-size\">29.06.2023  Montevideo<\/p>\n\n\n\n<div style=\"height:33px\" aria-hidden=\"true\" class=\"wp-block-spacer\"><\/div>\n\n\n\n<p class=\"has-white-color has-text-color has-background\" style=\"background-color:#1f6728\">El Comando General del Ej\u00e9rcito recibi\u00f3 la visita del Comandante Militar del Sur del <a href=\"https:\/\/www.facebook.com\/exercito\" target=\"_blank\" rel=\"noreferrer noopener\">Ej\u00e9rcito de Brasil<\/a>, General de Ej\u00e9rcito Hertz Pires do Nascimento. El motivo de la visita fue la realizaci\u00f3n de reuniones bilaterales, tras su reciente nombramiento en el cargo el pasado mes de abril.<\/p>\n\n\n\n<div style=\"height:33px\" aria-hidden=\"true\" class=\"wp-block-spacer\"><\/div>\n\n\n\n<div class=\"wp-block-coblocks-gallery-stacked\"><ul class=\"coblocks-gallery has-no-alignment has-fullwidth-images has-custom-gutter\" style=\"--coblocks-custom-gutter:0em\"><li class=\"coblocks-gallery--item\"><figure class=\"coblocks-gallery--figure\"><img fetchpriority=\"high\" decoding=\"async\" width=\"1024\" height=\"683\" alt=\"\" class=\"wp-image-23074 has-shadow-none\" data-id=\"23074\" data-imglink=\"\" data-link=\"https:\/\/www.ejercito.mil.uy\/?attachment_id=23074\" src=\"https:\/\/www.ejercito.mil.uy\/wp-content\/uploads\/2023\/06\/FB-2023-06-27-Gral-Brasil-CJE-1024x683.jpg\" srcset=\"https:\/\/www.ejercito.mil.uy\/wp-content\/uploads\/2023\/06\/FB-2023-06-27-Gral-Brasil-CJE-1024x683.jpg 1024w, https:\/\/www.ejercito.mil.uy\/wp-content\/uploads\/2023\/06\/FB-2023-06-27-Gral-Brasil-CJE-300x200.jpg 300w, https:\/\/www.ejercito.mil.uy\/wp-content\/uploads\/2023\/06\/FB-2023-06-27-Gral-Brasil-CJE.jpg 1200w\" sizes=\"(max-width: 1024px) 100vw, 1024px\" \/><\/figure><\/li><\/ul><\/div>\n\n\n\n<div style=\"height:33px\" aria-hidden=\"true\" class=\"wp-block-spacer\"><\/div>\n\n\n\n<p>Como parte de su estad\u00eda recorri\u00f3 las instalaciones de nuestro Ej\u00e9rcito. Particularmente, en el Regimiento \u201cBlandengues de Artigas\u201d de Caballer\u00eda N\u00b0 1, realiz\u00f3 un recorrido por el Museo, para conocer el acervo hist\u00f3rico artiguista.<\/p>\n\n\n\n<div style=\"height:33px\" aria-hidden=\"true\" class=\"wp-block-spacer\"><\/div>\n\n\n\n<div aria-label=\"Carousel Gallery\" class=\"wp-block-coblocks-gallery-carousel\"><div class=\"coblocks-gallery-carousel-swiper-container is-cropped coblocks-gallery has-no-alignment has-caption-style-dark has-no-thumbnails\"><div class=\"has-carousel has-carousel-xlrg swiper-container\" data-swiper=\"{&quot;alignCells&quot;:false,&quot;autoPlay&quot;:false,&quot;autoPlaySpeed&quot;:3000,&quot;draggable&quot;:true,&quot;freeMode&quot;:false,&quot;loop&quot;:false,&quot;navigation&quot;:true,&quot;pageDots&quot;:false,&quot;pauseHover&quot;:false,&quot;responsiveHeight&quot;:false,&quot;slidesPerView&quot;:1,&quot;thumbnails&quot;:false,&quot;uuid&quot;:&quot;12345&quot;}\" style=\"height:550px\"><div class=\"swiper-wrapper\"><div class=\"swiper-slide\"><div class=\"coblocks-gallery--item\" role=\"button\"><figure class=\"coblocks-gallery--figure\"><img decoding=\"async\" width=\"1024\" height=\"683\" alt=\"\" class=\"wp-image-23075\" data-id=\"23075\" data-link=\"https:\/\/www.ejercito.mil.uy\/index.php\/2023\/06\/29\/visita-del-comandante-militar-del-sur-del-ejercito-de-brasil-2\/fb-2023-06-28-gral-brasil-rc1-3\/\" src=\"https:\/\/www.ejercito.mil.uy\/wp-content\/uploads\/2023\/06\/FB-2023-06-28-Gral-Brasil-RC1-3-1024x683.jpg\" srcset=\"https:\/\/www.ejercito.mil.uy\/wp-content\/uploads\/2023\/06\/FB-2023-06-28-Gral-Brasil-RC1-3-1024x683.jpg 1024w, https:\/\/www.ejercito.mil.uy\/wp-content\/uploads\/2023\/06\/FB-2023-06-28-Gral-Brasil-RC1-3-300x200.jpg 300w, https:\/\/www.ejercito.mil.uy\/wp-content\/uploads\/2023\/06\/FB-2023-06-28-Gral-Brasil-RC1-3.jpg 1200w\" sizes=\"(max-width: 1024px) 100vw, 1024px\" \/><\/figure><figcaption class=\"coblocks-gallery--caption coblocks-gallery--primary-caption\"><\/figcaption><\/div><\/div><div class=\"swiper-slide\"><div class=\"coblocks-gallery--item\" role=\"button\"><figure class=\"coblocks-gallery--figure\"><img decoding=\"async\" width=\"1024\" height=\"683\" alt=\"\" class=\"wp-image-23078\" data-id=\"23078\" data-link=\"https:\/\/www.ejercito.mil.uy\/index.php\/2023\/06\/29\/visita-del-comandante-militar-del-sur-del-ejercito-de-brasil-2\/fb-2023-06-28-gral-brasil-rc1-6\/\" src=\"https:\/\/www.ejercito.mil.uy\/wp-content\/uploads\/2023\/06\/FB-2023-06-28-Gral-Brasil-RC1-6-1024x683.jpg\" srcset=\"https:\/\/www.ejercito.mil.uy\/wp-content\/uploads\/2023\/06\/FB-2023-06-28-Gral-Brasil-RC1-6-1024x683.jpg 1024w, https:\/\/www.ejercito.mil.uy\/wp-content\/uploads\/2023\/06\/FB-2023-06-28-Gral-Brasil-RC1-6-300x200.jpg 300w, https:\/\/www.ejercito.mil.uy\/wp-content\/uploads\/2023\/06\/FB-2023-06-28-Gral-Brasil-RC1-6.jpg 1200w\" sizes=\"(max-width: 1024px) 100vw, 1024px\" \/><\/figure><figcaption class=\"coblocks-gallery--caption coblocks-gallery--primary-caption\"><\/figcaption><\/div><\/div><div class=\"swiper-slide\"><div class=\"coblocks-gallery--item\" role=\"button\"><figure class=\"coblocks-gallery--figure\"><img loading=\"lazy\" decoding=\"async\" width=\"1024\" height=\"683\" alt=\"\" class=\"wp-image-23076\" data-id=\"23076\" data-link=\"https:\/\/www.ejercito.mil.uy\/index.php\/2023\/06\/29\/visita-del-comandante-militar-del-sur-del-ejercito-de-brasil-2\/fb-2023-06-28-gral-brasil-rc1-4\/\" src=\"https:\/\/www.ejercito.mil.uy\/wp-content\/uploads\/2023\/06\/FB-2023-06-28-Gral-Brasil-RC1-4-1024x683.jpg\" srcset=\"https:\/\/www.ejercito.mil.uy\/wp-content\/uploads\/2023\/06\/FB-2023-06-28-Gral-Brasil-RC1-4-1024x683.jpg 1024w, https:\/\/www.ejercito.mil.uy\/wp-content\/uploads\/2023\/06\/FB-2023-06-28-Gral-Brasil-RC1-4-300x200.jpg 300w, https:\/\/www.ejercito.mil.uy\/wp-content\/uploads\/2023\/06\/FB-2023-06-28-Gral-Brasil-RC1-4.jpg 1200w\" sizes=\"(max-width: 1024px) 100vw, 1024px\" \/><\/figure><figcaption class=\"coblocks-gallery--caption coblocks-gallery--primary-caption\"><\/figcaption><\/div><\/div><div class=\"swiper-slide\"><div class=\"coblocks-gallery--item\" role=\"button\"><figure class=\"coblocks-gallery--figure\"><img loading=\"lazy\" decoding=\"async\" width=\"1024\" height=\"683\" alt=\"\" class=\"wp-image-23077\" data-id=\"23077\" data-link=\"https:\/\/www.ejercito.mil.uy\/index.php\/2023\/06\/29\/visita-del-comandante-militar-del-sur-del-ejercito-de-brasil-2\/fb-2023-06-28-gral-brasil-rc1-5\/\" src=\"https:\/\/www.ejercito.mil.uy\/wp-content\/uploads\/2023\/06\/FB-2023-06-28-Gral-Brasil-RC1-5-1024x683.jpg\" srcset=\"https:\/\/www.ejercito.mil.uy\/wp-content\/uploads\/2023\/06\/FB-2023-06-28-Gral-Brasil-RC1-5-1024x683.jpg 1024w, https:\/\/www.ejercito.mil.uy\/wp-content\/uploads\/2023\/06\/FB-2023-06-28-Gral-Brasil-RC1-5-300x200.jpg 300w, https:\/\/www.ejercito.mil.uy\/wp-content\/uploads\/2023\/06\/FB-2023-06-28-Gral-Brasil-RC1-5.jpg 1200w\" sizes=\"(max-width: 1024px) 100vw, 1024px\" \/><\/figure><figcaption class=\"coblocks-gallery--caption coblocks-gallery--primary-caption\"><\/figcaption><\/div><\/div><\/div><button class=\"nav-button__prev\" id=\"12345-prev\"><\/button><button class=\"nav-button__next\" id=\"12345-next\"><\/button><\/div><\/div><\/div>\n","protected":false},"excerpt":{"rendered":"<p>29.06.2023 &#8211; El Comando General del Ej\u00e9rcito recibi\u00f3 la visita del Comandante Militar del Sur del Ej\u00e9rcito de Brasil, General de Ej\u00e9rcito Hertz Pires do Nascimento. <\/p>\n","protected":false},"author":14,"featured_media":23073,"comment_status":"open","ping_status":"open","sticky":false,"template":"","format":"standard","meta":{"_coblocks_attr":"","_coblocks_dimensions":"","_coblocks_responsive_height":"","_coblocks_accordion_ie_support":"","_monsterinsights_skip_tracking":false,"_monsterinsights_sitenote_active":false,"_monsterinsights_sitenote_note":"","_monsterinsights_sitenote_category":0,"_uf_show_specific_survey":0,"_uf_disable_surveys":false,"footnotes":""},"categories":[2,10,14,1],"tags":[1038,1035,767,125,1037,472,1036,1034,46],"class_list":["post-23072","post","type-post","status-publish","format-standard","has-post-thumbnail","hentry","category-blog","category-destacados","category-noticias","category-sin-categoria","tag-artiguista","tag-bilaterales","tag-blandengues","tag-comandante","tag-instalaciones","tag-museo","tag-nombramiento","tag-reuniones","tag-visita"],"aioseo_notices":[],"_links":{"self":[{"href":"https:\/\/www.ejercito.mil.uy\/index.php\/wp-json\/wp\/v2\/posts\/23072","targetHints":{"allow":["GET"]}}],"collection":[{"href":"https:\/\/www.ejercito.mil.uy\/index.php\/wp-json\/wp\/v2\/posts"}],"about":[{"href":"https:\/\/www.ejercito.mil.uy\/index.php\/wp-json\/wp\/v2\/types\/post"}],"author":[{"embeddable":true,"href":"https:\/\/www.ejercito.mil.uy\/index.php\/wp-json\/wp\/v2\/users\/14"}],"replies":[{"embeddable":true,"href":"https:\/\/www.ejercito.mil.uy\/index.php\/wp-json\/wp\/v2\/comments?post=23072"}],"version-history":[{"count":3,"href":"https:\/\/www.ejercito.mil.uy\/index.php\/wp-json\/wp\/v2\/posts\/23072\/revisions"}],"predecessor-version":[{"id":23082,"href":"https:\/\/www.ejercito.mil.uy\/index.php\/wp-json\/wp\/v2\/posts\/23072\/revisions\/23082"}],"wp:featuredmedia":[{"embeddable":true,"href":"https:\/\/www.ejercito.mil.uy\/index.php\/wp-json\/wp\/v2\/media\/23073"}],"wp:attachment":[{"href":"https:\/\/www.ejercito.mil.uy\/index.php\/wp-json\/wp\/v2\/media?parent=23072"}],"wp:term":[{"taxonomy":"category","embeddable":true,"href":"https:\/\/www.ejercito.mil.uy\/index.php\/wp-json\/wp\/v2\/categories?post=23072"},{"taxonomy":"post_tag","embeddable":true,"href":"https:\/\/www.ejercito.mil.uy\/index.php\/wp-json\/wp\/v2\/tags?post=23072"}],"curies":[{"name":"wp","href":"https:\/\/api.w.org\/{rel}","templated":true}]}}