{"id":23150,"date":"2023-07-03T14:38:12","date_gmt":"2023-07-03T17:38:12","guid":{"rendered":"https:\/\/www.ejercito.mil.uy\/?p=23150"},"modified":"2023-07-03T16:09:25","modified_gmt":"2023-07-03T19:09:25","slug":"visita-de-la-seleccion-uruguaya-de-rubgy-los-teros-al-cippooeee","status":"publish","type":"post","link":"https:\/\/www.ejercito.mil.uy\/index.php\/2023\/07\/03\/visita-de-la-seleccion-uruguaya-de-rubgy-los-teros-al-cippooeee\/","title":{"rendered":"Visita de la selecci\u00f3n uruguaya de Rubgy \u00abLos Teros\u00bb al CIPPOOEEE"},"content":{"rendered":"\n<p class=\"has-small-font-size\">02.07.2023 &#8211; Canelones <\/p>\n\n\n\n<div style=\"height:33px\" aria-hidden=\"true\" class=\"wp-block-spacer\"><\/div>\n\n\n\n<p class=\"has-white-color has-text-color has-background\" style=\"background-color:#1f6728\">El <a rel=\"noreferrer noopener\" href=\"https:\/\/www.facebook.com\/CIPPOOEEE.URUGUAY?__cft__[0]=AZW0jCAG-rr0pjFIFwoxOE7jnZqYNA2Eh4Wsx6q9tElTYYRXKm5CFFKStUNt5nInpCH1FnwjCo_nu6RuH3FxjOCjg98LV8t5eHhXY_1z0_4LoZoe0cNg1RrWAXkwtGW0ynkDu7_T3zxais3McpZV57FAMDokyUKjdRF8eZdonkRJTVkSvDPRXdXLE2MgQrqTdSc&amp;__tn__=-]K-R\" target=\"_blank\">Centro de Instrucci\u00f3n de Paracaidistas y Operaciones Especiales de Ej\u00e9rcito<\/a> (CIPPOOEEE) recibi\u00f3 en sus instalaciones a la selecci\u00f3n uruguaya de Rubgy \u00abLos Teros\u00bb.<\/p>\n\n\n\n<div style=\"height:33px\" aria-hidden=\"true\" class=\"wp-block-spacer\"><\/div>\n\n\n\n<div class=\"wp-block-coblocks-gallery-stacked\"><ul class=\"coblocks-gallery has-no-alignment has-fullwidth-images has-custom-gutter\" style=\"--coblocks-custom-gutter:0em\"><li class=\"coblocks-gallery--item\"><figure class=\"coblocks-gallery--figure\"><img fetchpriority=\"high\" decoding=\"async\" width=\"1024\" height=\"683\" alt=\"\" class=\"wp-image-23154 has-shadow-none\" data-id=\"23154\" data-imglink=\"\" data-link=\"https:\/\/www.ejercito.mil.uy\/?attachment_id=23154\" src=\"https:\/\/www.ejercito.mil.uy\/wp-content\/uploads\/2023\/07\/Visita-de-Los-Teros-al-BnI14-1024x683.jpg\" srcset=\"https:\/\/www.ejercito.mil.uy\/wp-content\/uploads\/2023\/07\/Visita-de-Los-Teros-al-BnI14-1024x683.jpg 1024w, https:\/\/www.ejercito.mil.uy\/wp-content\/uploads\/2023\/07\/Visita-de-Los-Teros-al-BnI14-300x200.jpg 300w, https:\/\/www.ejercito.mil.uy\/wp-content\/uploads\/2023\/07\/Visita-de-Los-Teros-al-BnI14.jpg 1200w\" sizes=\"(max-width: 1024px) 100vw, 1024px\" \/><\/figure><\/li><\/ul><\/div>\n\n\n\n<div style=\"height:33px\" aria-hidden=\"true\" class=\"wp-block-spacer\"><\/div>\n\n\n\n<p>Durante dos d\u00edas, la selecci\u00f3n vivi\u00f3 una aproximaci\u00f3n a las experiencias de un Comando, mediante ejercicios que potencian el liderazgo, la toma de decisiones, la resoluci\u00f3n de problemas y la cohesi\u00f3n grupal. Asimismo, se trabaj\u00f3 en potenciar la autoconfianza y el esp\u00edritu de superaci\u00f3n.<\/p>\n\n\n\n<div style=\"height:33px\" aria-hidden=\"true\" class=\"wp-block-spacer\"><\/div>\n\n\n\n<div class=\"wp-block-columns is-layout-flex wp-container-core-columns-is-layout-28f84493 wp-block-columns-is-layout-flex\">\n<div class=\"wp-block-column is-layout-flow wp-block-column-is-layout-flow\">\n<div class=\"wp-block-coblocks-gallery-stacked\"><ul class=\"coblocks-gallery has-no-alignment has-fullwidth-images has-custom-gutter\" style=\"--coblocks-custom-gutter:0em\"><li class=\"coblocks-gallery--item\"><figure class=\"coblocks-gallery--figure\"><img decoding=\"async\" width=\"1024\" height=\"683\" alt=\"\" class=\"wp-image-23165 has-shadow-none\" data-id=\"23165\" data-imglink=\"\" data-link=\"https:\/\/www.ejercito.mil.uy\/?attachment_id=23165\" src=\"https:\/\/www.ejercito.mil.uy\/wp-content\/uploads\/2023\/07\/Visita-de-Los-Teros-al-BnI14-16-1024x683.jpg\" srcset=\"https:\/\/www.ejercito.mil.uy\/wp-content\/uploads\/2023\/07\/Visita-de-Los-Teros-al-BnI14-16-1024x683.jpg 1024w, https:\/\/www.ejercito.mil.uy\/wp-content\/uploads\/2023\/07\/Visita-de-Los-Teros-al-BnI14-16-300x200.jpg 300w, https:\/\/www.ejercito.mil.uy\/wp-content\/uploads\/2023\/07\/Visita-de-Los-Teros-al-BnI14-16.jpg 1200w\" sizes=\"(max-width: 1024px) 100vw, 1024px\" \/><\/figure><\/li><\/ul><\/div>\n<\/div>\n\n\n\n<div class=\"wp-block-column is-layout-flow wp-block-column-is-layout-flow\">\n<div class=\"wp-block-coblocks-gallery-stacked\"><ul class=\"coblocks-gallery has-no-alignment has-fullwidth-images has-custom-gutter\" style=\"--coblocks-custom-gutter:0em\"><li class=\"coblocks-gallery--item\"><figure class=\"coblocks-gallery--figure\"><img decoding=\"async\" width=\"1024\" height=\"683\" alt=\"\" class=\"wp-image-23164 has-shadow-none\" data-id=\"23164\" data-imglink=\"\" data-link=\"https:\/\/www.ejercito.mil.uy\/?attachment_id=23164\" src=\"https:\/\/www.ejercito.mil.uy\/wp-content\/uploads\/2023\/07\/Visita-de-Los-Teros-al-BnI14-2-1024x683.jpg\" srcset=\"https:\/\/www.ejercito.mil.uy\/wp-content\/uploads\/2023\/07\/Visita-de-Los-Teros-al-BnI14-2-1024x683.jpg 1024w, https:\/\/www.ejercito.mil.uy\/wp-content\/uploads\/2023\/07\/Visita-de-Los-Teros-al-BnI14-2-300x200.jpg 300w, https:\/\/www.ejercito.mil.uy\/wp-content\/uploads\/2023\/07\/Visita-de-Los-Teros-al-BnI14-2.jpg 1200w\" sizes=\"(max-width: 1024px) 100vw, 1024px\" \/><\/figure><\/li><\/ul><\/div>\n<\/div>\n<\/div>\n\n\n\n<div style=\"height:33px\" aria-hidden=\"true\" class=\"wp-block-spacer\"><\/div>\n\n\n\n<p>Junto a las Fuerzas de Operaciones Especiales que integran las filas del CIPPOOEEE y del <a href=\"https:\/\/www.facebook.com\/BnIParac14uy\" target=\"_blank\" rel=\"noreferrer noopener\">Batall\u00f3n de Infanter\u00eda Paracaidista N\u00b0 14<\/a>, realizaron:<\/p>\n\n\n\n<div style=\"height:33px\" aria-hidden=\"true\" class=\"wp-block-spacer\"><\/div>\n\n\n\n<p>pasaje de pista de troncos, ejercicios acu\u00e1ticos en piscina, deslizamiento desde la torre de los Comandos, ejercicios de compleja resoluci\u00f3n, salto desde la torre de Paracaidistas de 34 pies de altura, gimnasia de troncos, empleo de helic\u00f3ptero de la Fuerza A\u00e9rea Uruguaya, competencias acu\u00e1ticas en laguna y, para finalizar, una marcha de 2 kil\u00f3metros.<\/p>\n\n\n\n<div style=\"height:33px\" aria-hidden=\"true\" class=\"wp-block-spacer\"><\/div>\n\n\n\n<div aria-label=\"Carousel Gallery\" class=\"wp-block-coblocks-gallery-carousel\"><div class=\"coblocks-gallery-carousel-swiper-container is-cropped coblocks-gallery has-no-alignment has-caption-style-dark has-no-thumbnails\"><div class=\"has-carousel has-carousel-xlrg swiper-container\" data-swiper=\"{&quot;alignCells&quot;:false,&quot;autoPlay&quot;:false,&quot;autoPlaySpeed&quot;:3000,&quot;draggable&quot;:true,&quot;freeMode&quot;:false,&quot;loop&quot;:true,&quot;navigation&quot;:true,&quot;pageDots&quot;:false,&quot;pauseHover&quot;:false,&quot;responsiveHeight&quot;:false,&quot;slidesPerView&quot;:1,&quot;thumbnails&quot;:false,&quot;uuid&quot;:&quot;12345&quot;}\" style=\"height:550px\"><div class=\"swiper-wrapper\"><div class=\"swiper-slide\"><div class=\"coblocks-gallery--item\" role=\"button\"><figure class=\"coblocks-gallery--figure\"><img loading=\"lazy\" decoding=\"async\" width=\"1024\" height=\"683\" alt=\"\" class=\"wp-image-23163\" data-id=\"23163\" data-link=\"https:\/\/www.ejercito.mil.uy\/index.php\/2023\/07\/03\/visita-de-la-seleccion-uruguaya-de-rubgy-los-teros-al-cippooeee\/visita-de-los-teros-al-bni14-4\/\" src=\"https:\/\/www.ejercito.mil.uy\/wp-content\/uploads\/2023\/07\/Visita-de-Los-Teros-al-BnI14-4-1024x683.jpg\" srcset=\"https:\/\/www.ejercito.mil.uy\/wp-content\/uploads\/2023\/07\/Visita-de-Los-Teros-al-BnI14-4-1024x683.jpg 1024w, https:\/\/www.ejercito.mil.uy\/wp-content\/uploads\/2023\/07\/Visita-de-Los-Teros-al-BnI14-4-300x200.jpg 300w, https:\/\/www.ejercito.mil.uy\/wp-content\/uploads\/2023\/07\/Visita-de-Los-Teros-al-BnI14-4.jpg 1200w\" sizes=\"(max-width: 1024px) 100vw, 1024px\" \/><\/figure><figcaption class=\"coblocks-gallery--caption coblocks-gallery--primary-caption\"><\/figcaption><\/div><\/div><div class=\"swiper-slide\"><div class=\"coblocks-gallery--item\" role=\"button\"><figure class=\"coblocks-gallery--figure\"><img loading=\"lazy\" decoding=\"async\" width=\"1024\" height=\"683\" alt=\"\" class=\"wp-image-23162\" data-id=\"23162\" data-link=\"https:\/\/www.ejercito.mil.uy\/index.php\/2023\/07\/03\/visita-de-la-seleccion-uruguaya-de-rubgy-los-teros-al-cippooeee\/visita-de-los-teros-al-bni14-5\/\" src=\"https:\/\/www.ejercito.mil.uy\/wp-content\/uploads\/2023\/07\/Visita-de-Los-Teros-al-BnI14-5-1024x683.jpg\" srcset=\"https:\/\/www.ejercito.mil.uy\/wp-content\/uploads\/2023\/07\/Visita-de-Los-Teros-al-BnI14-5-1024x683.jpg 1024w, https:\/\/www.ejercito.mil.uy\/wp-content\/uploads\/2023\/07\/Visita-de-Los-Teros-al-BnI14-5-300x200.jpg 300w, https:\/\/www.ejercito.mil.uy\/wp-content\/uploads\/2023\/07\/Visita-de-Los-Teros-al-BnI14-5.jpg 1200w\" sizes=\"(max-width: 1024px) 100vw, 1024px\" \/><\/figure><figcaption class=\"coblocks-gallery--caption coblocks-gallery--primary-caption\"><\/figcaption><\/div><\/div><div class=\"swiper-slide\"><div class=\"coblocks-gallery--item\" role=\"button\"><figure class=\"coblocks-gallery--figure\"><img loading=\"lazy\" decoding=\"async\" width=\"1024\" height=\"683\" alt=\"\" class=\"wp-image-23161\" data-id=\"23161\" data-link=\"https:\/\/www.ejercito.mil.uy\/index.php\/2023\/07\/03\/visita-de-la-seleccion-uruguaya-de-rubgy-los-teros-al-cippooeee\/visita-de-los-teros-al-bni14-6\/\" src=\"https:\/\/www.ejercito.mil.uy\/wp-content\/uploads\/2023\/07\/Visita-de-Los-Teros-al-BnI14-6-1024x683.jpg\" srcset=\"https:\/\/www.ejercito.mil.uy\/wp-content\/uploads\/2023\/07\/Visita-de-Los-Teros-al-BnI14-6-1024x683.jpg 1024w, https:\/\/www.ejercito.mil.uy\/wp-content\/uploads\/2023\/07\/Visita-de-Los-Teros-al-BnI14-6-300x200.jpg 300w, https:\/\/www.ejercito.mil.uy\/wp-content\/uploads\/2023\/07\/Visita-de-Los-Teros-al-BnI14-6.jpg 1200w\" sizes=\"(max-width: 1024px) 100vw, 1024px\" \/><\/figure><figcaption class=\"coblocks-gallery--caption coblocks-gallery--primary-caption\"><\/figcaption><\/div><\/div><div class=\"swiper-slide\"><div class=\"coblocks-gallery--item\" role=\"button\"><figure class=\"coblocks-gallery--figure\"><img loading=\"lazy\" decoding=\"async\" width=\"1024\" height=\"683\" alt=\"\" class=\"wp-image-23160\" data-id=\"23160\" data-link=\"https:\/\/www.ejercito.mil.uy\/index.php\/2023\/07\/03\/visita-de-la-seleccion-uruguaya-de-rubgy-los-teros-al-cippooeee\/visita-de-los-teros-al-bni14-7\/\" src=\"https:\/\/www.ejercito.mil.uy\/wp-content\/uploads\/2023\/07\/Visita-de-Los-Teros-al-BnI14-7-1024x683.jpg\" srcset=\"https:\/\/www.ejercito.mil.uy\/wp-content\/uploads\/2023\/07\/Visita-de-Los-Teros-al-BnI14-7-1024x683.jpg 1024w, https:\/\/www.ejercito.mil.uy\/wp-content\/uploads\/2023\/07\/Visita-de-Los-Teros-al-BnI14-7-300x200.jpg 300w, https:\/\/www.ejercito.mil.uy\/wp-content\/uploads\/2023\/07\/Visita-de-Los-Teros-al-BnI14-7.jpg 1200w\" sizes=\"(max-width: 1024px) 100vw, 1024px\" \/><\/figure><figcaption class=\"coblocks-gallery--caption coblocks-gallery--primary-caption\"><\/figcaption><\/div><\/div><div class=\"swiper-slide\"><div class=\"coblocks-gallery--item\" role=\"button\"><figure class=\"coblocks-gallery--figure\"><img loading=\"lazy\" decoding=\"async\" width=\"1024\" height=\"683\" alt=\"\" class=\"wp-image-23159\" data-id=\"23159\" data-link=\"https:\/\/www.ejercito.mil.uy\/index.php\/2023\/07\/03\/visita-de-la-seleccion-uruguaya-de-rubgy-los-teros-al-cippooeee\/visita-de-los-teros-al-bni14-8\/\" src=\"https:\/\/www.ejercito.mil.uy\/wp-content\/uploads\/2023\/07\/Visita-de-Los-Teros-al-BnI14-8-1024x683.jpg\" srcset=\"https:\/\/www.ejercito.mil.uy\/wp-content\/uploads\/2023\/07\/Visita-de-Los-Teros-al-BnI14-8-1024x683.jpg 1024w, https:\/\/www.ejercito.mil.uy\/wp-content\/uploads\/2023\/07\/Visita-de-Los-Teros-al-BnI14-8-300x200.jpg 300w, https:\/\/www.ejercito.mil.uy\/wp-content\/uploads\/2023\/07\/Visita-de-Los-Teros-al-BnI14-8.jpg 1200w\" sizes=\"(max-width: 1024px) 100vw, 1024px\" \/><\/figure><figcaption class=\"coblocks-gallery--caption coblocks-gallery--primary-caption\"><\/figcaption><\/div><\/div><div class=\"swiper-slide\"><div class=\"coblocks-gallery--item\" role=\"button\"><figure class=\"coblocks-gallery--figure\"><img loading=\"lazy\" decoding=\"async\" width=\"1024\" height=\"683\" alt=\"\" class=\"wp-image-23172\" data-id=\"23172\" data-link=\"https:\/\/www.ejercito.mil.uy\/index.php\/2023\/07\/03\/visita-de-la-seleccion-uruguaya-de-rubgy-los-teros-al-cippooeee\/visita-de-los-teros-al-bni14-9-2\/\" src=\"https:\/\/www.ejercito.mil.uy\/wp-content\/uploads\/2023\/07\/Visita-de-Los-Teros-al-BnI14-9-1-1024x683.jpg\" srcset=\"https:\/\/www.ejercito.mil.uy\/wp-content\/uploads\/2023\/07\/Visita-de-Los-Teros-al-BnI14-9-1-1024x683.jpg 1024w, https:\/\/www.ejercito.mil.uy\/wp-content\/uploads\/2023\/07\/Visita-de-Los-Teros-al-BnI14-9-1-300x200.jpg 300w, https:\/\/www.ejercito.mil.uy\/wp-content\/uploads\/2023\/07\/Visita-de-Los-Teros-al-BnI14-9-1.jpg 1200w\" sizes=\"(max-width: 1024px) 100vw, 1024px\" \/><\/figure><figcaption class=\"coblocks-gallery--caption coblocks-gallery--primary-caption\"><\/figcaption><\/div><\/div><div class=\"swiper-slide\"><div class=\"coblocks-gallery--item\" role=\"button\"><figure class=\"coblocks-gallery--figure\"><img loading=\"lazy\" decoding=\"async\" width=\"1024\" height=\"683\" alt=\"\" class=\"wp-image-23155\" data-id=\"23155\" data-link=\"https:\/\/www.ejercito.mil.uy\/index.php\/2023\/07\/03\/visita-de-la-seleccion-uruguaya-de-rubgy-los-teros-al-cippooeee\/visita-de-los-teros-al-bni14-12\/\" src=\"https:\/\/www.ejercito.mil.uy\/wp-content\/uploads\/2023\/07\/Visita-de-Los-Teros-al-BnI14-12-1024x683.jpg\" srcset=\"https:\/\/www.ejercito.mil.uy\/wp-content\/uploads\/2023\/07\/Visita-de-Los-Teros-al-BnI14-12-1024x683.jpg 1024w, https:\/\/www.ejercito.mil.uy\/wp-content\/uploads\/2023\/07\/Visita-de-Los-Teros-al-BnI14-12-300x200.jpg 300w, https:\/\/www.ejercito.mil.uy\/wp-content\/uploads\/2023\/07\/Visita-de-Los-Teros-al-BnI14-12.jpg 1200w\" sizes=\"(max-width: 1024px) 100vw, 1024px\" \/><\/figure><figcaption class=\"coblocks-gallery--caption coblocks-gallery--primary-caption\"><\/figcaption><\/div><\/div><div class=\"swiper-slide\"><div class=\"coblocks-gallery--item\" role=\"button\"><figure class=\"coblocks-gallery--figure\"><img loading=\"lazy\" decoding=\"async\" width=\"1024\" height=\"683\" alt=\"\" class=\"wp-image-23156\" data-id=\"23156\" data-link=\"https:\/\/www.ejercito.mil.uy\/index.php\/2023\/07\/03\/visita-de-la-seleccion-uruguaya-de-rubgy-los-teros-al-cippooeee\/visita-de-los-teros-al-bni14-11\/\" src=\"https:\/\/www.ejercito.mil.uy\/wp-content\/uploads\/2023\/07\/Visita-de-Los-Teros-al-BnI14-11-1024x683.jpg\" srcset=\"https:\/\/www.ejercito.mil.uy\/wp-content\/uploads\/2023\/07\/Visita-de-Los-Teros-al-BnI14-11-1024x683.jpg 1024w, https:\/\/www.ejercito.mil.uy\/wp-content\/uploads\/2023\/07\/Visita-de-Los-Teros-al-BnI14-11-300x200.jpg 300w, https:\/\/www.ejercito.mil.uy\/wp-content\/uploads\/2023\/07\/Visita-de-Los-Teros-al-BnI14-11.jpg 1200w\" sizes=\"(max-width: 1024px) 100vw, 1024px\" \/><\/figure><figcaption class=\"coblocks-gallery--caption coblocks-gallery--primary-caption\"><\/figcaption><\/div><\/div><div class=\"swiper-slide\"><div class=\"coblocks-gallery--item\" role=\"button\"><figure class=\"coblocks-gallery--figure\"><img loading=\"lazy\" decoding=\"async\" width=\"1024\" height=\"683\" alt=\"\" class=\"wp-image-23157\" data-id=\"23157\" data-link=\"https:\/\/www.ejercito.mil.uy\/index.php\/2023\/07\/03\/visita-de-la-seleccion-uruguaya-de-rubgy-los-teros-al-cippooeee\/visita-de-los-teros-al-bni14-10\/\" src=\"https:\/\/www.ejercito.mil.uy\/wp-content\/uploads\/2023\/07\/Visita-de-Los-Teros-al-BnI14-10-1024x683.jpg\" srcset=\"https:\/\/www.ejercito.mil.uy\/wp-content\/uploads\/2023\/07\/Visita-de-Los-Teros-al-BnI14-10-1024x683.jpg 1024w, https:\/\/www.ejercito.mil.uy\/wp-content\/uploads\/2023\/07\/Visita-de-Los-Teros-al-BnI14-10-300x200.jpg 300w, https:\/\/www.ejercito.mil.uy\/wp-content\/uploads\/2023\/07\/Visita-de-Los-Teros-al-BnI14-10.jpg 1200w\" sizes=\"(max-width: 1024px) 100vw, 1024px\" \/><\/figure><figcaption class=\"coblocks-gallery--caption coblocks-gallery--primary-caption\"><\/figcaption><\/div><\/div><\/div><button class=\"nav-button__prev\" id=\"12345-prev\"><\/button><button class=\"nav-button__next\" id=\"12345-next\"><\/button><\/div><\/div><\/div>\n\n\n\n<div style=\"height:33px\" aria-hidden=\"true\" class=\"wp-block-spacer\"><\/div>\n\n\n\n<p>Esta preparaci\u00f3n se organiz\u00f3 de cara al entrenamiento previo a la copa mundial de Rubgy a realizarse el pr\u00f3ximo mes de setiembre. Les deseamos \u00e9xitos <\/p>\n\n\n\n<div style=\"height:33px\" aria-hidden=\"true\" class=\"wp-block-spacer\"><\/div>\n\n\n\n<div class=\"wp-block-columns is-layout-flex wp-container-core-columns-is-layout-28f84493 wp-block-columns-is-layout-flex\">\n<div class=\"wp-block-column is-layout-flow wp-block-column-is-layout-flow\">\n<div class=\"wp-block-coblocks-gallery-stacked\"><ul class=\"coblocks-gallery has-no-alignment has-fullwidth-images has-custom-gutter\" style=\"--coblocks-custom-gutter:0em\"><li class=\"coblocks-gallery--item\"><figure class=\"coblocks-gallery--figure\"><img loading=\"lazy\" decoding=\"async\" width=\"1024\" height=\"683\" alt=\"\" class=\"wp-image-23166 has-shadow-none\" data-id=\"23166\" data-imglink=\"\" data-link=\"https:\/\/www.ejercito.mil.uy\/?attachment_id=23166\" src=\"https:\/\/www.ejercito.mil.uy\/wp-content\/uploads\/2023\/07\/Visita-de-Los-Teros-al-BnI14-14-1024x683.jpg\" srcset=\"https:\/\/www.ejercito.mil.uy\/wp-content\/uploads\/2023\/07\/Visita-de-Los-Teros-al-BnI14-14-1024x683.jpg 1024w, https:\/\/www.ejercito.mil.uy\/wp-content\/uploads\/2023\/07\/Visita-de-Los-Teros-al-BnI14-14-300x200.jpg 300w, https:\/\/www.ejercito.mil.uy\/wp-content\/uploads\/2023\/07\/Visita-de-Los-Teros-al-BnI14-14.jpg 1200w\" sizes=\"(max-width: 1024px) 100vw, 1024px\" \/><\/figure><\/li><\/ul><\/div>\n<\/div>\n\n\n\n<div class=\"wp-block-column is-layout-flow wp-block-column-is-layout-flow\">\n<div class=\"wp-block-coblocks-gallery-stacked\"><ul class=\"coblocks-gallery has-no-alignment has-fullwidth-images has-custom-gutter\" style=\"--coblocks-custom-gutter:0em\"><li class=\"coblocks-gallery--item\"><figure class=\"coblocks-gallery--figure\"><img loading=\"lazy\" decoding=\"async\" width=\"1024\" height=\"683\" alt=\"\" class=\"wp-image-23167 has-shadow-none\" data-id=\"23167\" data-imglink=\"\" data-link=\"https:\/\/www.ejercito.mil.uy\/?attachment_id=23167\" src=\"https:\/\/www.ejercito.mil.uy\/wp-content\/uploads\/2023\/07\/Visita-de-Los-Teros-al-BnI14-15-1024x683.jpg\" srcset=\"https:\/\/www.ejercito.mil.uy\/wp-content\/uploads\/2023\/07\/Visita-de-Los-Teros-al-BnI14-15-1024x683.jpg 1024w, https:\/\/www.ejercito.mil.uy\/wp-content\/uploads\/2023\/07\/Visita-de-Los-Teros-al-BnI14-15-300x200.jpg 300w, https:\/\/www.ejercito.mil.uy\/wp-content\/uploads\/2023\/07\/Visita-de-Los-Teros-al-BnI14-15.jpg 1200w\" sizes=\"(max-width: 1024px) 100vw, 1024px\" \/><\/figure><\/li><\/ul><\/div>\n<\/div>\n<\/div>\n\n\n\n<div style=\"height:33px\" aria-hidden=\"true\" class=\"wp-block-spacer\"><\/div>\n\n\n\n<p><strong><em>\u00a1Teros! \u00a1URUGUAY!<\/em><\/strong> <\/p>\n","protected":false},"excerpt":{"rendered":"<p>02.07.2023 &#8211; El Centro de Instrucci\u00f3n de Paracaidistas y Operaciones Especiales de Ej\u00e9rcito (CIPPOOEEE) recibi\u00f3 en sus instalaciones a la selecci\u00f3n uruguaya de Rubgy \u00abLos Teros\u00bb.<\/p>\n","protected":false},"author":14,"featured_media":23153,"comment_status":"open","ping_status":"open","sticky":false,"template":"","format":"standard","meta":{"_coblocks_attr":"","_coblocks_dimensions":"","_coblocks_responsive_height":"","_coblocks_accordion_ie_support":"","_monsterinsights_skip_tracking":false,"_monsterinsights_sitenote_active":false,"_monsterinsights_sitenote_note":"","_monsterinsights_sitenote_category":0,"_uf_show_specific_survey":0,"_uf_disable_surveys":false,"footnotes":""},"categories":[2,10,14,1],"tags":[1030,565,35,1049,1047,1046,1048,46],"class_list":["post-23150","post","type-post","status-publish","format-standard","has-post-thumbnail","hentry","category-blog","category-destacados","category-noticias","category-sin-categoria","tag-comando","tag-ejercicios","tag-entrenamiento","tag-preparacion","tag-rubgy","tag-seleccion","tag-superacion","tag-visita"],"aioseo_notices":[],"_links":{"self":[{"href":"https:\/\/www.ejercito.mil.uy\/index.php\/wp-json\/wp\/v2\/posts\/23150","targetHints":{"allow":["GET"]}}],"collection":[{"href":"https:\/\/www.ejercito.mil.uy\/index.php\/wp-json\/wp\/v2\/posts"}],"about":[{"href":"https:\/\/www.ejercito.mil.uy\/index.php\/wp-json\/wp\/v2\/types\/post"}],"author":[{"embeddable":true,"href":"https:\/\/www.ejercito.mil.uy\/index.php\/wp-json\/wp\/v2\/users\/14"}],"replies":[{"embeddable":true,"href":"https:\/\/www.ejercito.mil.uy\/index.php\/wp-json\/wp\/v2\/comments?post=23150"}],"version-history":[{"count":5,"href":"https:\/\/www.ejercito.mil.uy\/index.php\/wp-json\/wp\/v2\/posts\/23150\/revisions"}],"predecessor-version":[{"id":23175,"href":"https:\/\/www.ejercito.mil.uy\/index.php\/wp-json\/wp\/v2\/posts\/23150\/revisions\/23175"}],"wp:featuredmedia":[{"embeddable":true,"href":"https:\/\/www.ejercito.mil.uy\/index.php\/wp-json\/wp\/v2\/media\/23153"}],"wp:attachment":[{"href":"https:\/\/www.ejercito.mil.uy\/index.php\/wp-json\/wp\/v2\/media?parent=23150"}],"wp:term":[{"taxonomy":"category","embeddable":true,"href":"https:\/\/www.ejercito.mil.uy\/index.php\/wp-json\/wp\/v2\/categories?post=23150"},{"taxonomy":"post_tag","embeddable":true,"href":"https:\/\/www.ejercito.mil.uy\/index.php\/wp-json\/wp\/v2\/tags?post=23150"}],"curies":[{"name":"wp","href":"https:\/\/api.w.org\/{rel}","templated":true}]}}