{"id":23193,"date":"2023-07-04T16:00:39","date_gmt":"2023-07-04T19:00:39","guid":{"rendered":"https:\/\/www.ejercito.mil.uy\/?p=23193"},"modified":"2023-07-14T13:59:06","modified_gmt":"2023-07-14T16:59:06","slug":"competencia-de-arma-larga","status":"publish","type":"post","link":"https:\/\/www.ejercito.mil.uy\/index.php\/2023\/07\/04\/competencia-de-arma-larga\/","title":{"rendered":"Competencia de Tiro de Arma Larga \u00abSgto. Artigas Maya\u00bb"},"content":{"rendered":"\n<p class=\"has-small-font-size\">04.07.2023 &#8211; Canelones  <\/p>\n\n\n\n<div style=\"height:33px\" aria-hidden=\"true\" class=\"wp-block-spacer\"><\/div>\n\n\n\n<p class=\"has-white-color has-text-color has-background\" style=\"background-color:#a30000\">El 28 de junio, se realiz\u00f3 en el Grupo de Artiller\u00eda de Defensa Antia\u00e9rea N\u00b0 1 (GrpADA1) una nueva edici\u00f3n de la Competencia de Tiro de Arma Larga para Personal Subalterno \u00abSgto. Artigas Maya\u00bb, con la participaci\u00f3n de 30 efectivos de diferentes Unidades, que fueron evaluados por equipos e individualmente.<\/p>\n\n\n\n<div style=\"height:33px\" aria-hidden=\"true\" class=\"wp-block-spacer\"><\/div>\n\n\n\n<p><strong>-Clasificaci\u00f3n individual:<\/strong><\/p>\n\n\n\n<div style=\"height:33px\" aria-hidden=\"true\" class=\"wp-block-spacer\"><\/div>\n\n\n\n<p>-Sdo. 1\u00aa Juan Feirer &#8211; <a href=\"https:\/\/www.facebook.com\/profile.php?id=100064805856044\" target=\"_blank\" rel=\"noreferrer noopener\">Grupo \u00abLas Piedras\u00bb de Artiller\u00eda 105 mm N\u00b0 3<\/a> (GrpA3)<\/p>\n\n\n\n<div style=\"height:33px\" aria-hidden=\"true\" class=\"wp-block-spacer\"><\/div>\n\n\n\n<p>-Sgto. 1\u00b0 Daniel Gonz\u00e1lez &#8211; <a href=\"https:\/\/www.facebook.com\/BnIParac14uy\" target=\"_blank\" rel=\"noreferrer noopener\">Batall\u00f3n de Infanter\u00eda Paracaidista N\u00b0 14<\/a> (BnIParac14)<\/p>\n\n\n\n<div style=\"height:33px\" aria-hidden=\"true\" class=\"wp-block-spacer\"><\/div>\n\n\n\n<p>-Sgto. 1\u00b0 Cesar P\u00e9rez \u2013 GrpADA1<\/p>\n\n\n\n<div style=\"height:33px\" aria-hidden=\"true\" class=\"wp-block-spacer\"><\/div>\n\n\n\n<p><strong>-Clasificaci\u00f3n por equipos:<\/strong><\/p>\n\n\n\n<div style=\"height:33px\" aria-hidden=\"true\" class=\"wp-block-spacer\"><\/div>\n\n\n\n<p>-BnIParac14<\/p>\n\n\n\n<div style=\"height:33px\" aria-hidden=\"true\" class=\"wp-block-spacer\"><\/div>\n\n\n\n<p>-GrpA3 <\/p>\n\n\n\n<div style=\"height:33px\" aria-hidden=\"true\" class=\"wp-block-spacer\"><\/div>\n\n\n\n<p>-Grupo \u00abCruzada Libertadora de 1825\u00bb de Artiller\u00eda 105 mm N\u00b0 4 (GrpA4)<\/p>\n\n\n\n<div style=\"height:33px\" aria-hidden=\"true\" class=\"wp-block-spacer\"><\/div>\n\n\n\n<p><strong>-Competidor m\u00e1s longevo:<\/strong><\/p>\n\n\n\n<div style=\"height:33px\" aria-hidden=\"true\" class=\"wp-block-spacer\"><\/div>\n\n\n\n<p>-Sgto. 1\u00b0 Eudoro Hornos \u2013 Reserva General del Ej\u00e9rcito (RvaGralE)<\/p>\n\n\n\n<div style=\"height:33px\" aria-hidden=\"true\" class=\"wp-block-spacer\"><\/div>\n\n\n\n<div aria-label=\"Carousel Gallery\" class=\"wp-block-coblocks-gallery-carousel\"><div class=\"coblocks-gallery-carousel-swiper-container is-cropped coblocks-gallery has-no-alignment has-caption-style-dark has-no-thumbnails\"><div class=\"has-carousel has-carousel-xlrg swiper-container\" data-swiper=\"{&quot;alignCells&quot;:false,&quot;autoPlay&quot;:false,&quot;autoPlaySpeed&quot;:3000,&quot;draggable&quot;:true,&quot;freeMode&quot;:false,&quot;loop&quot;:true,&quot;navigation&quot;:true,&quot;pageDots&quot;:false,&quot;pauseHover&quot;:false,&quot;responsiveHeight&quot;:false,&quot;slidesPerView&quot;:1,&quot;thumbnails&quot;:false,&quot;uuid&quot;:&quot;12345&quot;}\" style=\"height:550px\"><div class=\"swiper-wrapper\"><div class=\"swiper-slide\"><div class=\"coblocks-gallery--item\" role=\"button\" tabindex=\"0\"><figure class=\"coblocks-gallery--figure\"><img fetchpriority=\"high\" decoding=\"async\" width=\"1024\" height=\"683\" alt=\"\" class=\"wp-image-23422\" data-id=\"23422\" data-link=\"https:\/\/www.ejercito.mil.uy\/index.php\/2023\/07\/04\/competencia-de-arma-larga\/competencia-sgto-artigas-maya-3\/\" src=\"https:\/\/www.ejercito.mil.uy\/wp-content\/uploads\/2023\/07\/Competencia-Sgto.-Artigas-Maya-3-1024x683.jpg\" srcset=\"https:\/\/www.ejercito.mil.uy\/wp-content\/uploads\/2023\/07\/Competencia-Sgto.-Artigas-Maya-3-1024x683.jpg 1024w, https:\/\/www.ejercito.mil.uy\/wp-content\/uploads\/2023\/07\/Competencia-Sgto.-Artigas-Maya-3-300x200.jpg 300w, https:\/\/www.ejercito.mil.uy\/wp-content\/uploads\/2023\/07\/Competencia-Sgto.-Artigas-Maya-3.jpg 1200w\" sizes=\"(max-width: 1024px) 100vw, 1024px\" \/><\/figure><figcaption class=\"coblocks-gallery--caption coblocks-gallery--primary-caption\"><\/figcaption><\/div><\/div><div class=\"swiper-slide\"><div class=\"coblocks-gallery--item\" role=\"button\" tabindex=\"1\"><figure class=\"coblocks-gallery--figure\"><img decoding=\"async\" width=\"1024\" height=\"683\" alt=\"\" class=\"wp-image-23423\" data-id=\"23423\" data-link=\"https:\/\/www.ejercito.mil.uy\/index.php\/2023\/07\/04\/competencia-de-arma-larga\/competencia-sgto-artigas-maya-4\/\" src=\"https:\/\/www.ejercito.mil.uy\/wp-content\/uploads\/2023\/07\/Competencia-Sgto.-Artigas-Maya-4-1024x683.jpg\" srcset=\"https:\/\/www.ejercito.mil.uy\/wp-content\/uploads\/2023\/07\/Competencia-Sgto.-Artigas-Maya-4-1024x683.jpg 1024w, https:\/\/www.ejercito.mil.uy\/wp-content\/uploads\/2023\/07\/Competencia-Sgto.-Artigas-Maya-4-300x200.jpg 300w, https:\/\/www.ejercito.mil.uy\/wp-content\/uploads\/2023\/07\/Competencia-Sgto.-Artigas-Maya-4.jpg 1200w\" sizes=\"(max-width: 1024px) 100vw, 1024px\" \/><\/figure><figcaption class=\"coblocks-gallery--caption coblocks-gallery--primary-caption\"><\/figcaption><\/div><\/div><div class=\"swiper-slide\"><div class=\"coblocks-gallery--item\" role=\"button\" tabindex=\"2\"><figure class=\"coblocks-gallery--figure\"><img decoding=\"async\" width=\"1024\" height=\"683\" alt=\"\" class=\"wp-image-23424\" data-id=\"23424\" data-link=\"https:\/\/www.ejercito.mil.uy\/index.php\/2023\/07\/04\/competencia-de-arma-larga\/competencia-sgto-artigas-maya-5\/\" src=\"https:\/\/www.ejercito.mil.uy\/wp-content\/uploads\/2023\/07\/Competencia-Sgto.-Artigas-Maya-5-1024x683.jpg\" srcset=\"https:\/\/www.ejercito.mil.uy\/wp-content\/uploads\/2023\/07\/Competencia-Sgto.-Artigas-Maya-5-1024x683.jpg 1024w, https:\/\/www.ejercito.mil.uy\/wp-content\/uploads\/2023\/07\/Competencia-Sgto.-Artigas-Maya-5-300x200.jpg 300w, https:\/\/www.ejercito.mil.uy\/wp-content\/uploads\/2023\/07\/Competencia-Sgto.-Artigas-Maya-5.jpg 1200w\" sizes=\"(max-width: 1024px) 100vw, 1024px\" \/><\/figure><figcaption class=\"coblocks-gallery--caption coblocks-gallery--primary-caption\"><\/figcaption><\/div><\/div><div class=\"swiper-slide\"><div class=\"coblocks-gallery--item\" role=\"button\" tabindex=\"3\"><figure class=\"coblocks-gallery--figure\"><img loading=\"lazy\" decoding=\"async\" width=\"1024\" height=\"683\" alt=\"\" class=\"wp-image-23427\" data-id=\"23427\" data-link=\"https:\/\/www.ejercito.mil.uy\/index.php\/2023\/07\/04\/competencia-de-arma-larga\/competencia-sgto-artigas-maya-7\/\" src=\"https:\/\/www.ejercito.mil.uy\/wp-content\/uploads\/2023\/07\/Competencia-Sgto.-Artigas-Maya-7-1024x683.jpeg\" srcset=\"https:\/\/www.ejercito.mil.uy\/wp-content\/uploads\/2023\/07\/Competencia-Sgto.-Artigas-Maya-7-1024x683.jpeg 1024w, https:\/\/www.ejercito.mil.uy\/wp-content\/uploads\/2023\/07\/Competencia-Sgto.-Artigas-Maya-7-300x200.jpeg 300w, https:\/\/www.ejercito.mil.uy\/wp-content\/uploads\/2023\/07\/Competencia-Sgto.-Artigas-Maya-7.jpeg 1200w\" sizes=\"(max-width: 1024px) 100vw, 1024px\" \/><\/figure><figcaption class=\"coblocks-gallery--caption coblocks-gallery--primary-caption\"><\/figcaption><\/div><\/div><\/div><button class=\"nav-button__prev\" id=\"12345-prev\"><svg class=\"icon\" style=\"transform:rotate(180deg)\"><\/svg><\/button><button class=\"nav-button__next\" id=\"12345-next\"><svg class=\"icon\"><\/svg><\/button><\/div><\/div><\/div>\n\n\n\n<div style=\"height:33px\" aria-hidden=\"true\" class=\"wp-block-spacer\"><\/div>\n\n\n\n<p>Participaron integrantes de la Divisi\u00f3n de Ej\u00e9rcito I, RvaGralE, BnIParac14, Artiller\u00eda de Ej\u00e9rcito, Grupo \u00abBrig. Gral. Manuel Oribe\u00bb de Artiller\u00eda 105 mm N\u00b0 1, <a rel=\"noreferrer noopener\" href=\"https:\/\/www.facebook.com\/GrupoArtilleria2\" target=\"_blank\">Grupo \u00ab\u00c9xodo del Pueblo Oriental\u00bb de Artiller\u00eda AP 122mm N\u00ba2<\/a>, GrpA3, GrpA4, Grupo de Artiller\u00eda N\u00b0 5 y el GrpADA1.<\/p>\n\n\n\n<div style=\"height:33px\" aria-hidden=\"true\" class=\"wp-block-spacer\"><\/div>\n\n\n\n<div class=\"wp-block-columns is-layout-flex wp-container-core-columns-is-layout-28f84493 wp-block-columns-is-layout-flex\">\n<div class=\"wp-block-column is-layout-flow wp-block-column-is-layout-flow\">\n<div aria-label=\"Carousel Gallery\" class=\"wp-block-coblocks-gallery-carousel\"><div class=\"coblocks-gallery-carousel-swiper-container is-cropped coblocks-gallery has-no-alignment has-caption-style-dark has-no-thumbnails\"><div class=\"has-carousel has-carousel-xlrg swiper-container\" data-swiper=\"{&quot;alignCells&quot;:false,&quot;autoPlay&quot;:false,&quot;autoPlaySpeed&quot;:3000,&quot;draggable&quot;:true,&quot;freeMode&quot;:false,&quot;loop&quot;:false,&quot;navigation&quot;:true,&quot;pageDots&quot;:false,&quot;pauseHover&quot;:false,&quot;responsiveHeight&quot;:false,&quot;slidesPerView&quot;:1,&quot;thumbnails&quot;:false,&quot;uuid&quot;:&quot;12345&quot;}\" style=\"height:550px\"><div class=\"swiper-wrapper\"><div class=\"swiper-slide\"><div class=\"coblocks-gallery--item\" role=\"button\" tabindex=\"0\"><figure class=\"coblocks-gallery--figure\"><img loading=\"lazy\" decoding=\"async\" width=\"1024\" height=\"683\" alt=\"\" class=\"wp-image-23419\" data-id=\"23419\" data-link=\"https:\/\/www.ejercito.mil.uy\/index.php\/2023\/07\/04\/competencia-de-arma-larga\/competencia-sgto-artigas-maya-1\/\" src=\"https:\/\/www.ejercito.mil.uy\/wp-content\/uploads\/2023\/07\/Competencia-Sgto.-Artigas-Maya-1-1024x683.jpg\" srcset=\"https:\/\/www.ejercito.mil.uy\/wp-content\/uploads\/2023\/07\/Competencia-Sgto.-Artigas-Maya-1-1024x683.jpg 1024w, https:\/\/www.ejercito.mil.uy\/wp-content\/uploads\/2023\/07\/Competencia-Sgto.-Artigas-Maya-1-300x200.jpg 300w, https:\/\/www.ejercito.mil.uy\/wp-content\/uploads\/2023\/07\/Competencia-Sgto.-Artigas-Maya-1.jpg 1200w\" sizes=\"(max-width: 1024px) 100vw, 1024px\" \/><\/figure><figcaption class=\"coblocks-gallery--caption coblocks-gallery--primary-caption\"><\/figcaption><\/div><\/div><div class=\"swiper-slide\"><div class=\"coblocks-gallery--item\" role=\"button\" tabindex=\"1\"><figure class=\"coblocks-gallery--figure\"><img loading=\"lazy\" decoding=\"async\" width=\"1024\" height=\"683\" alt=\"\" class=\"wp-image-23420\" data-id=\"23420\" data-link=\"https:\/\/www.ejercito.mil.uy\/index.php\/2023\/07\/04\/competencia-de-arma-larga\/competencia-sgto-artigas-maya-2\/\" src=\"https:\/\/www.ejercito.mil.uy\/wp-content\/uploads\/2023\/07\/Competencia-Sgto.-Artigas-Maya-2-1024x683.jpg\" srcset=\"https:\/\/www.ejercito.mil.uy\/wp-content\/uploads\/2023\/07\/Competencia-Sgto.-Artigas-Maya-2-1024x683.jpg 1024w, https:\/\/www.ejercito.mil.uy\/wp-content\/uploads\/2023\/07\/Competencia-Sgto.-Artigas-Maya-2-300x200.jpg 300w, https:\/\/www.ejercito.mil.uy\/wp-content\/uploads\/2023\/07\/Competencia-Sgto.-Artigas-Maya-2.jpg 1200w\" sizes=\"(max-width: 1024px) 100vw, 1024px\" \/><\/figure><figcaption class=\"coblocks-gallery--caption coblocks-gallery--primary-caption\"><\/figcaption><\/div><\/div><div class=\"swiper-slide\"><div class=\"coblocks-gallery--item\" role=\"button\" tabindex=\"2\"><figure class=\"coblocks-gallery--figure\"><img loading=\"lazy\" decoding=\"async\" width=\"1024\" height=\"683\" alt=\"\" class=\"wp-image-23421\" data-id=\"23421\" data-link=\"https:\/\/www.ejercito.mil.uy\/index.php\/2023\/07\/04\/competencia-de-arma-larga\/competencia-sgto-artigas-maya-6\/\" src=\"https:\/\/www.ejercito.mil.uy\/wp-content\/uploads\/2023\/07\/Competencia-Sgto.-Artigas-Maya-6-1024x683.jpg\" srcset=\"https:\/\/www.ejercito.mil.uy\/wp-content\/uploads\/2023\/07\/Competencia-Sgto.-Artigas-Maya-6-1024x683.jpg 1024w, https:\/\/www.ejercito.mil.uy\/wp-content\/uploads\/2023\/07\/Competencia-Sgto.-Artigas-Maya-6-300x200.jpg 300w, https:\/\/www.ejercito.mil.uy\/wp-content\/uploads\/2023\/07\/Competencia-Sgto.-Artigas-Maya-6.jpg 1200w\" sizes=\"(max-width: 1024px) 100vw, 1024px\" \/><\/figure><figcaption class=\"coblocks-gallery--caption coblocks-gallery--primary-caption\"><\/figcaption><\/div><\/div><\/div><button class=\"nav-button__prev\" id=\"12345-prev\"><svg class=\"icon\" style=\"transform:rotate(180deg)\"><\/svg><\/button><button class=\"nav-button__next\" id=\"12345-next\"><svg class=\"icon\"><\/svg><\/button><\/div><\/div><\/div>\n<\/div>\n<\/div>\n\n\n\n<div style=\"height:33px\" aria-hidden=\"true\" class=\"wp-block-spacer\"><\/div>\n\n\n\n<p><strong><em>\u00a1Felicitaciones camaradas! <\/em><\/strong><\/p>\n","protected":false},"excerpt":{"rendered":"<p>04.07.2023 &#8211; El 28 de junio, se realiz\u00f3 en el Grupo de Artiller\u00eda de Defensa Antia\u00e9rea N\u00b0 1 una nueva edici\u00f3n de la Competencia de Arma Larga \u00abSgto. Artigas Maya\u00bb para Personal Subalterno, con la participaci\u00f3n de 30 efectivos de diferentes Unidades.<\/p>\n","protected":false},"author":14,"featured_media":23194,"comment_status":"open","ping_status":"open","sticky":false,"template":"","format":"standard","meta":{"_coblocks_attr":"","_coblocks_dimensions":"","_coblocks_responsive_height":"","_coblocks_accordion_ie_support":"","_monsterinsights_skip_tracking":false,"_monsterinsights_sitenote_active":false,"_monsterinsights_sitenote_note":"","_monsterinsights_sitenote_category":0,"_uf_show_specific_survey":0,"_uf_disable_surveys":false,"footnotes":""},"categories":[2,14,1],"tags":[1051,1053,162,549,290,1052,161],"class_list":["post-23193","post","type-post","status-publish","format-standard","has-post-thumbnail","hentry","category-blog","category-noticias","category-sin-categoria","tag-arma-larga","tag-clasificacion","tag-competencia","tag-equipos","tag-evaluacion-2","tag-individual","tag-tiro"],"aioseo_notices":[],"_links":{"self":[{"href":"https:\/\/www.ejercito.mil.uy\/index.php\/wp-json\/wp\/v2\/posts\/23193","targetHints":{"allow":["GET"]}}],"collection":[{"href":"https:\/\/www.ejercito.mil.uy\/index.php\/wp-json\/wp\/v2\/posts"}],"about":[{"href":"https:\/\/www.ejercito.mil.uy\/index.php\/wp-json\/wp\/v2\/types\/post"}],"author":[{"embeddable":true,"href":"https:\/\/www.ejercito.mil.uy\/index.php\/wp-json\/wp\/v2\/users\/14"}],"replies":[{"embeddable":true,"href":"https:\/\/www.ejercito.mil.uy\/index.php\/wp-json\/wp\/v2\/comments?post=23193"}],"version-history":[{"count":15,"href":"https:\/\/www.ejercito.mil.uy\/index.php\/wp-json\/wp\/v2\/posts\/23193\/revisions"}],"predecessor-version":[{"id":23430,"href":"https:\/\/www.ejercito.mil.uy\/index.php\/wp-json\/wp\/v2\/posts\/23193\/revisions\/23430"}],"wp:featuredmedia":[{"embeddable":true,"href":"https:\/\/www.ejercito.mil.uy\/index.php\/wp-json\/wp\/v2\/media\/23194"}],"wp:attachment":[{"href":"https:\/\/www.ejercito.mil.uy\/index.php\/wp-json\/wp\/v2\/media?parent=23193"}],"wp:term":[{"taxonomy":"category","embeddable":true,"href":"https:\/\/www.ejercito.mil.uy\/index.php\/wp-json\/wp\/v2\/categories?post=23193"},{"taxonomy":"post_tag","embeddable":true,"href":"https:\/\/www.ejercito.mil.uy\/index.php\/wp-json\/wp\/v2\/tags?post=23193"}],"curies":[{"name":"wp","href":"https:\/\/api.w.org\/{rel}","templated":true}]}}