{"id":23500,"date":"2023-07-17T08:47:58","date_gmt":"2023-07-17T11:47:58","guid":{"rendered":"https:\/\/www.ejercito.mil.uy\/?p=23500"},"modified":"2023-07-17T12:21:46","modified_gmt":"2023-07-17T15:21:46","slug":"dia-nacional-de-prevencion-del-suicidio-2","status":"publish","type":"post","link":"https:\/\/www.ejercito.mil.uy\/index.php\/2023\/07\/17\/dia-nacional-de-prevencion-del-suicidio-2\/","title":{"rendered":"D\u00eda Nacional de Prevenci\u00f3n del Suicidio"},"content":{"rendered":"\n<p style=\"font-size:14px\">17.07.2023<\/p>\n\n\n\n<div style=\"height:24px\" aria-hidden=\"true\" class=\"wp-block-spacer\"><\/div>\n\n\n\n<p class=\"has-medium-font-size\"><strong>El Ej\u00e9rcito Nacional se adhiere al D\u00eda Nacional para la Prevenci\u00f3n del Suicidio, que se conmemora cada 17 de julio en nuestro pa\u00eds.<\/strong><\/p>\n\n\n\n<div style=\"height:33px\" aria-hidden=\"true\" class=\"wp-block-spacer\"><\/div>\n\n\n\n<p><img decoding=\"async\" height=\"16\" width=\"16\" src=\"https:\/\/static.xx.fbcdn.net\/images\/emoji.php\/v9\/tdc\/1\/16\/26a0.png\" alt=\"\u26a0\ufe0f\"> Recordamos las l\u00edneas gratuitas de comunicaci\u00f3n abiertas las 24 h del d\u00eda, para recibir apoyo psicol\u00f3gico: <img decoding=\"async\" height=\"16\" width=\"16\" src=\"https:\/\/static.xx.fbcdn.net\/images\/emoji.php\/v9\/t4d\/1\/16\/1f4de.png\" alt=\"\ud83d\udcde\"> 0800 0767 y <img decoding=\"async\" height=\"16\" width=\"16\" src=\"https:\/\/static.xx.fbcdn.net\/images\/emoji.php\/v9\/t57\/1\/16\/1f4f1.png\" alt=\"\ud83d\udcf1\"> *0767 (desde tel\u00e9fono celular).<\/p>\n\n\n\n<div style=\"height:33px\" aria-hidden=\"true\" class=\"wp-block-spacer\"><\/div>\n\n\n\n<div style=\"height:33px\" aria-hidden=\"true\" class=\"wp-block-spacer\"><\/div>\n\n\n\n<figure class=\"wp-block-embed aligncenter is-type-video is-provider-youtube wp-block-embed-youtube wp-embed-aspect-16-9 wp-has-aspect-ratio\"><div class=\"wp-block-embed__wrapper\">\n<iframe title=\"10 de Setiembre: D\u00eda Mundial para la Prevenci\u00f3n del Suicidio\" width=\"1778\" height=\"1000\" src=\"https:\/\/www.youtube.com\/embed\/FSjJPRbBNOE?feature=oembed\" frameborder=\"0\" allow=\"accelerometer; autoplay; clipboard-write; encrypted-media; gyroscope; picture-in-picture; web-share\" allowfullscreen><\/iframe>\n<\/div><\/figure>\n\n\n\n<div style=\"height:33px\" aria-hidden=\"true\" class=\"wp-block-spacer\"><\/div>\n\n\n\n<div aria-label=\"Carousel Gallery\" class=\"wp-block-coblocks-gallery-carousel\"><div class=\"coblocks-gallery-carousel-swiper-container is-cropped coblocks-gallery has-no-alignment has-caption-style-dark has-horizontal-gutter\"><div class=\"has-carousel has-carousel-xlrg swiper-container \" data-swiper=\"{&quot;alignCells&quot;:false,&quot;autoPlay&quot;:true,&quot;autoPlaySpeed&quot;:3000,&quot;draggable&quot;:true,&quot;freeMode&quot;:false,&quot;loop&quot;:true,&quot;navigation&quot;:true,&quot;pageDots&quot;:false,&quot;pauseHover&quot;:true,&quot;responsiveHeight&quot;:false,&quot;slidesPerView&quot;:1,&quot;thumbnails&quot;:true,&quot;uuid&quot;:&quot;12345&quot;}\" style=\"height:555px\"><div class=\"swiper-wrapper\"><div class=\"swiper-slide\"><div class=\"coblocks-gallery--item\" role=\"button\" tabindex=\"0\"><figure class=\"coblocks-gallery--figure has-margin-left-5 has-margin-left-mobile-5 has-margin-right-5 has-margin-right-mobile-5\"><img loading=\"lazy\" decoding=\"async\" width=\"1024\" height=\"683\" alt=\"\" class=\"wp-image-14381\" data-id=\"14381\" data-link=\"https:\/\/www.ejercito.mil.uy\/index.php\/2022\/07\/17\/dia-nacional-de-prevencion-del-suicidio\/prevencion-1\/\" src=\"https:\/\/www.ejercito.mil.uy\/wp-content\/uploads\/2022\/07\/PREVENCION-1-1024x683.jpg\" srcset=\"https:\/\/www.ejercito.mil.uy\/wp-content\/uploads\/2022\/07\/PREVENCION-1-1024x683.jpg 1024w, https:\/\/www.ejercito.mil.uy\/wp-content\/uploads\/2022\/07\/PREVENCION-1-300x200.jpg 300w, https:\/\/www.ejercito.mil.uy\/wp-content\/uploads\/2022\/07\/PREVENCION-1.jpg 1200w\" sizes=\"(max-width: 1024px) 100vw, 1024px\" \/><\/figure><figcaption class=\"coblocks-gallery--caption coblocks-gallery--primary-caption\"><\/figcaption><\/div><\/div><div class=\"swiper-slide\"><div class=\"coblocks-gallery--item\" role=\"button\" tabindex=\"1\"><figure class=\"coblocks-gallery--figure has-margin-left-5 has-margin-left-mobile-5 has-margin-right-5 has-margin-right-mobile-5\"><img loading=\"lazy\" decoding=\"async\" width=\"1024\" height=\"683\" alt=\"\" class=\"wp-image-23505\" data-id=\"23505\" data-link=\"https:\/\/www.ejercito.mil.uy\/index.php\/2023\/07\/17\/dia-nacional-de-prevencion-del-suicidio-2\/prevencion-del-suicidio-2023-a\/\" src=\"https:\/\/www.ejercito.mil.uy\/wp-content\/uploads\/2023\/07\/Prevencion-del-SUICIDIO-2023-A-1024x683.jpg\" srcset=\"https:\/\/www.ejercito.mil.uy\/wp-content\/uploads\/2023\/07\/Prevencion-del-SUICIDIO-2023-A-1024x683.jpg 1024w, https:\/\/www.ejercito.mil.uy\/wp-content\/uploads\/2023\/07\/Prevencion-del-SUICIDIO-2023-A-300x200.jpg 300w, https:\/\/www.ejercito.mil.uy\/wp-content\/uploads\/2023\/07\/Prevencion-del-SUICIDIO-2023-A.jpg 1200w\" sizes=\"(max-width: 1024px) 100vw, 1024px\" \/><\/figure><figcaption class=\"coblocks-gallery--caption coblocks-gallery--primary-caption\"><\/figcaption><\/div><\/div><div class=\"swiper-slide\"><div class=\"coblocks-gallery--item\" role=\"button\" tabindex=\"2\"><figure class=\"coblocks-gallery--figure has-margin-left-5 has-margin-left-mobile-5 has-margin-right-5 has-margin-right-mobile-5\"><img loading=\"lazy\" decoding=\"async\" width=\"1024\" height=\"683\" alt=\"\" class=\"wp-image-23503\" data-id=\"23503\" data-link=\"https:\/\/www.ejercito.mil.uy\/index.php\/2023\/07\/17\/dia-nacional-de-prevencion-del-suicidio-2\/prevencion-del-suicidio-2023-d\/\" src=\"https:\/\/www.ejercito.mil.uy\/wp-content\/uploads\/2023\/07\/Prevencion-del-SUICIDIO-2023-D-1024x683.jpg\" srcset=\"https:\/\/www.ejercito.mil.uy\/wp-content\/uploads\/2023\/07\/Prevencion-del-SUICIDIO-2023-D-1024x683.jpg 1024w, https:\/\/www.ejercito.mil.uy\/wp-content\/uploads\/2023\/07\/Prevencion-del-SUICIDIO-2023-D-300x200.jpg 300w, https:\/\/www.ejercito.mil.uy\/wp-content\/uploads\/2023\/07\/Prevencion-del-SUICIDIO-2023-D.jpg 1200w\" sizes=\"(max-width: 1024px) 100vw, 1024px\" \/><\/figure><figcaption class=\"coblocks-gallery--caption coblocks-gallery--primary-caption\"><\/figcaption><\/div><\/div><div class=\"swiper-slide\"><div class=\"coblocks-gallery--item\" role=\"button\" tabindex=\"3\"><figure class=\"coblocks-gallery--figure has-margin-left-5 has-margin-left-mobile-5 has-margin-right-5 has-margin-right-mobile-5\"><img loading=\"lazy\" decoding=\"async\" width=\"1024\" height=\"683\" alt=\"\" class=\"wp-image-23506\" data-id=\"23506\" data-link=\"https:\/\/www.ejercito.mil.uy\/index.php\/2023\/07\/17\/dia-nacional-de-prevencion-del-suicidio-2\/prevencion-del-suicidio-2023-b\/\" src=\"https:\/\/www.ejercito.mil.uy\/wp-content\/uploads\/2023\/07\/Prevencion-del-SUICIDIO-2023-B-1024x683.jpg\" srcset=\"https:\/\/www.ejercito.mil.uy\/wp-content\/uploads\/2023\/07\/Prevencion-del-SUICIDIO-2023-B-1024x683.jpg 1024w, https:\/\/www.ejercito.mil.uy\/wp-content\/uploads\/2023\/07\/Prevencion-del-SUICIDIO-2023-B-300x200.jpg 300w, https:\/\/www.ejercito.mil.uy\/wp-content\/uploads\/2023\/07\/Prevencion-del-SUICIDIO-2023-B.jpg 1200w\" sizes=\"(max-width: 1024px) 100vw, 1024px\" \/><\/figure><figcaption class=\"coblocks-gallery--caption coblocks-gallery--primary-caption\"><\/figcaption><\/div><\/div><div class=\"swiper-slide\"><div class=\"coblocks-gallery--item\" role=\"button\" tabindex=\"4\"><figure class=\"coblocks-gallery--figure has-margin-left-5 has-margin-left-mobile-5 has-margin-right-5 has-margin-right-mobile-5\"><img loading=\"lazy\" decoding=\"async\" width=\"1024\" height=\"683\" alt=\"\" class=\"wp-image-23504\" data-id=\"23504\" data-link=\"https:\/\/www.ejercito.mil.uy\/index.php\/2023\/07\/17\/dia-nacional-de-prevencion-del-suicidio-2\/prevencion-del-suicidio-2023-c\/\" src=\"https:\/\/www.ejercito.mil.uy\/wp-content\/uploads\/2023\/07\/Prevencion-del-SUICIDIO-2023-C-1024x683.jpg\" srcset=\"https:\/\/www.ejercito.mil.uy\/wp-content\/uploads\/2023\/07\/Prevencion-del-SUICIDIO-2023-C-1024x683.jpg 1024w, https:\/\/www.ejercito.mil.uy\/wp-content\/uploads\/2023\/07\/Prevencion-del-SUICIDIO-2023-C-300x200.jpg 300w, https:\/\/www.ejercito.mil.uy\/wp-content\/uploads\/2023\/07\/Prevencion-del-SUICIDIO-2023-C.jpg 1200w\" sizes=\"(max-width: 1024px) 100vw, 1024px\" \/><\/figure><figcaption class=\"coblocks-gallery--caption coblocks-gallery--primary-caption\"><\/figcaption><\/div><\/div><\/div><button class=\"nav-button__prev\" id=\"12345-prev\"><svg class=\"icon\" style=\"transform:rotate(180deg)\"><\/svg><\/button><button class=\"nav-button__next\" id=\"12345-next\"><svg class=\"icon\"><\/svg><\/button><\/div><div class=\"wp-block-coblocks-gallery-carousel-thumbnail-pagination has-margin-top-5 has-margin-top-mobile-5\"><button aria-label=\"gallery thumbnail\" class=\"wp-block-coblocks-gallery-carousel-thumbnail wp-block-coblocks-gallery-carousel-thumbnail-0 has-margin-left-5 has-margin-left-mobile-5 has-margin-right-5 has-margin-right-mobile-5\" style=\"height:80px;width:100px\" tabindex=\"0\"><img decoding=\"async\" alt=\"\" data-id=\"14381\" data-link=\"https:\/\/www.ejercito.mil.uy\/index.php\/2022\/07\/17\/dia-nacional-de-prevencion-del-suicidio\/prevencion-1\/\" src=\"https:\/\/www.ejercito.mil.uy\/wp-content\/uploads\/2022\/07\/PREVENCION-1-1024x683.jpg\" style=\"height:100%;width:100%\"\/><\/button><button aria-label=\"gallery thumbnail\" class=\"wp-block-coblocks-gallery-carousel-thumbnail wp-block-coblocks-gallery-carousel-thumbnail-1 has-margin-left-5 has-margin-left-mobile-5 has-margin-right-5 has-margin-right-mobile-5\" style=\"height:80px;width:100px\" tabindex=\"0\"><img decoding=\"async\" alt=\"\" data-id=\"23505\" data-link=\"https:\/\/www.ejercito.mil.uy\/index.php\/2023\/07\/17\/dia-nacional-de-prevencion-del-suicidio-2\/prevencion-del-suicidio-2023-a\/\" src=\"https:\/\/www.ejercito.mil.uy\/wp-content\/uploads\/2023\/07\/Prevencion-del-SUICIDIO-2023-A-1024x683.jpg\" style=\"height:100%;width:100%\"\/><\/button><button aria-label=\"gallery thumbnail\" class=\"wp-block-coblocks-gallery-carousel-thumbnail wp-block-coblocks-gallery-carousel-thumbnail-2 has-margin-left-5 has-margin-left-mobile-5 has-margin-right-5 has-margin-right-mobile-5\" style=\"height:80px;width:100px\" tabindex=\"0\"><img decoding=\"async\" alt=\"\" data-id=\"23503\" data-link=\"https:\/\/www.ejercito.mil.uy\/index.php\/2023\/07\/17\/dia-nacional-de-prevencion-del-suicidio-2\/prevencion-del-suicidio-2023-d\/\" src=\"https:\/\/www.ejercito.mil.uy\/wp-content\/uploads\/2023\/07\/Prevencion-del-SUICIDIO-2023-D-1024x683.jpg\" style=\"height:100%;width:100%\"\/><\/button><button aria-label=\"gallery thumbnail\" class=\"wp-block-coblocks-gallery-carousel-thumbnail wp-block-coblocks-gallery-carousel-thumbnail-3 has-margin-left-5 has-margin-left-mobile-5 has-margin-right-5 has-margin-right-mobile-5\" style=\"height:80px;width:100px\" tabindex=\"0\"><img decoding=\"async\" alt=\"\" data-id=\"23506\" data-link=\"https:\/\/www.ejercito.mil.uy\/index.php\/2023\/07\/17\/dia-nacional-de-prevencion-del-suicidio-2\/prevencion-del-suicidio-2023-b\/\" src=\"https:\/\/www.ejercito.mil.uy\/wp-content\/uploads\/2023\/07\/Prevencion-del-SUICIDIO-2023-B-1024x683.jpg\" style=\"height:100%;width:100%\"\/><\/button><button aria-label=\"gallery thumbnail\" class=\"wp-block-coblocks-gallery-carousel-thumbnail wp-block-coblocks-gallery-carousel-thumbnail-4 has-margin-left-5 has-margin-left-mobile-5 has-margin-right-5 has-margin-right-mobile-5\" style=\"height:80px;width:100px\" tabindex=\"0\"><img decoding=\"async\" alt=\"\" data-id=\"23504\" data-link=\"https:\/\/www.ejercito.mil.uy\/index.php\/2023\/07\/17\/dia-nacional-de-prevencion-del-suicidio-2\/prevencion-del-suicidio-2023-c\/\" src=\"https:\/\/www.ejercito.mil.uy\/wp-content\/uploads\/2023\/07\/Prevencion-del-SUICIDIO-2023-C-1024x683.jpg\" style=\"height:100%;width:100%\"\/><\/button><\/div><\/div><\/div>\n\n\n\n<div style=\"height:66px\" aria-hidden=\"true\" class=\"wp-block-spacer\"><\/div>\n\n\n\n<hr class=\"wp-block-separator has-text-color has-vivid-cyan-blue-color has-css-opacity has-vivid-cyan-blue-background-color has-background is-style-wide\"\/>\n\n\n\n<div style=\"height:66px\" aria-hidden=\"true\" class=\"wp-block-spacer\"><\/div>\n\n\n\n<p><\/p>\n","protected":false},"excerpt":{"rendered":"<p>17.07.2023 &#8211; El Ej\u00e9rcito Nacional se adhiere al D\u00eda Nacional para la Prevenci\u00f3n del Suicidio, que se conmemora cada 17 de julio en nuestro pa\u00eds.<\/p>\n","protected":false},"author":4,"featured_media":14380,"comment_status":"closed","ping_status":"open","sticky":false,"template":"","format":"standard","meta":{"_coblocks_attr":"","_coblocks_dimensions":"","_coblocks_responsive_height":"","_coblocks_accordion_ie_support":"","_monsterinsights_skip_tracking":false,"_monsterinsights_sitenote_active":false,"_monsterinsights_sitenote_note":"","_monsterinsights_sitenote_category":0,"_uf_show_specific_survey":0,"_uf_disable_surveys":false,"footnotes":""},"categories":[2,10,14],"tags":[27,32,29,30,28,37],"class_list":["post-23500","post","type-post","status-publish","format-standard","has-post-thumbnail","hentry","category-blog","category-destacados","category-noticias","tag-apoyo","tag-bienestar","tag-comunidad","tag-misiones-operativas-de-paz","tag-social","tag-sociedad"],"aioseo_notices":[],"_links":{"self":[{"href":"https:\/\/www.ejercito.mil.uy\/index.php\/wp-json\/wp\/v2\/posts\/23500","targetHints":{"allow":["GET"]}}],"collection":[{"href":"https:\/\/www.ejercito.mil.uy\/index.php\/wp-json\/wp\/v2\/posts"}],"about":[{"href":"https:\/\/www.ejercito.mil.uy\/index.php\/wp-json\/wp\/v2\/types\/post"}],"author":[{"embeddable":true,"href":"https:\/\/www.ejercito.mil.uy\/index.php\/wp-json\/wp\/v2\/users\/4"}],"replies":[{"embeddable":true,"href":"https:\/\/www.ejercito.mil.uy\/index.php\/wp-json\/wp\/v2\/comments?post=23500"}],"version-history":[{"count":3,"href":"https:\/\/www.ejercito.mil.uy\/index.php\/wp-json\/wp\/v2\/posts\/23500\/revisions"}],"predecessor-version":[{"id":23508,"href":"https:\/\/www.ejercito.mil.uy\/index.php\/wp-json\/wp\/v2\/posts\/23500\/revisions\/23508"}],"wp:featuredmedia":[{"embeddable":true,"href":"https:\/\/www.ejercito.mil.uy\/index.php\/wp-json\/wp\/v2\/media\/14380"}],"wp:attachment":[{"href":"https:\/\/www.ejercito.mil.uy\/index.php\/wp-json\/wp\/v2\/media?parent=23500"}],"wp:term":[{"taxonomy":"category","embeddable":true,"href":"https:\/\/www.ejercito.mil.uy\/index.php\/wp-json\/wp\/v2\/categories?post=23500"},{"taxonomy":"post_tag","embeddable":true,"href":"https:\/\/www.ejercito.mil.uy\/index.php\/wp-json\/wp\/v2\/tags?post=23500"}],"curies":[{"name":"wp","href":"https:\/\/api.w.org\/{rel}","templated":true}]}}