{"id":23509,"date":"2023-07-18T07:00:00","date_gmt":"2023-07-18T10:00:00","guid":{"rendered":"https:\/\/www.ejercito.mil.uy\/?p=23509"},"modified":"2023-07-20T14:00:57","modified_gmt":"2023-07-20T17:00:57","slug":"jura-de-la-constitucion","status":"publish","type":"post","link":"https:\/\/www.ejercito.mil.uy\/index.php\/2023\/07\/18\/jura-de-la-constitucion\/","title":{"rendered":"Jura de la Constituci\u00f3n"},"content":{"rendered":"\n<p style=\"font-size:14px\">18.07.2023<\/p>\n\n\n\n<div style=\"height:24px\" aria-hidden=\"true\" class=\"wp-block-spacer\"><\/div>\n\n\n\n<p class=\"has-white-color has-text-color has-background\" style=\"background-color:#9d7300\"><strong>\u00a1Conmemoramos el 193\u00b0 aniversario de la Jura de la Constituci\u00f3n!<\/strong><\/p>\n\n\n\n<div style=\"height:24px\" aria-hidden=\"true\" class=\"wp-block-spacer\"><\/div>\n\n\n\n<p>En la \u201cConvenci\u00f3n Preliminar de Paz\u201d de 1828, se firma un documento por el cual se declar\u00f3 el fin de los enfrentamientos que se desarrollaron durante 20 a\u00f1os, desde el comienzo de la Revoluci\u00f3n Artiguista.<\/p>\n\n\n\n<div style=\"height:24px\" aria-hidden=\"true\" class=\"wp-block-spacer\"><\/div>\n\n\n\n<p>El surgimiento de una \u201ccarta magna\u201d para la Provincia Oriental fue el resultado de un proceso pol\u00edtico apoyada por la \u00e9lite oriental, al entender que se pon\u00eda un punto final al \u201ccaos revolucionario\u201d.<\/p>\n\n\n\n<div style=\"height:24px\" aria-hidden=\"true\" class=\"wp-block-spacer\"><\/div>\n\n\n\n<p>La Asamblea General Constituyente de la \u00e9poca, expres\u00f3 su visi\u00f3n de la Constituci\u00f3n como un instrumento necesario de orden y en el que se organizar\u00eda a la Provincia Oriental como Estado soberano e independiente, con el nombre de Estado Oriental del Uruguay.<\/p>\n\n\n\n<div style=\"height:24px\" aria-hidden=\"true\" class=\"wp-block-spacer\"><\/div>\n\n\n\n<p>El 18 de Julio de 1830, en el palco ubicado en la Plaza Matriz, la poblaci\u00f3n sub\u00eda a prestar juramento.<\/p>\n\n\n\n<div style=\"height:24px\" aria-hidden=\"true\" class=\"wp-block-spacer\"><\/div>\n\n\n\n<p>A su vez, el Batall\u00f3n de Cazadores de Infanter\u00eda junto al Escuadr\u00f3n de l\u00ednea de Caballer\u00eda, al mando del Cnel. Eugenio Garz\u00f3n e integrantes de la Bater\u00eda Ligera de Artiller\u00eda que all\u00ed se encontraban, tambi\u00e9n prestaron Fidelidad y Juramento al texto de la Constituci\u00f3n.<\/p>\n","protected":false},"excerpt":{"rendered":"<p>18.07.2023 &#8211; \u00a1Conmemoramos el 193\u00b0 aniversario de la Jura de la Constituci\u00f3n!<\/p>\n","protected":false},"author":4,"featured_media":23510,"comment_status":"closed","ping_status":"open","sticky":false,"template":"","format":"standard","meta":{"_coblocks_attr":"","_coblocks_dimensions":"","_coblocks_responsive_height":"","_coblocks_accordion_ie_support":"","_monsterinsights_skip_tracking":false,"_monsterinsights_sitenote_active":false,"_monsterinsights_sitenote_note":"","_monsterinsights_sitenote_category":0,"_uf_show_specific_survey":0,"_uf_disable_surveys":false,"footnotes":""},"categories":[2,14],"tags":[529,831,41,1003,607],"class_list":["post-23509","post","type-post","status-publish","format-standard","has-post-thumbnail","hentry","category-blog","category-noticias","tag-constitucion","tag-fecha","tag-historia","tag-jura","tag-patria-2"],"aioseo_notices":[],"_links":{"self":[{"href":"https:\/\/www.ejercito.mil.uy\/index.php\/wp-json\/wp\/v2\/posts\/23509","targetHints":{"allow":["GET"]}}],"collection":[{"href":"https:\/\/www.ejercito.mil.uy\/index.php\/wp-json\/wp\/v2\/posts"}],"about":[{"href":"https:\/\/www.ejercito.mil.uy\/index.php\/wp-json\/wp\/v2\/types\/post"}],"author":[{"embeddable":true,"href":"https:\/\/www.ejercito.mil.uy\/index.php\/wp-json\/wp\/v2\/users\/4"}],"replies":[{"embeddable":true,"href":"https:\/\/www.ejercito.mil.uy\/index.php\/wp-json\/wp\/v2\/comments?post=23509"}],"version-history":[{"count":1,"href":"https:\/\/www.ejercito.mil.uy\/index.php\/wp-json\/wp\/v2\/posts\/23509\/revisions"}],"predecessor-version":[{"id":23511,"href":"https:\/\/www.ejercito.mil.uy\/index.php\/wp-json\/wp\/v2\/posts\/23509\/revisions\/23511"}],"wp:featuredmedia":[{"embeddable":true,"href":"https:\/\/www.ejercito.mil.uy\/index.php\/wp-json\/wp\/v2\/media\/23510"}],"wp:attachment":[{"href":"https:\/\/www.ejercito.mil.uy\/index.php\/wp-json\/wp\/v2\/media?parent=23509"}],"wp:term":[{"taxonomy":"category","embeddable":true,"href":"https:\/\/www.ejercito.mil.uy\/index.php\/wp-json\/wp\/v2\/categories?post=23509"},{"taxonomy":"post_tag","embeddable":true,"href":"https:\/\/www.ejercito.mil.uy\/index.php\/wp-json\/wp\/v2\/tags?post=23509"}],"curies":[{"name":"wp","href":"https:\/\/api.w.org\/{rel}","templated":true}]}}