{"id":23666,"date":"2023-07-22T14:00:38","date_gmt":"2023-07-22T17:00:38","guid":{"rendered":"https:\/\/www.ejercito.mil.uy\/?p=23666"},"modified":"2023-07-24T08:30:35","modified_gmt":"2023-07-24T11:30:35","slug":"descubrimiento-de-pintura-en-homenaje-al-capitan-julio-gutierrez","status":"publish","type":"post","link":"https:\/\/www.ejercito.mil.uy\/index.php\/2023\/07\/22\/descubrimiento-de-pintura-en-homenaje-al-capitan-julio-gutierrez\/","title":{"rendered":"Descubrimiento de pintura en homenaje al Capit\u00e1n Julio Guti\u00e9rrez"},"content":{"rendered":"\n<p class=\"has-small-font-size\">22.07.2023 &#8211; Flores <\/p>\n\n\n\n<div style=\"height:51px\" aria-hidden=\"true\" class=\"wp-block-spacer\"><\/div>\n\n\n\n<p class=\"has-white-color has-text-color has-background\" style=\"background-color:#ff0000\"><strong>Esta ma\u00f1ana, con la presencia del Comandante en Jefe del Ej\u00e9rcito, Gral. de Ej\u00e9rcito Mario Stevenazzi, se descubri\u00f3 en el Grupo \u00ab\u00c9xodo del Pueblo Oriental\u00bb de Artiller\u00eda (AP) 122 mm N\u00b0 2, una pintura representativa del Capit\u00e1n Julio C\u00e9sar Guti\u00e9rrez, en conmemoraci\u00f3n a los 49 a\u00f1os de su fallecimiento.<\/strong><\/p>\n\n\n\n<div style=\"height:50px\" aria-hidden=\"true\" class=\"wp-block-spacer\"><\/div>\n\n\n\n<div aria-label=\"Carousel Gallery\" class=\"wp-block-coblocks-gallery-carousel alignfull\"><div class=\"coblocks-gallery-carousel-swiper-container is-cropped coblocks-gallery has-caption-style-dark has-horizontal-gutter has-no-thumbnails\"><div class=\"has-carousel has-carousel-xlrg swiper-container has-aligned-cells has-responsive-height\" data-swiper=\"{&quot;alignCells&quot;:true,&quot;autoPlay&quot;:false,&quot;autoPlaySpeed&quot;:3000,&quot;draggable&quot;:true,&quot;freeMode&quot;:false,&quot;loop&quot;:false,&quot;navigation&quot;:true,&quot;pageDots&quot;:false,&quot;pauseHover&quot;:true,&quot;responsiveHeight&quot;:true,&quot;slidesPerView&quot;:1,&quot;thumbnails&quot;:false,&quot;uuid&quot;:&quot;12345&quot;}\" style=\"height:400px\"><div class=\"swiper-wrapper\"><div class=\"swiper-slide\"><div class=\"coblocks-gallery--item\" role=\"button\" tabindex=\"0\"><figure class=\"coblocks-gallery--figure has-margin-left-5 has-margin-left-mobile-5 has-margin-right-5 has-margin-right-mobile-5\"><img fetchpriority=\"high\" decoding=\"async\" width=\"1024\" height=\"683\" alt=\"\" class=\"wp-image-23670\" data-id=\"23670\" data-link=\"https:\/\/www.ejercito.mil.uy\/index.php\/2023\/07\/22\/descubrimiento-de-pintura-en-homenaje-al-capitan-julio-gutierrez\/2023-07-22-descubrimiento-de-pintura-flores-7\/\" src=\"https:\/\/www.ejercito.mil.uy\/wp-content\/uploads\/2023\/07\/2023-07-22-Descubrimiento-de-pintura-Flores-7-1024x683.jpg\" srcset=\"https:\/\/www.ejercito.mil.uy\/wp-content\/uploads\/2023\/07\/2023-07-22-Descubrimiento-de-pintura-Flores-7-1024x683.jpg 1024w, https:\/\/www.ejercito.mil.uy\/wp-content\/uploads\/2023\/07\/2023-07-22-Descubrimiento-de-pintura-Flores-7-300x200.jpg 300w, https:\/\/www.ejercito.mil.uy\/wp-content\/uploads\/2023\/07\/2023-07-22-Descubrimiento-de-pintura-Flores-7.jpg 1200w\" sizes=\"(max-width: 1024px) 100vw, 1024px\" \/><\/figure><figcaption class=\"coblocks-gallery--caption coblocks-gallery--primary-caption\"><\/figcaption><\/div><\/div><div class=\"swiper-slide\"><div class=\"coblocks-gallery--item\" role=\"button\" tabindex=\"1\"><figure class=\"coblocks-gallery--figure has-margin-left-5 has-margin-left-mobile-5 has-margin-right-5 has-margin-right-mobile-5\"><img decoding=\"async\" width=\"1024\" height=\"683\" alt=\"\" class=\"wp-image-23669\" data-id=\"23669\" data-link=\"https:\/\/www.ejercito.mil.uy\/index.php\/2023\/07\/22\/descubrimiento-de-pintura-en-homenaje-al-capitan-julio-gutierrez\/2023-07-22-descubrimiento-de-pintura-flores-6\/\" src=\"https:\/\/www.ejercito.mil.uy\/wp-content\/uploads\/2023\/07\/2023-07-22-Descubrimiento-de-pintura-Flores-6-1024x683.jpg\" srcset=\"https:\/\/www.ejercito.mil.uy\/wp-content\/uploads\/2023\/07\/2023-07-22-Descubrimiento-de-pintura-Flores-6-1024x683.jpg 1024w, https:\/\/www.ejercito.mil.uy\/wp-content\/uploads\/2023\/07\/2023-07-22-Descubrimiento-de-pintura-Flores-6-300x200.jpg 300w, https:\/\/www.ejercito.mil.uy\/wp-content\/uploads\/2023\/07\/2023-07-22-Descubrimiento-de-pintura-Flores-6.jpg 1200w\" sizes=\"(max-width: 1024px) 100vw, 1024px\" \/><\/figure><figcaption class=\"coblocks-gallery--caption coblocks-gallery--primary-caption\"><\/figcaption><\/div><\/div><div class=\"swiper-slide\"><div class=\"coblocks-gallery--item\" role=\"button\" tabindex=\"2\"><figure class=\"coblocks-gallery--figure has-margin-left-5 has-margin-left-mobile-5 has-margin-right-5 has-margin-right-mobile-5\"><img decoding=\"async\" width=\"1024\" height=\"683\" alt=\"\" class=\"wp-image-23683\" data-id=\"23683\" data-link=\"https:\/\/www.ejercito.mil.uy\/index.php\/2023\/07\/22\/descubrimiento-de-pintura-en-homenaje-al-capitan-julio-gutierrez\/2023-07-22-descubrimiento-de-pintura-flores-13\/\" src=\"https:\/\/www.ejercito.mil.uy\/wp-content\/uploads\/2023\/07\/2023-07-22-Descubrimiento-de-pintura-Flores-13-1024x683.jpeg\" srcset=\"https:\/\/www.ejercito.mil.uy\/wp-content\/uploads\/2023\/07\/2023-07-22-Descubrimiento-de-pintura-Flores-13-1024x683.jpeg 1024w, https:\/\/www.ejercito.mil.uy\/wp-content\/uploads\/2023\/07\/2023-07-22-Descubrimiento-de-pintura-Flores-13-300x200.jpeg 300w, https:\/\/www.ejercito.mil.uy\/wp-content\/uploads\/2023\/07\/2023-07-22-Descubrimiento-de-pintura-Flores-13.jpeg 1200w\" sizes=\"(max-width: 1024px) 100vw, 1024px\" \/><\/figure><figcaption class=\"coblocks-gallery--caption coblocks-gallery--primary-caption\"><\/figcaption><\/div><\/div><div class=\"swiper-slide\"><div class=\"coblocks-gallery--item\" role=\"button\" tabindex=\"3\"><figure class=\"coblocks-gallery--figure has-margin-left-5 has-margin-left-mobile-5 has-margin-right-5 has-margin-right-mobile-5\"><img loading=\"lazy\" decoding=\"async\" width=\"1024\" height=\"683\" alt=\"\" class=\"wp-image-23682\" data-id=\"23682\" data-link=\"https:\/\/www.ejercito.mil.uy\/index.php\/2023\/07\/22\/descubrimiento-de-pintura-en-homenaje-al-capitan-julio-gutierrez\/2023-07-22-descubrimiento-de-pintura-flores-11\/\" src=\"https:\/\/www.ejercito.mil.uy\/wp-content\/uploads\/2023\/07\/2023-07-22-Descubrimiento-de-pintura-Flores-11-1024x683.jpeg\" srcset=\"https:\/\/www.ejercito.mil.uy\/wp-content\/uploads\/2023\/07\/2023-07-22-Descubrimiento-de-pintura-Flores-11-1024x683.jpeg 1024w, https:\/\/www.ejercito.mil.uy\/wp-content\/uploads\/2023\/07\/2023-07-22-Descubrimiento-de-pintura-Flores-11-300x200.jpeg 300w, https:\/\/www.ejercito.mil.uy\/wp-content\/uploads\/2023\/07\/2023-07-22-Descubrimiento-de-pintura-Flores-11.jpeg 1200w\" sizes=\"(max-width: 1024px) 100vw, 1024px\" \/><\/figure><figcaption class=\"coblocks-gallery--caption coblocks-gallery--primary-caption\"><\/figcaption><\/div><\/div><\/div><button class=\"nav-button__prev\" id=\"12345-prev\"><svg class=\"icon\" style=\"transform:rotate(180deg)\"><\/svg><\/button><button class=\"nav-button__next\" id=\"12345-next\"><svg class=\"icon\"><\/svg><\/button><\/div><\/div><\/div>\n\n\n\n<div style=\"height:50px\" aria-hidden=\"true\" class=\"wp-block-spacer\"><\/div>\n\n\n\n<p>La pintura realizada por la artista pl\u00e1stica Stefani Naglieri, estuvo inspirada en una fotograf\u00eda tomada el d\u00eda 13 de setiembre de 1972 en el Estadio \u201cLavalleja\u201d de la ciudad de Trinidad, en la cual se aprecia al Cap. Guti\u00e9rrez sorteando un obst\u00e1culo junto a su caballo, con valor, destreza, valent\u00eda, determinaci\u00f3n y sobre todo decisi\u00f3n.<\/p>\n\n\n\n<div style=\"height:33px\" aria-hidden=\"true\" class=\"wp-block-spacer\"><\/div>\n\n\n\n<p>El Oficial naci\u00f3 el 13 de marzo de 1942 en la ciudad de Rivera. Ingres\u00f3 a la Escuela Militar en marzo de 1959, egresando como Alf. del Arma de Artiller\u00eda en diciembre de 1962, integrante de la Promoci\u00f3n \u00abVentura Fern\u00e1ndez\u00bb.<\/p>\n\n\n\n<div style=\"height:33px\" aria-hidden=\"true\" class=\"wp-block-spacer\"><\/div>\n\n\n\n<p>Su primer destino fue el Grupo de Artiller\u00eda N\u00b0 2, Unidad en la que prest\u00f3 servicio casi 10 a\u00f1os, llegando a ser Cte. de la Bater\u00eda \u00abB\u00bb. Adem\u00e1s, form\u00f3 parte del Grupo de Artiller\u00eda N\u00b0 1 y el Grupo de Artiller\u00eda de Defensa Antia\u00e9rea N\u00b0 1.<\/p>\n\n\n\n<div style=\"height:33px\" aria-hidden=\"true\" class=\"wp-block-spacer\"><\/div>\n\n\n\n<p>El 1 de febrero de 1970 ascendi\u00f3 al grado de Cap. por el sistema de concurso. El 11 de julio de 1974, pese a recibir la m\u00e1s esmerada atenci\u00f3n en el Hospital Central de las Fuerzas Armadas, falleci\u00f3 tras una larga agon\u00eda, luch\u00f3 cada minuto por su vida, siendo fiel a su personalidad, ejemplo de valor, arrojo y coraje.<\/p>\n\n\n\n<div style=\"height:33px\" aria-hidden=\"true\" class=\"wp-block-spacer\"><\/div>\n\n\n\n<figure class=\"wp-block-gallery has-nested-images columns-default is-cropped wp-block-gallery-1 is-layout-flex wp-block-gallery-is-layout-flex\">\n<figure class=\"wp-block-image size-large\"><img loading=\"lazy\" decoding=\"async\" width=\"1024\" height=\"683\" data-id=\"23684\" src=\"https:\/\/www.ejercito.mil.uy\/wp-content\/uploads\/2023\/07\/2023-07-22-Descubrimiento-de-pintura-Flores-12-1024x683.jpeg\" alt=\"Image gallery image\" class=\"wp-image-23684\" srcset=\"https:\/\/www.ejercito.mil.uy\/wp-content\/uploads\/2023\/07\/2023-07-22-Descubrimiento-de-pintura-Flores-12-1024x683.jpeg 1024w, https:\/\/www.ejercito.mil.uy\/wp-content\/uploads\/2023\/07\/2023-07-22-Descubrimiento-de-pintura-Flores-12-300x200.jpeg 300w, https:\/\/www.ejercito.mil.uy\/wp-content\/uploads\/2023\/07\/2023-07-22-Descubrimiento-de-pintura-Flores-12.jpeg 1200w\" sizes=\"(max-width: 1024px) 100vw, 1024px\" \/><\/figure>\n\n\n\n<figure class=\"wp-block-image size-large\"><img loading=\"lazy\" decoding=\"async\" width=\"1024\" height=\"683\" data-id=\"23685\" src=\"https:\/\/www.ejercito.mil.uy\/wp-content\/uploads\/2023\/07\/2023-07-22-Descubrimiento-de-pintura-Flores-14-1024x683.jpeg\" alt=\"Image gallery image\" class=\"wp-image-23685\" srcset=\"https:\/\/www.ejercito.mil.uy\/wp-content\/uploads\/2023\/07\/2023-07-22-Descubrimiento-de-pintura-Flores-14-1024x683.jpeg 1024w, https:\/\/www.ejercito.mil.uy\/wp-content\/uploads\/2023\/07\/2023-07-22-Descubrimiento-de-pintura-Flores-14-300x200.jpeg 300w, https:\/\/www.ejercito.mil.uy\/wp-content\/uploads\/2023\/07\/2023-07-22-Descubrimiento-de-pintura-Flores-14.jpeg 1200w\" sizes=\"(max-width: 1024px) 100vw, 1024px\" \/><\/figure>\n<\/figure>\n\n\n\n<div style=\"height:33px\" aria-hidden=\"true\" class=\"wp-block-spacer\"><\/div>\n\n\n\n<p>Adem\u00e1s, asistieron a la ceremonia el Cte. de la Divisi\u00f3n de Ej\u00e9rcito II, Gral. Mario Moreira; el Director Nacional de Sanidad de las Fuerzas Armadas, Gral. Hugo Rebollo; el Cte. de Artiller\u00eda de Ej\u00e9rcito, Cnel. Pablo Font; entre otras autoridades departamentales, policiales, militares e invitados especiales.<\/p>\n\n\n\n<div style=\"height:33px\" aria-hidden=\"true\" class=\"wp-block-spacer\"><\/div>\n\n\n\n<p>El reconocimiento se hizo en el marco de la primera edici\u00f3n de la <strong>Copa \u00abCap. Julio C\u00e9sar Guti\u00e9rrez\u00bb<\/strong>, en la cual jinetes del Arma de Artiller\u00eda y Caballer\u00eda compitieron en distintas categor\u00edas, en la disciplina de Salto.<\/p>\n\n\n\n<div style=\"height:33px\" aria-hidden=\"true\" class=\"wp-block-spacer\"><\/div>\n\n\n\n<p>Los ganadores en la Categor\u00eda 1.15 m fueron los siguientes:<\/p>\n\n\n\n<ul class=\"wp-block-list\">\n<li>1er puesto: Sgto. Gast\u00f3n Rivero del Grupo \u00abBrig. Gral. Manuel Oribe\u00bb de Artiller\u00eda 105 mm N\u00b0 1<\/li>\n\n\n\n<li>2\u00b0 puesto: Tte. 1\u00b0 Mart\u00edn Silva Ledesma del Grupo de Artiller\u00eda de Defensa Antia\u00e9rea N\u00b0 1<\/li>\n\n\n\n<li>3er puesto: Tte. 1\u00b0 Ariel Monge del Grupo de Escuadrones N\u00b0 1<\/li>\n\n\n\n<li>4\u00b0 puesto: Sdo. 1\u00aa Mar\u00eda Pereira de la Brigada de Caballer\u00eda N\u00b0 3<\/li>\n<\/ul>\n\n\n\n<div style=\"height:50px\" aria-hidden=\"true\" class=\"wp-block-spacer\"><\/div>\n\n\n\n<div aria-label=\"Carousel Gallery\" class=\"wp-block-coblocks-gallery-carousel alignfull\"><div class=\"coblocks-gallery-carousel-swiper-container is-cropped coblocks-gallery has-caption-style-dark has-horizontal-gutter has-no-thumbnails\"><div class=\"has-carousel has-carousel-xlrg swiper-container has-aligned-cells has-responsive-height\" data-swiper=\"{&quot;alignCells&quot;:true,&quot;autoPlay&quot;:false,&quot;autoPlaySpeed&quot;:3000,&quot;draggable&quot;:true,&quot;freeMode&quot;:false,&quot;loop&quot;:false,&quot;navigation&quot;:true,&quot;pageDots&quot;:false,&quot;pauseHover&quot;:true,&quot;responsiveHeight&quot;:true,&quot;slidesPerView&quot;:1,&quot;thumbnails&quot;:false,&quot;uuid&quot;:&quot;12345&quot;}\" style=\"height:400px\"><div class=\"swiper-wrapper\"><div class=\"swiper-slide\"><div class=\"coblocks-gallery--item\" role=\"button\" tabindex=\"0\"><figure class=\"coblocks-gallery--figure has-margin-left-5 has-margin-left-mobile-5 has-margin-right-5 has-margin-right-mobile-5\"><img loading=\"lazy\" decoding=\"async\" width=\"1024\" height=\"683\" alt=\"\" class=\"wp-image-23690\" data-id=\"23690\" data-link=\"https:\/\/www.ejercito.mil.uy\/index.php\/2023\/07\/22\/descubrimiento-de-pintura-en-homenaje-al-capitan-julio-gutierrez\/2023-07-22-copa-cap-julio-gutierrez-4\/\" src=\"https:\/\/www.ejercito.mil.uy\/wp-content\/uploads\/2023\/07\/2023-07-22-Copa-Cap.-Julio-Gutierrez-4-1024x683.jpeg\" srcset=\"https:\/\/www.ejercito.mil.uy\/wp-content\/uploads\/2023\/07\/2023-07-22-Copa-Cap.-Julio-Gutierrez-4-1024x683.jpeg 1024w, https:\/\/www.ejercito.mil.uy\/wp-content\/uploads\/2023\/07\/2023-07-22-Copa-Cap.-Julio-Gutierrez-4-300x200.jpeg 300w, https:\/\/www.ejercito.mil.uy\/wp-content\/uploads\/2023\/07\/2023-07-22-Copa-Cap.-Julio-Gutierrez-4.jpeg 1200w\" sizes=\"(max-width: 1024px) 100vw, 1024px\" \/><\/figure><figcaption class=\"coblocks-gallery--caption coblocks-gallery--primary-caption\"><\/figcaption><\/div><\/div><div class=\"swiper-slide\"><div class=\"coblocks-gallery--item\" role=\"button\" tabindex=\"1\"><figure class=\"coblocks-gallery--figure has-margin-left-5 has-margin-left-mobile-5 has-margin-right-5 has-margin-right-mobile-5\"><img loading=\"lazy\" decoding=\"async\" width=\"1024\" height=\"683\" alt=\"\" class=\"wp-image-23691\" data-id=\"23691\" data-link=\"https:\/\/www.ejercito.mil.uy\/index.php\/2023\/07\/22\/descubrimiento-de-pintura-en-homenaje-al-capitan-julio-gutierrez\/2023-07-22-copa-cap-julio-gutierrez-1\/\" src=\"https:\/\/www.ejercito.mil.uy\/wp-content\/uploads\/2023\/07\/2023-07-22-Copa-Cap.-Julio-Gutierrez-1-1024x683.jpeg\" srcset=\"https:\/\/www.ejercito.mil.uy\/wp-content\/uploads\/2023\/07\/2023-07-22-Copa-Cap.-Julio-Gutierrez-1-1024x683.jpeg 1024w, https:\/\/www.ejercito.mil.uy\/wp-content\/uploads\/2023\/07\/2023-07-22-Copa-Cap.-Julio-Gutierrez-1-300x200.jpeg 300w, https:\/\/www.ejercito.mil.uy\/wp-content\/uploads\/2023\/07\/2023-07-22-Copa-Cap.-Julio-Gutierrez-1.jpeg 1200w\" sizes=\"(max-width: 1024px) 100vw, 1024px\" \/><\/figure><figcaption class=\"coblocks-gallery--caption coblocks-gallery--primary-caption\"><\/figcaption><\/div><\/div><div class=\"swiper-slide\"><div class=\"coblocks-gallery--item\" role=\"button\" tabindex=\"2\"><figure class=\"coblocks-gallery--figure has-margin-left-5 has-margin-left-mobile-5 has-margin-right-5 has-margin-right-mobile-5\"><img loading=\"lazy\" decoding=\"async\" width=\"1024\" height=\"683\" alt=\"\" class=\"wp-image-23689\" data-id=\"23689\" data-link=\"https:\/\/www.ejercito.mil.uy\/index.php\/2023\/07\/22\/descubrimiento-de-pintura-en-homenaje-al-capitan-julio-gutierrez\/2023-07-22-copa-cap-julio-gutierrez-3\/\" src=\"https:\/\/www.ejercito.mil.uy\/wp-content\/uploads\/2023\/07\/2023-07-22-Copa-Cap.-Julio-Gutierrez-3-1024x683.jpeg\" srcset=\"https:\/\/www.ejercito.mil.uy\/wp-content\/uploads\/2023\/07\/2023-07-22-Copa-Cap.-Julio-Gutierrez-3-1024x683.jpeg 1024w, https:\/\/www.ejercito.mil.uy\/wp-content\/uploads\/2023\/07\/2023-07-22-Copa-Cap.-Julio-Gutierrez-3-300x200.jpeg 300w, https:\/\/www.ejercito.mil.uy\/wp-content\/uploads\/2023\/07\/2023-07-22-Copa-Cap.-Julio-Gutierrez-3.jpeg 1200w\" sizes=\"(max-width: 1024px) 100vw, 1024px\" \/><\/figure><figcaption class=\"coblocks-gallery--caption coblocks-gallery--primary-caption\"><\/figcaption><\/div><\/div><div class=\"swiper-slide\"><div class=\"coblocks-gallery--item\" role=\"button\" tabindex=\"3\"><figure class=\"coblocks-gallery--figure has-margin-left-5 has-margin-left-mobile-5 has-margin-right-5 has-margin-right-mobile-5\"><img loading=\"lazy\" decoding=\"async\" width=\"1024\" height=\"683\" alt=\"\" class=\"wp-image-23688\" data-id=\"23688\" data-link=\"https:\/\/www.ejercito.mil.uy\/index.php\/2023\/07\/22\/descubrimiento-de-pintura-en-homenaje-al-capitan-julio-gutierrez\/2023-07-22-copa-cap-julio-gutierrez-2\/\" src=\"https:\/\/www.ejercito.mil.uy\/wp-content\/uploads\/2023\/07\/2023-07-22-Copa-Cap.-Julio-Gutierrez-2-1024x683.jpeg\" srcset=\"https:\/\/www.ejercito.mil.uy\/wp-content\/uploads\/2023\/07\/2023-07-22-Copa-Cap.-Julio-Gutierrez-2-1024x683.jpeg 1024w, https:\/\/www.ejercito.mil.uy\/wp-content\/uploads\/2023\/07\/2023-07-22-Copa-Cap.-Julio-Gutierrez-2-300x200.jpeg 300w, https:\/\/www.ejercito.mil.uy\/wp-content\/uploads\/2023\/07\/2023-07-22-Copa-Cap.-Julio-Gutierrez-2.jpeg 1200w\" sizes=\"(max-width: 1024px) 100vw, 1024px\" \/><\/figure><figcaption class=\"coblocks-gallery--caption coblocks-gallery--primary-caption\"><\/figcaption><\/div><\/div><div class=\"swiper-slide\"><div class=\"coblocks-gallery--item\" role=\"button\" tabindex=\"4\"><figure class=\"coblocks-gallery--figure has-margin-left-5 has-margin-left-mobile-5 has-margin-right-5 has-margin-right-mobile-5\"><img loading=\"lazy\" decoding=\"async\" width=\"1024\" height=\"683\" alt=\"\" class=\"wp-image-23704\" data-id=\"23704\" data-link=\"https:\/\/www.ejercito.mil.uy\/index.php\/2023\/07\/22\/descubrimiento-de-pintura-en-homenaje-al-capitan-julio-gutierrez\/2023-07-22-copa-cap-julio-gutierrez-grpa2-70\/\" src=\"https:\/\/www.ejercito.mil.uy\/wp-content\/uploads\/2023\/07\/2023-07-22-Copa-Cap-Julio-Gutierrez-GrpA2-70-1024x683.jpg\" srcset=\"https:\/\/www.ejercito.mil.uy\/wp-content\/uploads\/2023\/07\/2023-07-22-Copa-Cap-Julio-Gutierrez-GrpA2-70-1024x683.jpg 1024w, https:\/\/www.ejercito.mil.uy\/wp-content\/uploads\/2023\/07\/2023-07-22-Copa-Cap-Julio-Gutierrez-GrpA2-70-300x200.jpg 300w, https:\/\/www.ejercito.mil.uy\/wp-content\/uploads\/2023\/07\/2023-07-22-Copa-Cap-Julio-Gutierrez-GrpA2-70.jpg 1200w\" sizes=\"(max-width: 1024px) 100vw, 1024px\" \/><\/figure><figcaption class=\"coblocks-gallery--caption coblocks-gallery--primary-caption\"><\/figcaption><\/div><\/div><\/div><button class=\"nav-button__prev\" id=\"12345-prev\"><svg class=\"icon\" style=\"transform:rotate(180deg)\"><\/svg><\/button><button class=\"nav-button__next\" id=\"12345-next\"><svg class=\"icon\"><\/svg><\/button><\/div><\/div><\/div>\n\n\n\n<div style=\"height:50px\" aria-hidden=\"true\" class=\"wp-block-spacer\"><\/div>\n\n\n\n<p>\u00a1Felicitaciones camaradas!<\/p>\n\n\n\n<div style=\"height:112px\" aria-hidden=\"true\" class=\"wp-block-spacer\"><\/div>\n","protected":false},"excerpt":{"rendered":"<p>22.07.2023 &#8211; En la ma\u00f1ana del s\u00e1bado 22 de julio, con la presencia del Cte. en Jefe del Ej\u00e9rcito, se descubri\u00f3 en el Grupo de Artiller\u00eda N\u00b0 2, una pintura representativa del Capit\u00e1n Julio C\u00e9sar Guti\u00e9rrez, en conmemoraci\u00f3n a los 49 a\u00f1os de su fallecimiento.<\/p>\n","protected":false},"author":15,"featured_media":23671,"comment_status":"open","ping_status":"open","sticky":false,"template":"","format":"standard","meta":{"_coblocks_attr":"","_coblocks_dimensions":"","_coblocks_responsive_height":"","_coblocks_accordion_ie_support":"","_monsterinsights_skip_tracking":false,"_monsterinsights_sitenote_active":false,"_monsterinsights_sitenote_note":"","_monsterinsights_sitenote_category":0,"_uf_show_specific_survey":0,"_uf_disable_surveys":false,"footnotes":""},"categories":[2,10,14,1],"tags":[267,135,1077,390,858,393,411],"class_list":["post-23666","post","type-post","status-publish","format-standard","has-post-thumbnail","hentry","category-blog","category-destacados","category-noticias","category-sin-categoria","tag-lafuerzadetodos","tag-artilleria","tag-descrubrimiento","tag-ejercitodeluruguay","tag-homenaje","tag-pintura","tag-yosoyelejercito"],"aioseo_notices":[],"_links":{"self":[{"href":"https:\/\/www.ejercito.mil.uy\/index.php\/wp-json\/wp\/v2\/posts\/23666","targetHints":{"allow":["GET"]}}],"collection":[{"href":"https:\/\/www.ejercito.mil.uy\/index.php\/wp-json\/wp\/v2\/posts"}],"about":[{"href":"https:\/\/www.ejercito.mil.uy\/index.php\/wp-json\/wp\/v2\/types\/post"}],"author":[{"embeddable":true,"href":"https:\/\/www.ejercito.mil.uy\/index.php\/wp-json\/wp\/v2\/users\/15"}],"replies":[{"embeddable":true,"href":"https:\/\/www.ejercito.mil.uy\/index.php\/wp-json\/wp\/v2\/comments?post=23666"}],"version-history":[{"count":12,"href":"https:\/\/www.ejercito.mil.uy\/index.php\/wp-json\/wp\/v2\/posts\/23666\/revisions"}],"predecessor-version":[{"id":23706,"href":"https:\/\/www.ejercito.mil.uy\/index.php\/wp-json\/wp\/v2\/posts\/23666\/revisions\/23706"}],"wp:featuredmedia":[{"embeddable":true,"href":"https:\/\/www.ejercito.mil.uy\/index.php\/wp-json\/wp\/v2\/media\/23671"}],"wp:attachment":[{"href":"https:\/\/www.ejercito.mil.uy\/index.php\/wp-json\/wp\/v2\/media?parent=23666"}],"wp:term":[{"taxonomy":"category","embeddable":true,"href":"https:\/\/www.ejercito.mil.uy\/index.php\/wp-json\/wp\/v2\/categories?post=23666"},{"taxonomy":"post_tag","embeddable":true,"href":"https:\/\/www.ejercito.mil.uy\/index.php\/wp-json\/wp\/v2\/tags?post=23666"}],"curies":[{"name":"wp","href":"https:\/\/api.w.org\/{rel}","templated":true}]}}