{"id":23735,"date":"2023-07-24T14:27:04","date_gmt":"2023-07-24T17:27:04","guid":{"rendered":"https:\/\/www.ejercito.mil.uy\/?p=23735"},"modified":"2023-07-24T14:27:04","modified_gmt":"2023-07-24T17:27:04","slug":"recuperacion-de-los-techos-de-las-viviendas-damnificadas","status":"publish","type":"post","link":"https:\/\/www.ejercito.mil.uy\/index.php\/2023\/07\/24\/recuperacion-de-los-techos-de-las-viviendas-damnificadas\/","title":{"rendered":"Recuperaci\u00f3n de los techos de las viviendas damnificadas"},"content":{"rendered":"\n<p class=\"has-small-font-size\">23.07.2023 &#8211; Cerro Largo<\/p>\n\n\n\n<div style=\"height:33px\" aria-hidden=\"true\" class=\"wp-block-spacer\"><\/div>\n\n\n\n<p><strong>Efectivos del <strong><a rel=\"noreferrer noopener\" href=\"https:\/\/www.facebook.com\/Reg.c.mec7?__cft__[0]=AZV7_dQU0vfr8MMinKg5lrvCFPGYRdxzvBsYu4U0Ui-t7-1b8iF2RNPK-j4Tnxl6qlDZ42EC6vJGx9TAVdot0ntBU2DBuvWWXOli9qSCiRC-_-Z6OhZKpoFtf_V4Iwd4T7lhT5huosbksFVXWtS2IIVX4mC5HooWM4xw-TEMFINx07JDej9zaVV4p_czlY792qs&amp;__tn__=-]K-R\" target=\"_blank\">Regimiento \u201cGral. Aparicio Saravia\u201d de Caballer\u00eda Mecanizado N\u00b0 7<\/a><\/strong> y el Regimiento \u00abPatria\u201d de Caballer\u00eda Blindado N\u00b0 8 (RegCBldo8) activaron sus Secciones de Apoyo a Emergencias ante las fuertes tormentas del mi\u00e9rcoles 12 de julio.<\/strong><\/p>\n\n\n\n<div style=\"height:33px\" aria-hidden=\"true\" class=\"wp-block-spacer\"><\/div>\n\n\n\n<div aria-label=\"Offset Gallery\" class=\"wp-block-coblocks-gallery-offset\"><ul class=\"coblocks-gallery has-no-alignment has-caption-style-dark has-medium-images has-large-gutter\"><li class=\"coblocks-gallery--item\"><figure class=\"wp-block-coblocks-gallery-offset__figure\"><img fetchpriority=\"high\" decoding=\"async\" width=\"1024\" height=\"683\" src=\"https:\/\/www.ejercito.mil.uy\/wp-content\/uploads\/2023\/07\/362958889_683721407118995_4429390671302354498_n-1024x683.jpg\" alt=\"\" data-id=\"23739\" data-imglink=\"\" data-link=\"https:\/\/www.ejercito.mil.uy\/?attachment_id=23739\" class=\"wp-image-23739\" srcset=\"https:\/\/www.ejercito.mil.uy\/wp-content\/uploads\/2023\/07\/362958889_683721407118995_4429390671302354498_n-1024x683.jpg 1024w, https:\/\/www.ejercito.mil.uy\/wp-content\/uploads\/2023\/07\/362958889_683721407118995_4429390671302354498_n-300x200.jpg 300w, https:\/\/www.ejercito.mil.uy\/wp-content\/uploads\/2023\/07\/362958889_683721407118995_4429390671302354498_n.jpg 1200w\" sizes=\"(max-width: 1024px) 100vw, 1024px\" \/><\/figure><\/li><li class=\"coblocks-gallery--item\"><figure class=\"wp-block-coblocks-gallery-offset__figure\"><img decoding=\"async\" width=\"960\" height=\"640\" src=\"https:\/\/www.ejercito.mil.uy\/wp-content\/uploads\/2023\/07\/362967469_683721443785658_5344193778357891767_n.jpg\" alt=\"\" data-id=\"23740\" data-imglink=\"\" data-link=\"https:\/\/www.ejercito.mil.uy\/?attachment_id=23740\" class=\"wp-image-23740\" srcset=\"https:\/\/www.ejercito.mil.uy\/wp-content\/uploads\/2023\/07\/362967469_683721443785658_5344193778357891767_n.jpg 960w, https:\/\/www.ejercito.mil.uy\/wp-content\/uploads\/2023\/07\/362967469_683721443785658_5344193778357891767_n-300x200.jpg 300w\" sizes=\"(max-width: 960px) 100vw, 960px\" \/><\/figure><\/li><\/ul><\/div>\n\n\n\n<div style=\"height:33px\" aria-hidden=\"true\" class=\"wp-block-spacer\"><\/div>\n\n\n\n<p>M\u00e1s de 60 efectivos trabajaron para auxiliar a los afectados en R\u00edo Branco y Melo, respectivamente. Removieron \u00e1rboles ca\u00eddos sobre viviendas y aquellos que obstru\u00edan la circulaci\u00f3n del tr\u00e1nsito, adem\u00e1s de trabajar en da\u00f1os ocasionados en centros educativos.<\/p>\n\n\n\n<div style=\"height:33px\" aria-hidden=\"true\" class=\"wp-block-spacer\"><\/div>\n\n\n\n<div aria-label=\"Carousel Gallery\" class=\"wp-block-coblocks-gallery-carousel alignfull\"><div class=\"coblocks-gallery-carousel-swiper-container is-cropped coblocks-gallery has-caption-style-dark has-horizontal-gutter has-no-thumbnails\"><div class=\"has-carousel has-carousel-xlrg swiper-container\" data-swiper=\"{&quot;alignCells&quot;:false,&quot;autoPlay&quot;:false,&quot;autoPlaySpeed&quot;:3000,&quot;draggable&quot;:true,&quot;freeMode&quot;:false,&quot;loop&quot;:true,&quot;navigation&quot;:true,&quot;pageDots&quot;:false,&quot;pauseHover&quot;:false,&quot;responsiveHeight&quot;:false,&quot;slidesPerView&quot;:1,&quot;thumbnails&quot;:false,&quot;uuid&quot;:&quot;12345&quot;}\" style=\"height:555px\"><div class=\"swiper-wrapper\"><div class=\"swiper-slide\"><div class=\"coblocks-gallery--item\" role=\"button\" tabindex=\"0\"><figure class=\"coblocks-gallery--figure has-margin-left-5 has-margin-left-mobile-5 has-margin-right-5 has-margin-right-mobile-5\"><img decoding=\"async\" width=\"1024\" height=\"683\" alt=\"\" class=\"wp-image-23736\" data-id=\"23736\" data-link=\"https:\/\/www.ejercito.mil.uy\/?attachment_id=23736\" src=\"https:\/\/www.ejercito.mil.uy\/wp-content\/uploads\/2023\/07\/360109695_682621230562346_3902894463616725548_n-1024x683.jpg\" srcset=\"https:\/\/www.ejercito.mil.uy\/wp-content\/uploads\/2023\/07\/360109695_682621230562346_3902894463616725548_n-1024x683.jpg 1024w, https:\/\/www.ejercito.mil.uy\/wp-content\/uploads\/2023\/07\/360109695_682621230562346_3902894463616725548_n-300x200.jpg 300w, https:\/\/www.ejercito.mil.uy\/wp-content\/uploads\/2023\/07\/360109695_682621230562346_3902894463616725548_n.jpg 1200w\" sizes=\"(max-width: 1024px) 100vw, 1024px\" \/><\/figure><figcaption class=\"coblocks-gallery--caption coblocks-gallery--primary-caption\"><\/figcaption><\/div><\/div><div class=\"swiper-slide\"><div class=\"coblocks-gallery--item\" role=\"button\" tabindex=\"1\"><figure class=\"coblocks-gallery--figure has-margin-left-5 has-margin-left-mobile-5 has-margin-right-5 has-margin-right-mobile-5\"><img loading=\"lazy\" decoding=\"async\" width=\"1024\" height=\"683\" alt=\"\" class=\"wp-image-23737\" data-id=\"23737\" data-link=\"https:\/\/www.ejercito.mil.uy\/?attachment_id=23737\" src=\"https:\/\/www.ejercito.mil.uy\/wp-content\/uploads\/2023\/07\/362234716_682621137229022_1869163234464561726_n-1024x683.jpg\" srcset=\"https:\/\/www.ejercito.mil.uy\/wp-content\/uploads\/2023\/07\/362234716_682621137229022_1869163234464561726_n-1024x683.jpg 1024w, https:\/\/www.ejercito.mil.uy\/wp-content\/uploads\/2023\/07\/362234716_682621137229022_1869163234464561726_n-300x200.jpg 300w, https:\/\/www.ejercito.mil.uy\/wp-content\/uploads\/2023\/07\/362234716_682621137229022_1869163234464561726_n.jpg 1200w\" sizes=\"(max-width: 1024px) 100vw, 1024px\" \/><\/figure><figcaption class=\"coblocks-gallery--caption coblocks-gallery--primary-caption\"><\/figcaption><\/div><\/div><div class=\"swiper-slide\"><div class=\"coblocks-gallery--item\" role=\"button\" tabindex=\"2\"><figure class=\"coblocks-gallery--figure has-margin-left-5 has-margin-left-mobile-5 has-margin-right-5 has-margin-right-mobile-5\"><img loading=\"lazy\" decoding=\"async\" width=\"1024\" height=\"683\" alt=\"\" class=\"wp-image-23738\" data-id=\"23738\" data-link=\"https:\/\/www.ejercito.mil.uy\/?attachment_id=23738\" src=\"https:\/\/www.ejercito.mil.uy\/wp-content\/uploads\/2023\/07\/362264739_682621220562347_2151994794836759051_n-1024x683.jpg\" srcset=\"https:\/\/www.ejercito.mil.uy\/wp-content\/uploads\/2023\/07\/362264739_682621220562347_2151994794836759051_n-1024x683.jpg 1024w, https:\/\/www.ejercito.mil.uy\/wp-content\/uploads\/2023\/07\/362264739_682621220562347_2151994794836759051_n-300x200.jpg 300w, https:\/\/www.ejercito.mil.uy\/wp-content\/uploads\/2023\/07\/362264739_682621220562347_2151994794836759051_n.jpg 1200w\" sizes=\"(max-width: 1024px) 100vw, 1024px\" \/><\/figure><figcaption class=\"coblocks-gallery--caption coblocks-gallery--primary-caption\"><\/figcaption><\/div><\/div><div class=\"swiper-slide\"><div class=\"coblocks-gallery--item\" role=\"button\" tabindex=\"3\"><figure class=\"coblocks-gallery--figure has-margin-left-5 has-margin-left-mobile-5 has-margin-right-5 has-margin-right-mobile-5\"><img loading=\"lazy\" decoding=\"async\" width=\"1024\" height=\"683\" alt=\"\" class=\"wp-image-23741\" data-id=\"23741\" data-link=\"https:\/\/www.ejercito.mil.uy\/?attachment_id=23741\" src=\"https:\/\/www.ejercito.mil.uy\/wp-content\/uploads\/2023\/07\/Reparaciones-6-1024x683.jpg\" srcset=\"https:\/\/www.ejercito.mil.uy\/wp-content\/uploads\/2023\/07\/Reparaciones-6-1024x683.jpg 1024w, https:\/\/www.ejercito.mil.uy\/wp-content\/uploads\/2023\/07\/Reparaciones-6-300x200.jpg 300w, https:\/\/www.ejercito.mil.uy\/wp-content\/uploads\/2023\/07\/Reparaciones-6.jpg 1200w\" sizes=\"(max-width: 1024px) 100vw, 1024px\" \/><\/figure><figcaption class=\"coblocks-gallery--caption coblocks-gallery--primary-caption\"><\/figcaption><\/div><\/div><\/div><button class=\"nav-button__prev\" id=\"12345-prev\"><svg class=\"icon\" style=\"transform:rotate(180deg)\"><\/svg><\/button><button class=\"nav-button__next\" id=\"12345-next\"><svg class=\"icon\"><\/svg><\/button><\/div><\/div><\/div>\n\n\n\n<div style=\"height:33px\" aria-hidden=\"true\" class=\"wp-block-spacer\"><\/div>\n\n\n\n<p><strong>Actualmente, alba\u00f1iles del RegCBldo8 contin\u00faan con la recuperaci\u00f3n de los techos de viviendas damnificadas en los barrios: Falc\u00f3n, Murgu\u00eda y La Salud. Se prev\u00e9 que el personal siga trabajando la pr\u00f3xima semana.<\/strong><\/p>\n\n\n\n<div style=\"height:33px\" aria-hidden=\"true\" class=\"wp-block-spacer\"><\/div>\n\n\n\n<p>Ver nota a partir del minuto 01:13 en la edici\u00f3n #20 del informativo: <a href=\"https:\/\/www.youtube.com\/watch?v=in0AY4t3Wgo&amp;ab_channel=Ej%C3%A9rcitodelUruguay\" target=\"_blank\" rel=\"noreferrer noopener\">VIDEO <\/a><\/p>\n\n\n\n<div style=\"height:99px\" aria-hidden=\"true\" class=\"wp-block-spacer\"><\/div>\n","protected":false},"excerpt":{"rendered":"<p>23.07.2023 &#8211; Los alba\u00f1iles del Regimiento de Caballer\u00eda Blindado N\u00b0 8 contin\u00faan con la recuperaci\u00f3n de los techos de las viviendas damnificadas por la tormenta del pasado mi\u00e9rcoles 12 de julio.<\/p>\n","protected":false},"author":4,"featured_media":23736,"comment_status":"open","ping_status":"open","sticky":false,"template":"","format":"standard","meta":{"_coblocks_attr":"","_coblocks_dimensions":"","_coblocks_responsive_height":"","_coblocks_accordion_ie_support":"","_monsterinsights_skip_tracking":false,"_monsterinsights_sitenote_active":false,"_monsterinsights_sitenote_note":"","_monsterinsights_sitenote_category":0,"_uf_show_specific_survey":0,"_uf_disable_surveys":false,"footnotes":""},"categories":[2,14,1],"tags":[27,32,624,696,1063],"class_list":["post-23735","post","type-post","status-publish","format-standard","has-post-thumbnail","hentry","category-blog","category-noticias","category-sin-categoria","tag-apoyo","tag-bienestar","tag-caballeria-2","tag-emergencia","tag-temporal"],"aioseo_notices":[],"_links":{"self":[{"href":"https:\/\/www.ejercito.mil.uy\/index.php\/wp-json\/wp\/v2\/posts\/23735","targetHints":{"allow":["GET"]}}],"collection":[{"href":"https:\/\/www.ejercito.mil.uy\/index.php\/wp-json\/wp\/v2\/posts"}],"about":[{"href":"https:\/\/www.ejercito.mil.uy\/index.php\/wp-json\/wp\/v2\/types\/post"}],"author":[{"embeddable":true,"href":"https:\/\/www.ejercito.mil.uy\/index.php\/wp-json\/wp\/v2\/users\/4"}],"replies":[{"embeddable":true,"href":"https:\/\/www.ejercito.mil.uy\/index.php\/wp-json\/wp\/v2\/comments?post=23735"}],"version-history":[{"count":1,"href":"https:\/\/www.ejercito.mil.uy\/index.php\/wp-json\/wp\/v2\/posts\/23735\/revisions"}],"predecessor-version":[{"id":23742,"href":"https:\/\/www.ejercito.mil.uy\/index.php\/wp-json\/wp\/v2\/posts\/23735\/revisions\/23742"}],"wp:featuredmedia":[{"embeddable":true,"href":"https:\/\/www.ejercito.mil.uy\/index.php\/wp-json\/wp\/v2\/media\/23736"}],"wp:attachment":[{"href":"https:\/\/www.ejercito.mil.uy\/index.php\/wp-json\/wp\/v2\/media?parent=23735"}],"wp:term":[{"taxonomy":"category","embeddable":true,"href":"https:\/\/www.ejercito.mil.uy\/index.php\/wp-json\/wp\/v2\/categories?post=23735"},{"taxonomy":"post_tag","embeddable":true,"href":"https:\/\/www.ejercito.mil.uy\/index.php\/wp-json\/wp\/v2\/tags?post=23735"}],"curies":[{"name":"wp","href":"https:\/\/api.w.org\/{rel}","templated":true}]}}