{"id":23794,"date":"2023-07-27T15:11:17","date_gmt":"2023-07-27T18:11:17","guid":{"rendered":"https:\/\/www.ejercito.mil.uy\/?p=23794"},"modified":"2023-07-27T15:56:03","modified_gmt":"2023-07-27T18:56:03","slug":"donacion-del-club-deportivo-militar-olimar-artigas","status":"publish","type":"post","link":"https:\/\/www.ejercito.mil.uy\/index.php\/2023\/07\/27\/donacion-del-club-deportivo-militar-olimar-artigas\/","title":{"rendered":"Donaci\u00f3n del Club Deportivo Militar Olimar Artigas"},"content":{"rendered":"\n<p class=\"has-small-font-size\">26.07.2023 &#8211; R\u00edo Branco, Cerro Largo   <\/p>\n\n\n\n<div style=\"height:33px\" aria-hidden=\"true\" class=\"wp-block-spacer\"><\/div>\n\n\n\n<p class=\"has-white-color has-text-color has-background\" style=\"background-color:#5f021f\">El lunes 27 de julio, el Regimiento \u00abGral. Aparicio Saravia\u00bb de Caballer\u00eda Mecanizado N\u00b0 7, recibi\u00f3 una donaci\u00f3n de indumentaria deportiva por parte del Club Deportivo Militar Olimar Artigas de la ciudad de R\u00edo Branco. <\/p>\n\n\n\n<div style=\"height:33px\" aria-hidden=\"true\" class=\"wp-block-spacer\"><\/div>\n\n\n\n<p>Efectivos de la Unidad, que a su vez, integran la Directiva y plantel del Club, realizaron la entrega de: una pelota de f\u00fatbol, 6 equipos de f\u00fatbol (remera y short) y 6 chalecos de entrenamiento.<\/p>\n\n\n\n<div style=\"height:33px\" aria-hidden=\"true\" class=\"wp-block-spacer\"><\/div>\n\n\n\n<p>Esta acci\u00f3n se enmarca dentro de la <strong>Campa\u00f1a \u00abUn gol por la Paz\u00bb<\/strong>, iniciada por el Batall\u00f3n \u00abUruguay IV\u00bb desplegado en la Rep\u00fablica Democr\u00e1tica del Congo. <\/p>\n\n\n\n<div style=\"height:33px\" aria-hidden=\"true\" class=\"wp-block-spacer\"><\/div>\n\n\n\n<div class=\"wp-block-columns is-layout-flex wp-container-core-columns-is-layout-28f84493 wp-block-columns-is-layout-flex\">\n<div class=\"wp-block-column is-layout-flow wp-block-column-is-layout-flow\">\n<div class=\"wp-block-coblocks-gallery-stacked\"><ul class=\"coblocks-gallery has-no-alignment has-fullwidth-images has-custom-gutter\" style=\"--coblocks-custom-gutter:0em\"><li class=\"coblocks-gallery--item\"><figure class=\"coblocks-gallery--figure\"><img fetchpriority=\"high\" decoding=\"async\" width=\"1024\" height=\"683\" alt=\"\" class=\"wp-image-23796 has-shadow-none\" data-id=\"23796\" data-imglink=\"\" data-link=\"https:\/\/www.ejercito.mil.uy\/?attachment_id=23796\" src=\"https:\/\/www.ejercito.mil.uy\/wp-content\/uploads\/2023\/07\/Donacion-del-Club-Deportivo-Militar-Olimar-Artigas-2-1024x683.jpg\" srcset=\"https:\/\/www.ejercito.mil.uy\/wp-content\/uploads\/2023\/07\/Donacion-del-Club-Deportivo-Militar-Olimar-Artigas-2-1024x683.jpg 1024w, https:\/\/www.ejercito.mil.uy\/wp-content\/uploads\/2023\/07\/Donacion-del-Club-Deportivo-Militar-Olimar-Artigas-2-300x200.jpg 300w, https:\/\/www.ejercito.mil.uy\/wp-content\/uploads\/2023\/07\/Donacion-del-Club-Deportivo-Militar-Olimar-Artigas-2.jpg 1200w\" sizes=\"(max-width: 1024px) 100vw, 1024px\" \/><\/figure><\/li><\/ul><\/div>\n<\/div>\n\n\n\n<div class=\"wp-block-column is-layout-flow wp-block-column-is-layout-flow\">\n<div class=\"wp-block-coblocks-gallery-stacked\"><ul class=\"coblocks-gallery has-no-alignment has-fullwidth-images has-custom-gutter\" style=\"--coblocks-custom-gutter:0em\"><li class=\"coblocks-gallery--item\"><figure class=\"coblocks-gallery--figure\"><img decoding=\"async\" width=\"1024\" height=\"683\" alt=\"\" class=\"wp-image-23797 has-shadow-none\" data-id=\"23797\" data-imglink=\"\" data-link=\"https:\/\/www.ejercito.mil.uy\/?attachment_id=23797\" src=\"https:\/\/www.ejercito.mil.uy\/wp-content\/uploads\/2023\/07\/Donacion-del-Club-Deportivo-Militar-Olimar-Artigas-3-1024x683.jpg\" srcset=\"https:\/\/www.ejercito.mil.uy\/wp-content\/uploads\/2023\/07\/Donacion-del-Club-Deportivo-Militar-Olimar-Artigas-3-1024x683.jpg 1024w, https:\/\/www.ejercito.mil.uy\/wp-content\/uploads\/2023\/07\/Donacion-del-Club-Deportivo-Militar-Olimar-Artigas-3-300x200.jpg 300w, https:\/\/www.ejercito.mil.uy\/wp-content\/uploads\/2023\/07\/Donacion-del-Club-Deportivo-Militar-Olimar-Artigas-3.jpg 1200w\" sizes=\"(max-width: 1024px) 100vw, 1024px\" \/><\/figure><\/li><\/ul><\/div>\n<\/div>\n<\/div>\n","protected":false},"excerpt":{"rendered":"<p>26.07.2023 &#8211; El lunes 27 de julio, el Regimiento \u00abGral. Aparicio Saravia\u00bb de Caballer\u00eda Mecanizado N\u00b0 7, recibi\u00f3 una donaci\u00f3n de indumentaria deportiva por parte del Club Deportivo Militar Olimar, para contribuir a la Campa\u00f1a \u00abUn gol por la Paz\u00bb impulsada por el Batall\u00f3n \u00abUruguay IV\u00bb. <\/p>\n","protected":false},"author":14,"featured_media":23795,"comment_status":"open","ping_status":"open","sticky":false,"template":"","format":"standard","meta":{"_coblocks_attr":"","_coblocks_dimensions":"","_coblocks_responsive_height":"","_coblocks_accordion_ie_support":"","_monsterinsights_skip_tracking":false,"_monsterinsights_sitenote_active":false,"_monsterinsights_sitenote_note":"","_monsterinsights_sitenote_category":0,"_uf_show_specific_survey":0,"_uf_disable_surveys":false,"footnotes":""},"categories":[2,14,1],"tags":[210,570,1078,1083,95,30,19,1084,67,1085],"class_list":["post-23794","post","type-post","status-publish","format-standard","has-post-thumbnail","hentry","category-blog","category-noticias","category-sin-categoria","tag-artigas","tag-campana","tag-club","tag-deportivo","tag-donacion","tag-misiones-operativas-de-paz","tag-mop","tag-olimar","tag-peacekeeper","tag-un-gol"],"aioseo_notices":[],"_links":{"self":[{"href":"https:\/\/www.ejercito.mil.uy\/index.php\/wp-json\/wp\/v2\/posts\/23794","targetHints":{"allow":["GET"]}}],"collection":[{"href":"https:\/\/www.ejercito.mil.uy\/index.php\/wp-json\/wp\/v2\/posts"}],"about":[{"href":"https:\/\/www.ejercito.mil.uy\/index.php\/wp-json\/wp\/v2\/types\/post"}],"author":[{"embeddable":true,"href":"https:\/\/www.ejercito.mil.uy\/index.php\/wp-json\/wp\/v2\/users\/14"}],"replies":[{"embeddable":true,"href":"https:\/\/www.ejercito.mil.uy\/index.php\/wp-json\/wp\/v2\/comments?post=23794"}],"version-history":[{"count":4,"href":"https:\/\/www.ejercito.mil.uy\/index.php\/wp-json\/wp\/v2\/posts\/23794\/revisions"}],"predecessor-version":[{"id":23827,"href":"https:\/\/www.ejercito.mil.uy\/index.php\/wp-json\/wp\/v2\/posts\/23794\/revisions\/23827"}],"wp:featuredmedia":[{"embeddable":true,"href":"https:\/\/www.ejercito.mil.uy\/index.php\/wp-json\/wp\/v2\/media\/23795"}],"wp:attachment":[{"href":"https:\/\/www.ejercito.mil.uy\/index.php\/wp-json\/wp\/v2\/media?parent=23794"}],"wp:term":[{"taxonomy":"category","embeddable":true,"href":"https:\/\/www.ejercito.mil.uy\/index.php\/wp-json\/wp\/v2\/categories?post=23794"},{"taxonomy":"post_tag","embeddable":true,"href":"https:\/\/www.ejercito.mil.uy\/index.php\/wp-json\/wp\/v2\/tags?post=23794"}],"curies":[{"name":"wp","href":"https:\/\/api.w.org\/{rel}","templated":true}]}}