{"id":23924,"date":"2023-07-30T11:52:00","date_gmt":"2023-07-30T14:52:00","guid":{"rendered":"https:\/\/www.ejercito.mil.uy\/?p=23924"},"modified":"2023-07-31T14:22:27","modified_gmt":"2023-07-31T17:22:27","slug":"xviii-competencia-de-tiro-de-arma-corta-copa-cnel-artigas-alvarez","status":"publish","type":"post","link":"https:\/\/www.ejercito.mil.uy\/index.php\/2023\/07\/30\/xviii-competencia-de-tiro-de-arma-corta-copa-cnel-artigas-alvarez\/","title":{"rendered":"XVIII Competencia de Tiro de Arma Corta Copa \u00abCnel. Artigas \u00c1lvarez\u00bb"},"content":{"rendered":"\n<p class=\"has-small-font-size\">30.07.2023<\/p>\n\n\n\n<div style=\"height:50px\" aria-hidden=\"true\" class=\"wp-block-spacer\"><\/div>\n\n\n\n<p class=\"has-white-color has-text-color has-background\" style=\"background-color:#ff0000\">El pasado 25 de julio, con la presencia del Comandante en Jefe del Ej\u00e9rcito, Gral. de Ej\u00e9rcito Mario Stevenazzi, se realiz\u00f3 la <strong>XVIII Competencia de Tiro de Arma Corta Copa \u00abCnel. Artigas \u00c1lvarez\u00bb<\/strong>, en el Grupo de Artiller\u00eda N\u00b0 5 (Grp.A.N\u00b0 5).<\/p>\n\n\n\n<div style=\"height:50px\" aria-hidden=\"true\" class=\"wp-block-spacer\"><\/div>\n\n\n\n<p>Esta competencia lleva su nombre en honor al extinto Coronel Artigas \u00c1lvarez, ca\u00eddo en acto del servicio en 1972.<\/p>\n\n\n\n<div style=\"height:50px\" aria-hidden=\"true\" class=\"wp-block-spacer\"><\/div>\n\n\n\n<p>Cont\u00f3 con 86 participantes (Oficiales en actividad y retiro) en <a><\/a>distintas categor\u00edas, obteniendo los siguientes resultados:<\/p>\n\n\n\n<div style=\"height:50px\" aria-hidden=\"true\" class=\"wp-block-spacer\"><\/div>\n\n\n\n<p>\ud835\udc08\ud835\udc27\ud835\udc1d\ud835\udc22\ud835\udc2f\ud835\udc22\ud835\udc1d\ud835\udc2e\ud835\udc1a\ud835\udc25 \ud835\udc06\ud835\udc1e\ud835\udc27\ud835\udc1e\ud835\udc2b\ud835\udc1a\ud835\udc25:<\/p>\n\n\n\n<p><img decoding=\"async\" height=\"16\" width=\"16\" src=\"https:\/\/static.xx.fbcdn.net\/images\/emoji.php\/v9\/t9e\/1\/16\/27a1.png\" alt=\"\u27a1\ufe0f\"> 1er puesto &#8211; Cap. Ignacio Hern\u00e1ndez del <a href=\"https:\/\/www.facebook.com\/profile.php?id=100064805856044&amp;__cft__[0]=AZUtOFkbIoAt_KVbYvMW8fpGC5zYR4vIuKZ5gEqO07bmmTK2bZ5lQVXF7ZTZbsbLOtQZSJ32gn6bMMHKFlZqgom9kwSuCGxo1NNKqiZvsvVIQYaBv81apHxe-WQxSs84LTBYRuINpWx0PUIxrw9DReC9dTp2RegYXNtTcl9q1ZWETTJ2GDPqBZIa9VCMGDC2dmM&amp;__tn__=-]K-R\" target=\"_blank\" rel=\"noreferrer noopener\">Grupo \u00abLas Piedras\u00bb de Artiller\u00eda 105mm No. 3<\/a> (Grp.A.N\u00b0 3)<\/p>\n\n\n\n<p><img decoding=\"async\" height=\"16\" width=\"16\" src=\"https:\/\/static.xx.fbcdn.net\/images\/emoji.php\/v9\/t9e\/1\/16\/27a1.png\" alt=\"\u27a1\ufe0f\"> 2do puesto &#8211; Tte. 2\u00b0 Pablo Ferreiro del Grp.A.N\u00b0 5<\/p>\n\n\n\n<p><img decoding=\"async\" height=\"16\" width=\"16\" src=\"https:\/\/static.xx.fbcdn.net\/images\/emoji.php\/v9\/t9e\/1\/16\/27a1.png\" alt=\"\u27a1\ufe0f\"> 3er puesto &#8211; May. Rub\u00e9n Castaldi del Instituto Militar de las Armas y Especialidades (IMAE)<\/p>\n\n\n\n<div style=\"height:50px\" aria-hidden=\"true\" class=\"wp-block-spacer\"><\/div>\n\n\n\n<p>\ud835\udc0f\ud835\udc28\ud835\udc2b \ud835\udc04\ud835\udc2a\ud835\udc2e\ud835\udc22\ud835\udc29\ud835\udc28:<\/p>\n\n\n\n<p><img decoding=\"async\" height=\"16\" width=\"16\" src=\"https:\/\/static.xx.fbcdn.net\/images\/emoji.php\/v9\/t9e\/1\/16\/27a1.png\" alt=\"\u27a1\ufe0f\"> 1er puesto &#8211; Grp.A.N\u00b0 3<\/p>\n\n\n\n<p><img decoding=\"async\" height=\"16\" width=\"16\" src=\"https:\/\/static.xx.fbcdn.net\/images\/emoji.php\/v9\/t9e\/1\/16\/27a1.png\" alt=\"\u27a1\ufe0f\"> 2do puesto &#8211; IMAE<\/p>\n\n\n\n<p><img decoding=\"async\" height=\"16\" width=\"16\" src=\"https:\/\/static.xx.fbcdn.net\/images\/emoji.php\/v9\/t9e\/1\/16\/27a1.png\" alt=\"\u27a1\ufe0f\"> 3er puesto &#8211; Grupo \u00abCruzada Libertadora de 1825\u00bb de Artiller\u00eda 105 mm N\u00b0 4<\/p>\n\n\n\n<div style=\"height:50px\" aria-hidden=\"true\" class=\"wp-block-spacer\"><\/div>\n\n\n\n<p>Adem\u00e1s, asistieron el Director Nacional de Sanidad de las FFAA, Gral. Hugo Rebollo; el Cte. de Artiller\u00eda de Ej\u00e9rcito, Cnel. Pablo Font e integrantes del Regimiento de Artiller\u00eda Simb\u00f3lico \u00abSanta B\u00e1rbara\u00bb, entre otros.<\/p>\n\n\n\n<div style=\"height:50px\" aria-hidden=\"true\" class=\"wp-block-spacer\"><\/div>\n\n\n\n<p>\u00a1Felicitaciones camaradas! <\/p>\n\n\n\n<div style=\"height:50px\" aria-hidden=\"true\" class=\"wp-block-spacer\"><\/div>\n\n\n\n<p><em>Ver nota a partir del minuto 00:24 en la edici\u00f3n 21 del informativo Ej\u00e9rcito del Uruguay &#8211; <a rel=\"noreferrer noopener\" href=\"https:\/\/l.facebook.com\/l.php?u=https%3A%2F%2Fyoutu.be%2F36yQJ9ghMIo%3Ffbclid%3DIwAR3nj7Rr6rKw-7fjIH6pzai1dzb7Pkch2a29fdXSuUrBK6kGNxj_lUvzKFk&amp;h=AT33as1E7yXRRkWwhVh8tAU7E2n_qj8ug3bpUH9O886yD8BOde4EVIMmuocpRsRBOH1Hd5oQSJV4rgbPbURO1t9Y9CQughbEJT6nfaVamSkimfDHMz30Jbfo4no3vicULLvY&amp;__tn__=-UK-R&amp;c[0]=AT09ljQJH7Zqts6Pn0tjkkD1qo-zBq7isGES-luxly3LnoO7ng-ZXdJaC6_DhaL0H2YBYOWkvo9z2byVKYaM3O5BYz_SCiM6PdwLvTZMpZNjn047upEZdgSwVo78_gL0cO9rSC8mBrsM1zrGED3Ytmg4ZC7U8JYkkPe3s9XyIw0WsQeAutaxkq089bjAw_MjEVL44TBRWiL-\" target=\"_blank\">https:\/\/youtu.be\/36yQJ9ghMIo<\/a><\/em><\/p>\n\n\n\n<div style=\"height:50px\" aria-hidden=\"true\" class=\"wp-block-spacer\"><\/div>\n\n\n\n<div aria-label=\"Carousel Gallery\" class=\"wp-block-coblocks-gallery-carousel alignfull\"><div class=\"coblocks-gallery-carousel-swiper-container is-cropped coblocks-gallery has-caption-style-dark has-horizontal-gutter has-no-thumbnails\"><div class=\"has-carousel has-carousel-xlrg swiper-container\" data-swiper=\"{&quot;alignCells&quot;:false,&quot;autoPlay&quot;:true,&quot;autoPlaySpeed&quot;:3000,&quot;draggable&quot;:false,&quot;freeMode&quot;:false,&quot;loop&quot;:false,&quot;navigation&quot;:true,&quot;pageDots&quot;:false,&quot;pauseHover&quot;:false,&quot;responsiveHeight&quot;:false,&quot;slidesPerView&quot;:1,&quot;thumbnails&quot;:false,&quot;uuid&quot;:&quot;12345&quot;}\" style=\"height:550px\"><div class=\"swiper-wrapper\"><div class=\"swiper-slide\"><div class=\"coblocks-gallery--item\" role=\"button\" tabindex=\"0\"><figure class=\"coblocks-gallery--figure has-margin-left-5 has-margin-left-mobile-5 has-margin-right-5 has-margin-right-mobile-5\"><img fetchpriority=\"high\" decoding=\"async\" width=\"1024\" height=\"683\" alt=\"\" class=\"wp-image-23925\" data-id=\"23925\" data-link=\"https:\/\/www.ejercito.mil.uy\/?attachment_id=23925\" src=\"https:\/\/www.ejercito.mil.uy\/wp-content\/uploads\/2023\/07\/2023-07-25-Competencia-Cnel.-Artigas-Alvarez-Grupo-de-Artilleria-No-5-1-1024x683.jpg\" srcset=\"https:\/\/www.ejercito.mil.uy\/wp-content\/uploads\/2023\/07\/2023-07-25-Competencia-Cnel.-Artigas-Alvarez-Grupo-de-Artilleria-No-5-1-1024x683.jpg 1024w, https:\/\/www.ejercito.mil.uy\/wp-content\/uploads\/2023\/07\/2023-07-25-Competencia-Cnel.-Artigas-Alvarez-Grupo-de-Artilleria-No-5-1-300x200.jpg 300w, https:\/\/www.ejercito.mil.uy\/wp-content\/uploads\/2023\/07\/2023-07-25-Competencia-Cnel.-Artigas-Alvarez-Grupo-de-Artilleria-No-5-1.jpg 1200w\" sizes=\"(max-width: 1024px) 100vw, 1024px\" \/><\/figure><figcaption class=\"coblocks-gallery--caption coblocks-gallery--primary-caption\"><\/figcaption><\/div><\/div><div class=\"swiper-slide\"><div class=\"coblocks-gallery--item\" role=\"button\" tabindex=\"1\"><figure class=\"coblocks-gallery--figure has-margin-left-5 has-margin-left-mobile-5 has-margin-right-5 has-margin-right-mobile-5\"><img decoding=\"async\" width=\"1024\" height=\"683\" alt=\"\" class=\"wp-image-23926\" data-id=\"23926\" data-link=\"https:\/\/www.ejercito.mil.uy\/?attachment_id=23926\" src=\"https:\/\/www.ejercito.mil.uy\/wp-content\/uploads\/2023\/07\/2023-07-25-Competencia-Cnel.-Artigas-Alvarez-Grupo-de-Artilleria-No-5-2-1024x683.jpg\" srcset=\"https:\/\/www.ejercito.mil.uy\/wp-content\/uploads\/2023\/07\/2023-07-25-Competencia-Cnel.-Artigas-Alvarez-Grupo-de-Artilleria-No-5-2-1024x683.jpg 1024w, https:\/\/www.ejercito.mil.uy\/wp-content\/uploads\/2023\/07\/2023-07-25-Competencia-Cnel.-Artigas-Alvarez-Grupo-de-Artilleria-No-5-2-300x200.jpg 300w, https:\/\/www.ejercito.mil.uy\/wp-content\/uploads\/2023\/07\/2023-07-25-Competencia-Cnel.-Artigas-Alvarez-Grupo-de-Artilleria-No-5-2.jpg 1200w\" sizes=\"(max-width: 1024px) 100vw, 1024px\" \/><\/figure><figcaption class=\"coblocks-gallery--caption coblocks-gallery--primary-caption\"><\/figcaption><\/div><\/div><div class=\"swiper-slide\"><div class=\"coblocks-gallery--item\" role=\"button\" tabindex=\"2\"><figure class=\"coblocks-gallery--figure has-margin-left-5 has-margin-left-mobile-5 has-margin-right-5 has-margin-right-mobile-5\"><img loading=\"lazy\" decoding=\"async\" width=\"1024\" height=\"683\" alt=\"\" class=\"wp-image-23927\" data-id=\"23927\" data-link=\"https:\/\/www.ejercito.mil.uy\/?attachment_id=23927\" src=\"https:\/\/www.ejercito.mil.uy\/wp-content\/uploads\/2023\/07\/2023-07-25-Competencia-Cnel.-Artigas-Alvarez-Grupo-de-Artilleria-No-5-3-1024x683.jpg\" srcset=\"https:\/\/www.ejercito.mil.uy\/wp-content\/uploads\/2023\/07\/2023-07-25-Competencia-Cnel.-Artigas-Alvarez-Grupo-de-Artilleria-No-5-3-1024x683.jpg 1024w, https:\/\/www.ejercito.mil.uy\/wp-content\/uploads\/2023\/07\/2023-07-25-Competencia-Cnel.-Artigas-Alvarez-Grupo-de-Artilleria-No-5-3-300x200.jpg 300w, https:\/\/www.ejercito.mil.uy\/wp-content\/uploads\/2023\/07\/2023-07-25-Competencia-Cnel.-Artigas-Alvarez-Grupo-de-Artilleria-No-5-3.jpg 1200w\" sizes=\"(max-width: 1024px) 100vw, 1024px\" \/><\/figure><figcaption class=\"coblocks-gallery--caption coblocks-gallery--primary-caption\"><\/figcaption><\/div><\/div><div class=\"swiper-slide\"><div class=\"coblocks-gallery--item\" role=\"button\" tabindex=\"3\"><figure class=\"coblocks-gallery--figure has-margin-left-5 has-margin-left-mobile-5 has-margin-right-5 has-margin-right-mobile-5\"><img loading=\"lazy\" decoding=\"async\" width=\"1024\" height=\"683\" alt=\"\" class=\"wp-image-23928\" data-id=\"23928\" data-link=\"https:\/\/www.ejercito.mil.uy\/?attachment_id=23928\" src=\"https:\/\/www.ejercito.mil.uy\/wp-content\/uploads\/2023\/07\/2023-07-25-Competencia-Cnel.-Artigas-Alvarez-Grupo-de-Artilleria-No-5-4-1024x683.jpg\" srcset=\"https:\/\/www.ejercito.mil.uy\/wp-content\/uploads\/2023\/07\/2023-07-25-Competencia-Cnel.-Artigas-Alvarez-Grupo-de-Artilleria-No-5-4-1024x683.jpg 1024w, https:\/\/www.ejercito.mil.uy\/wp-content\/uploads\/2023\/07\/2023-07-25-Competencia-Cnel.-Artigas-Alvarez-Grupo-de-Artilleria-No-5-4-300x200.jpg 300w, https:\/\/www.ejercito.mil.uy\/wp-content\/uploads\/2023\/07\/2023-07-25-Competencia-Cnel.-Artigas-Alvarez-Grupo-de-Artilleria-No-5-4.jpg 1200w\" sizes=\"(max-width: 1024px) 100vw, 1024px\" \/><\/figure><figcaption class=\"coblocks-gallery--caption coblocks-gallery--primary-caption\"><\/figcaption><\/div><\/div><div class=\"swiper-slide\"><div class=\"coblocks-gallery--item\" role=\"button\" tabindex=\"4\"><figure class=\"coblocks-gallery--figure has-margin-left-5 has-margin-left-mobile-5 has-margin-right-5 has-margin-right-mobile-5\"><img loading=\"lazy\" decoding=\"async\" width=\"1024\" height=\"683\" alt=\"\" class=\"wp-image-23929\" data-id=\"23929\" data-link=\"https:\/\/www.ejercito.mil.uy\/?attachment_id=23929\" src=\"https:\/\/www.ejercito.mil.uy\/wp-content\/uploads\/2023\/07\/2023-07-25-Competencia-Cnel.-Artigas-Alvarez-Grupo-de-Artilleria-No-5-5-1024x683.jpg\" srcset=\"https:\/\/www.ejercito.mil.uy\/wp-content\/uploads\/2023\/07\/2023-07-25-Competencia-Cnel.-Artigas-Alvarez-Grupo-de-Artilleria-No-5-5-1024x683.jpg 1024w, https:\/\/www.ejercito.mil.uy\/wp-content\/uploads\/2023\/07\/2023-07-25-Competencia-Cnel.-Artigas-Alvarez-Grupo-de-Artilleria-No-5-5-300x200.jpg 300w, https:\/\/www.ejercito.mil.uy\/wp-content\/uploads\/2023\/07\/2023-07-25-Competencia-Cnel.-Artigas-Alvarez-Grupo-de-Artilleria-No-5-5.jpg 1200w\" sizes=\"(max-width: 1024px) 100vw, 1024px\" \/><\/figure><figcaption class=\"coblocks-gallery--caption coblocks-gallery--primary-caption\"><\/figcaption><\/div><\/div><div class=\"swiper-slide\"><div class=\"coblocks-gallery--item\" role=\"button\" tabindex=\"5\"><figure class=\"coblocks-gallery--figure has-margin-left-5 has-margin-left-mobile-5 has-margin-right-5 has-margin-right-mobile-5\"><img loading=\"lazy\" decoding=\"async\" width=\"1024\" height=\"683\" alt=\"\" class=\"wp-image-23930\" data-id=\"23930\" data-link=\"https:\/\/www.ejercito.mil.uy\/?attachment_id=23930\" src=\"https:\/\/www.ejercito.mil.uy\/wp-content\/uploads\/2023\/07\/2023-07-25-Competencia-Cnel.-Artigas-Alvarez-Grupo-de-Artilleria-No-5-6-1024x683.jpg\" srcset=\"https:\/\/www.ejercito.mil.uy\/wp-content\/uploads\/2023\/07\/2023-07-25-Competencia-Cnel.-Artigas-Alvarez-Grupo-de-Artilleria-No-5-6-1024x683.jpg 1024w, https:\/\/www.ejercito.mil.uy\/wp-content\/uploads\/2023\/07\/2023-07-25-Competencia-Cnel.-Artigas-Alvarez-Grupo-de-Artilleria-No-5-6-300x200.jpg 300w, https:\/\/www.ejercito.mil.uy\/wp-content\/uploads\/2023\/07\/2023-07-25-Competencia-Cnel.-Artigas-Alvarez-Grupo-de-Artilleria-No-5-6.jpg 1200w\" sizes=\"(max-width: 1024px) 100vw, 1024px\" \/><\/figure><figcaption class=\"coblocks-gallery--caption coblocks-gallery--primary-caption\"><\/figcaption><\/div><\/div><div class=\"swiper-slide\"><div class=\"coblocks-gallery--item\" role=\"button\" tabindex=\"6\"><figure class=\"coblocks-gallery--figure has-margin-left-5 has-margin-left-mobile-5 has-margin-right-5 has-margin-right-mobile-5\"><img loading=\"lazy\" decoding=\"async\" width=\"1024\" height=\"683\" alt=\"\" class=\"wp-image-23931\" data-id=\"23931\" data-link=\"https:\/\/www.ejercito.mil.uy\/?attachment_id=23931\" src=\"https:\/\/www.ejercito.mil.uy\/wp-content\/uploads\/2023\/07\/2023-07-25-Competencia-Cnel.-Artigas-Alvarez-Grupo-de-Artilleria-No-5-7-1024x683.jpg\" srcset=\"https:\/\/www.ejercito.mil.uy\/wp-content\/uploads\/2023\/07\/2023-07-25-Competencia-Cnel.-Artigas-Alvarez-Grupo-de-Artilleria-No-5-7-1024x683.jpg 1024w, https:\/\/www.ejercito.mil.uy\/wp-content\/uploads\/2023\/07\/2023-07-25-Competencia-Cnel.-Artigas-Alvarez-Grupo-de-Artilleria-No-5-7-300x200.jpg 300w, https:\/\/www.ejercito.mil.uy\/wp-content\/uploads\/2023\/07\/2023-07-25-Competencia-Cnel.-Artigas-Alvarez-Grupo-de-Artilleria-No-5-7.jpg 1200w\" sizes=\"(max-width: 1024px) 100vw, 1024px\" \/><\/figure><figcaption class=\"coblocks-gallery--caption coblocks-gallery--primary-caption\"><\/figcaption><\/div><\/div><div class=\"swiper-slide\"><div class=\"coblocks-gallery--item\" role=\"button\" tabindex=\"7\"><figure class=\"coblocks-gallery--figure has-margin-left-5 has-margin-left-mobile-5 has-margin-right-5 has-margin-right-mobile-5\"><img loading=\"lazy\" decoding=\"async\" width=\"1024\" height=\"683\" alt=\"\" class=\"wp-image-23932\" data-id=\"23932\" data-link=\"https:\/\/www.ejercito.mil.uy\/?attachment_id=23932\" src=\"https:\/\/www.ejercito.mil.uy\/wp-content\/uploads\/2023\/07\/2023-07-25-Competencia-Cnel.-Artigas-Alvarez-Grupo-de-Artilleria-No-5-8-1024x683.jpg\" srcset=\"https:\/\/www.ejercito.mil.uy\/wp-content\/uploads\/2023\/07\/2023-07-25-Competencia-Cnel.-Artigas-Alvarez-Grupo-de-Artilleria-No-5-8-1024x683.jpg 1024w, https:\/\/www.ejercito.mil.uy\/wp-content\/uploads\/2023\/07\/2023-07-25-Competencia-Cnel.-Artigas-Alvarez-Grupo-de-Artilleria-No-5-8-300x200.jpg 300w, https:\/\/www.ejercito.mil.uy\/wp-content\/uploads\/2023\/07\/2023-07-25-Competencia-Cnel.-Artigas-Alvarez-Grupo-de-Artilleria-No-5-8.jpg 1200w\" sizes=\"(max-width: 1024px) 100vw, 1024px\" \/><\/figure><figcaption class=\"coblocks-gallery--caption coblocks-gallery--primary-caption\"><\/figcaption><\/div><\/div><div class=\"swiper-slide\"><div class=\"coblocks-gallery--item\" role=\"button\" tabindex=\"8\"><figure class=\"coblocks-gallery--figure has-margin-left-5 has-margin-left-mobile-5 has-margin-right-5 has-margin-right-mobile-5\"><img loading=\"lazy\" decoding=\"async\" width=\"1024\" height=\"683\" alt=\"\" class=\"wp-image-23933\" data-id=\"23933\" data-link=\"https:\/\/www.ejercito.mil.uy\/?attachment_id=23933\" src=\"https:\/\/www.ejercito.mil.uy\/wp-content\/uploads\/2023\/07\/2023-07-25-Competencia-Cnel.-Artigas-Alvarez-Grupo-de-Artilleria-No-5-9-1024x683.jpg\" srcset=\"https:\/\/www.ejercito.mil.uy\/wp-content\/uploads\/2023\/07\/2023-07-25-Competencia-Cnel.-Artigas-Alvarez-Grupo-de-Artilleria-No-5-9-1024x683.jpg 1024w, https:\/\/www.ejercito.mil.uy\/wp-content\/uploads\/2023\/07\/2023-07-25-Competencia-Cnel.-Artigas-Alvarez-Grupo-de-Artilleria-No-5-9-300x200.jpg 300w, https:\/\/www.ejercito.mil.uy\/wp-content\/uploads\/2023\/07\/2023-07-25-Competencia-Cnel.-Artigas-Alvarez-Grupo-de-Artilleria-No-5-9.jpg 1200w\" sizes=\"(max-width: 1024px) 100vw, 1024px\" \/><\/figure><figcaption class=\"coblocks-gallery--caption coblocks-gallery--primary-caption\"><\/figcaption><\/div><\/div><div class=\"swiper-slide\"><div class=\"coblocks-gallery--item\" role=\"button\" tabindex=\"9\"><figure class=\"coblocks-gallery--figure has-margin-left-5 has-margin-left-mobile-5 has-margin-right-5 has-margin-right-mobile-5\"><img loading=\"lazy\" decoding=\"async\" width=\"1024\" height=\"683\" alt=\"\" class=\"wp-image-23934\" data-id=\"23934\" data-link=\"https:\/\/www.ejercito.mil.uy\/?attachment_id=23934\" src=\"https:\/\/www.ejercito.mil.uy\/wp-content\/uploads\/2023\/07\/2023-07-25-Competencia-Cnel.-Artigas-Alvarez-Grupo-de-Artilleria-No-5-10-1024x683.jpg\" srcset=\"https:\/\/www.ejercito.mil.uy\/wp-content\/uploads\/2023\/07\/2023-07-25-Competencia-Cnel.-Artigas-Alvarez-Grupo-de-Artilleria-No-5-10-1024x683.jpg 1024w, https:\/\/www.ejercito.mil.uy\/wp-content\/uploads\/2023\/07\/2023-07-25-Competencia-Cnel.-Artigas-Alvarez-Grupo-de-Artilleria-No-5-10-300x200.jpg 300w, https:\/\/www.ejercito.mil.uy\/wp-content\/uploads\/2023\/07\/2023-07-25-Competencia-Cnel.-Artigas-Alvarez-Grupo-de-Artilleria-No-5-10.jpg 1200w\" sizes=\"(max-width: 1024px) 100vw, 1024px\" \/><\/figure><figcaption class=\"coblocks-gallery--caption coblocks-gallery--primary-caption\"><\/figcaption><\/div><\/div><\/div><button class=\"nav-button__prev\" id=\"12345-prev\"><svg class=\"icon\" style=\"transform:rotate(180deg)\"><\/svg><\/button><button class=\"nav-button__next\" id=\"12345-next\"><svg class=\"icon\"><\/svg><\/button><\/div><\/div><\/div>\n\n\n\n<div style=\"height:50px\" aria-hidden=\"true\" class=\"wp-block-spacer\"><\/div>\n","protected":false},"excerpt":{"rendered":"<p>30.07.2023 &#8211; El pasado 25 de julio se realiz\u00f3 la XVIII Competencia de Tiro de Arma Corta Copa \u00abCnel. Artigas \u00c1lvarez\u00bb, en el Grupo de Artiller\u00eda N\u00b0 5.<\/p>\n","protected":false},"author":4,"featured_media":23927,"comment_status":"open","ping_status":"open","sticky":false,"template":"","format":"standard","meta":{"_coblocks_attr":"","_coblocks_dimensions":"","_coblocks_responsive_height":"","_coblocks_accordion_ie_support":"","_monsterinsights_skip_tracking":false,"_monsterinsights_sitenote_active":false,"_monsterinsights_sitenote_note":"","_monsterinsights_sitenote_category":0,"_uf_show_specific_survey":0,"_uf_disable_surveys":false,"footnotes":""},"categories":[2,14],"tags":[162,583,455,331,161],"class_list":["post-23924","post","type-post","status-publish","format-standard","has-post-thumbnail","hentry","category-blog","category-noticias","tag-competencia","tag-copa","tag-premios","tag-siemprelistos","tag-tiro"],"aioseo_notices":[],"_links":{"self":[{"href":"https:\/\/www.ejercito.mil.uy\/index.php\/wp-json\/wp\/v2\/posts\/23924","targetHints":{"allow":["GET"]}}],"collection":[{"href":"https:\/\/www.ejercito.mil.uy\/index.php\/wp-json\/wp\/v2\/posts"}],"about":[{"href":"https:\/\/www.ejercito.mil.uy\/index.php\/wp-json\/wp\/v2\/types\/post"}],"author":[{"embeddable":true,"href":"https:\/\/www.ejercito.mil.uy\/index.php\/wp-json\/wp\/v2\/users\/4"}],"replies":[{"embeddable":true,"href":"https:\/\/www.ejercito.mil.uy\/index.php\/wp-json\/wp\/v2\/comments?post=23924"}],"version-history":[{"count":4,"href":"https:\/\/www.ejercito.mil.uy\/index.php\/wp-json\/wp\/v2\/posts\/23924\/revisions"}],"predecessor-version":[{"id":23940,"href":"https:\/\/www.ejercito.mil.uy\/index.php\/wp-json\/wp\/v2\/posts\/23924\/revisions\/23940"}],"wp:featuredmedia":[{"embeddable":true,"href":"https:\/\/www.ejercito.mil.uy\/index.php\/wp-json\/wp\/v2\/media\/23927"}],"wp:attachment":[{"href":"https:\/\/www.ejercito.mil.uy\/index.php\/wp-json\/wp\/v2\/media?parent=23924"}],"wp:term":[{"taxonomy":"category","embeddable":true,"href":"https:\/\/www.ejercito.mil.uy\/index.php\/wp-json\/wp\/v2\/categories?post=23924"},{"taxonomy":"post_tag","embeddable":true,"href":"https:\/\/www.ejercito.mil.uy\/index.php\/wp-json\/wp\/v2\/tags?post=23924"}],"curies":[{"name":"wp","href":"https:\/\/api.w.org\/{rel}","templated":true}]}}